{"id":1176,"date":"2015-01-09T18:00:00","date_gmt":"2015-01-09T17:00:00","guid":{"rendered":"https:\/\/lavoiedessansvoix.fr\/lavoie\/2015\/01\/09\/archive-union-nationale-avec-ou-sans-le-front-national\/"},"modified":"2015-01-09T18:00:00","modified_gmt":"2015-01-09T17:00:00","slug":"archive-union-nationale-avec-ou-sans-le-front-national","status":"publish","type":"post","link":"https:\/\/lavoiedessansvoix.fr\/lavoie\/2015\/01\/09\/archive-union-nationale-avec-ou-sans-le-front-national\/","title":{"rendered":"UNION NATIONALE, AVEC OU SANS LE \u00ab FRONT NATIONAL \u00bb ?"},"content":{"rendered":"<p>UNION NATIONALE, AVEC OU SANS LE \u00ab FRONT NATIONAL \u00bb ?  Avez-vous vu \u00e7a, les appels \u00e0 \u00ab l\u2019Union Nationale \u00bb ? Mais sans le FN qu\u2019ils brocardent et boudent. L\u2019Union Nationale \u00bb, sans 25 % des Fran\u00e7ais. Alors certes Fran\u00e7ois Hollande a dit que tous les fran\u00e7ais pouvaient venir, il est hors sujet. Il veut bien que les \u00e9lecteurs FN viennent au rassemblement mais sans le FN. C\u2019est que ces harangueurs se sont pris \u00e0 leur propre pi\u00e8ge, car l\u2019Union Nationale et un pi\u00e8ge, nous y reviendrons. Ils appelaient \u00e0 l\u2019Union Nationale afin de souder les fran\u00e7ais derri\u00e8re l\u2019ignoble politique internationale du gouvernement, mais ils avaient oubli\u00e9 que les fran\u00e7ais c\u2019\u00e9tait aussi le FN. Or de deux choses l\u2019une, soit ils frappent celui-ci d\u2019ostracisme disqualifiant ainsi eux m\u00eame la politique d\u2019union \u00e0 laquelle ils appelaient, soit il lui d\u00e9cerne, en l\u2019acceptant dans le cercle, la l\u00e9gitimit\u00e9 r\u00e9publicaine qu\u2019ils lui avaient d\u00e9ni\u00e9 jusque-l\u00e0.  A notre sens Madame Le Pen aurait tort de trop se crisper sur ce sujet. Le FN est oppos\u00e9 \u00e0 la politique internationale de la France telle qu\u2019elle se pratique depuis Sarkozy et sous Hollande. Qu\u2019irait-elle donc faire dans cette gal\u00e8re de l\u2019Union Nationale qui est un pi\u00e8ge, comme nous l\u2019avons dit, afin d\u2019entrainer la France et les fran\u00e7ais \u00e0 approuver pr\u00e9cis\u00e9ment la politique internationale que le FN r\u00e9prouve.  Vendredi 9 janvier 2015.<\/p>\n","protected":false},"excerpt":{"rendered":"<p>UNION NATIONALE, AVEC OU SANS LE \u00ab FRONT NATIONAL \u00bb ? Avez-vous vu \u00e7a, les appels \u00e0 \u00ab l\u2019Union Nationale [&hellip;]<\/p>\n","protected":false},"author":1,"featured_media":0,"comment_status":"open","ping_status":"open","sticky":false,"template":"","format":"standard","meta":{"sfsi_plus_gutenberg_text_before_share":"","sfsi_plus_gutenberg_show_text_before_share":"","sfsi_plus_gutenberg_icon_type":"","sfsi_plus_gutenberg_icon_alignemt":"","sfsi_plus_gutenburg_max_per_row":"","site-sidebar-layout":"default","site-content-layout":"","ast-site-content-layout":"default","site-content-style":"default","site-sidebar-style":"default","ast-global-header-display":"","ast-banner-title-visibility":"","ast-main-header-display":"","ast-hfb-above-header-display":"","ast-hfb-below-header-display":"","ast-hfb-mobile-header-display":"","site-post-title":"","ast-breadcrumbs-content":"","ast-featured-img":"","footer-sml-layout":"","ast-disable-related-posts":"","theme-transparent-header-meta":"","adv-header-id-meta":"","stick-header-meta":"","header-above-stick-meta":"","header-main-stick-meta":"","header-below-stick-meta":"","astra-migrate-meta-layouts":"default","ast-page-background-enabled":"default","ast-page-background-meta":{"desktop":{"background-color":"var(--ast-global-color-4)","background-image":"","background-repeat":"repeat","background-position":"center center","background-size":"auto","background-attachment":"scroll","background-type":"","background-media":"","overlay-type":"","overlay-color":"","overlay-opacity":"","overlay-gradient":""},"tablet":{"background-color":"","background-image":"","background-repeat":"repeat","background-position":"center center","background-size":"auto","background-attachment":"scroll","background-type":"","background-media":"","overlay-type":"","overlay-color":"","overlay-opacity":"","overlay-gradient":""},"mobile":{"background-color":"","background-image":"","background-repeat":"repeat","background-position":"center center","background-size":"auto","background-attachment":"scroll","background-type":"","background-media":"","overlay-type":"","overlay-color":"","overlay-opacity":"","overlay-gradient":""}},"ast-content-background-meta":{"desktop":{"background-color":"var(--ast-global-color-5)","background-image":"","background-repeat":"repeat","background-position":"center center","background-size":"auto","background-attachment":"scroll","background-type":"","background-media":"","overlay-type":"","overlay-color":"","overlay-opacity":"","overlay-gradient":""},"tablet":{"background-color":"var(--ast-global-color-5)","background-image":"","background-repeat":"repeat","background-position":"center center","background-size":"auto","background-attachment":"scroll","background-type":"","background-media":"","overlay-type":"","overlay-color":"","overlay-opacity":"","overlay-gradient":""},"mobile":{"background-color":"var(--ast-global-color-5)","background-image":"","background-repeat":"repeat","background-position":"center center","background-size":"auto","background-attachment":"scroll","background-type":"","background-media":"","overlay-type":"","overlay-color":"","overlay-opacity":"","overlay-gradient":""}},"footnotes":""},"categories":[16],"tags":[],"class_list":["post-1176","post","type-post","status-publish","format-standard","hentry","category-archives-cms"],"_links":{"self":[{"href":"https:\/\/lavoiedessansvoix.fr\/lavoie\/wp-json\/wp\/v2\/posts\/1176","targetHints":{"allow":["GET"]}}],"collection":[{"href":"https:\/\/lavoiedessansvoix.fr\/lavoie\/wp-json\/wp\/v2\/posts"}],"about":[{"href":"https:\/\/lavoiedessansvoix.fr\/lavoie\/wp-json\/wp\/v2\/types\/post"}],"author":[{"embeddable":true,"href":"https:\/\/lavoiedessansvoix.fr\/lavoie\/wp-json\/wp\/v2\/users\/1"}],"replies":[{"embeddable":true,"href":"https:\/\/lavoiedessansvoix.fr\/lavoie\/wp-json\/wp\/v2\/comments?post=1176"}],"version-history":[{"count":0,"href":"https:\/\/lavoiedessansvoix.fr\/lavoie\/wp-json\/wp\/v2\/posts\/1176\/revisions"}],"wp:attachment":[{"href":"https:\/\/lavoiedessansvoix.fr\/lavoie\/wp-json\/wp\/v2\/media?parent=1176"}],"wp:term":[{"taxonomy":"category","embeddable":true,"href":"https:\/\/lavoiedessansvoix.fr\/lavoie\/wp-json\/wp\/v2\/categories?post=1176"},{"taxonomy":"post_tag","embeddable":true,"href":"https:\/\/lavoiedessansvoix.fr\/lavoie\/wp-json\/wp\/v2\/tags?post=1176"}],"curies":[{"name":"wp","href":"https:\/\/api.w.org\/{rel}","templated":true}]}}