{"id":1175,"date":"2015-01-10T03:05:00","date_gmt":"2015-01-10T02:05:00","guid":{"rendered":"https:\/\/lavoiedessansvoix.fr\/lavoie\/2015\/01\/10\/archive-une-vaste-operation-de-recuperation-politique\/"},"modified":"2015-01-10T03:05:00","modified_gmt":"2015-01-10T02:05:00","slug":"archive-une-vaste-operation-de-recuperation-politique","status":"publish","type":"post","link":"https:\/\/lavoiedessansvoix.fr\/lavoie\/2015\/01\/10\/archive-une-vaste-operation-de-recuperation-politique\/","title":{"rendered":"UNE VASTE OP\u00c9RATION DE RECUPERATION POLITIQUE"},"content":{"rendered":"<p>UNE VASTE OP\u00c9RATION DE RECUPERATION POLITIQUE   Dans sa derni\u00e8re allocution hier, Fran\u00e7ois Hollande qui en a fait de multiples ces jours-ci, a appel\u00e9 les fran\u00e7ais \u00e0 manifester dimanche et inform\u00e9 qu\u2019il prendrait part lui-m\u00eame \u00e0 ce rassemblement.  Voyez un peu l\u2019aubaine que l\u2019actualit\u00e9 offre sur un plateau \u00e0 monsieur 13 %. Prendre la direction d\u2019un rassemblement gigantesque, apparaitre comme \u00ab le chef \u00bb, le meneur, le rassembleur. Souder la France derri\u00e8re lui et sa politique internationale.  Or, la politique internationale de la France, sous la conduite de Fran\u00e7ois Hollande, enti\u00e8rement inf\u00e9od\u00e9e \u00e0 la politique am\u00e9ricaine, est une politique agressive tous azimuts et porte une large part de responsabilit\u00e9 dans l\u2019accroissement de la menace terroriste qui vise notre pays.  Manifester dimanche derri\u00e8re le Pr\u00e9sident de la r\u00e9publique, et probablement plusieurs autres chefs d\u2019\u00c9tats responsables \u00e0 divers titres et degr\u00e9s du p\u00e9ril o\u00f9 s\u2019enfonce le monde actuel, c\u2019est apporter sa caution \u00e0 cette politique belliciste de l\u2019Occident et se disposer \u00e0 franchir un nouveau seuil dans l\u2019accroissement des tensions internationales.  Les Fran\u00e7ais veulent serrer les coudes pour conjurer la menace. Ce r\u00e9flexe-l\u00e0 est compr\u00e9hensible et louable. Mais serrer les coudes autour de ceux, pr\u00e9cis\u00e9ment, qui sont responsables de la mont\u00e9e des p\u00e9rils, serait contre-productif, aurait l\u2019effet totalement inverse en exposant la France et les Fran\u00e7ais \u00e0 des dangers et menaces encore bien plus grands.  C\u2019est la raison pour laquelle je ne prendrai pas part dimanche aux manifestations de \u00ab l\u2019Union Nationale \u00bb  Samedi 9 janvier 2015.<\/p>\n","protected":false},"excerpt":{"rendered":"<p>UNE VASTE OP\u00c9RATION DE RECUPERATION POLITIQUE Dans sa derni\u00e8re allocution hier, Fran\u00e7ois Hollande qui en a fait de multiples ces [&hellip;]<\/p>\n","protected":false},"author":1,"featured_media":0,"comment_status":"open","ping_status":"open","sticky":false,"template":"","format":"standard","meta":{"sfsi_plus_gutenberg_text_before_share":"","sfsi_plus_gutenberg_show_text_before_share":"","sfsi_plus_gutenberg_icon_type":"","sfsi_plus_gutenberg_icon_alignemt":"","sfsi_plus_gutenburg_max_per_row":"","site-sidebar-layout":"default","site-content-layout":"","ast-site-content-layout":"default","site-content-style":"default","site-sidebar-style":"default","ast-global-header-display":"","ast-banner-title-visibility":"","ast-main-header-display":"","ast-hfb-above-header-display":"","ast-hfb-below-header-display":"","ast-hfb-mobile-header-display":"","site-post-title":"","ast-breadcrumbs-content":"","ast-featured-img":"","footer-sml-layout":"","ast-disable-related-posts":"","theme-transparent-header-meta":"","adv-header-id-meta":"","stick-header-meta":"","header-above-stick-meta":"","header-main-stick-meta":"","header-below-stick-meta":"","astra-migrate-meta-layouts":"default","ast-page-background-enabled":"default","ast-page-background-meta":{"desktop":{"background-color":"var(--ast-global-color-4)","background-image":"","background-repeat":"repeat","background-position":"center center","background-size":"auto","background-attachment":"scroll","background-type":"","background-media":"","overlay-type":"","overlay-color":"","overlay-opacity":"","overlay-gradient":""},"tablet":{"background-color":"","background-image":"","background-repeat":"repeat","background-position":"center center","background-size":"auto","background-attachment":"scroll","background-type":"","background-media":"","overlay-type":"","overlay-color":"","overlay-opacity":"","overlay-gradient":""},"mobile":{"background-color":"","background-image":"","background-repeat":"repeat","background-position":"center center","background-size":"auto","background-attachment":"scroll","background-type":"","background-media":"","overlay-type":"","overlay-color":"","overlay-opacity":"","overlay-gradient":""}},"ast-content-background-meta":{"desktop":{"background-color":"var(--ast-global-color-5)","background-image":"","background-repeat":"repeat","background-position":"center center","background-size":"auto","background-attachment":"scroll","background-type":"","background-media":"","overlay-type":"","overlay-color":"","overlay-opacity":"","overlay-gradient":""},"tablet":{"background-color":"var(--ast-global-color-5)","background-image":"","background-repeat":"repeat","background-position":"center center","background-size":"auto","background-attachment":"scroll","background-type":"","background-media":"","overlay-type":"","overlay-color":"","overlay-opacity":"","overlay-gradient":""},"mobile":{"background-color":"var(--ast-global-color-5)","background-image":"","background-repeat":"repeat","background-position":"center center","background-size":"auto","background-attachment":"scroll","background-type":"","background-media":"","overlay-type":"","overlay-color":"","overlay-opacity":"","overlay-gradient":""}},"footnotes":""},"categories":[16],"tags":[],"class_list":["post-1175","post","type-post","status-publish","format-standard","hentry","category-archives-cms"],"_links":{"self":[{"href":"https:\/\/lavoiedessansvoix.fr\/lavoie\/wp-json\/wp\/v2\/posts\/1175","targetHints":{"allow":["GET"]}}],"collection":[{"href":"https:\/\/lavoiedessansvoix.fr\/lavoie\/wp-json\/wp\/v2\/posts"}],"about":[{"href":"https:\/\/lavoiedessansvoix.fr\/lavoie\/wp-json\/wp\/v2\/types\/post"}],"author":[{"embeddable":true,"href":"https:\/\/lavoiedessansvoix.fr\/lavoie\/wp-json\/wp\/v2\/users\/1"}],"replies":[{"embeddable":true,"href":"https:\/\/lavoiedessansvoix.fr\/lavoie\/wp-json\/wp\/v2\/comments?post=1175"}],"version-history":[{"count":0,"href":"https:\/\/lavoiedessansvoix.fr\/lavoie\/wp-json\/wp\/v2\/posts\/1175\/revisions"}],"wp:attachment":[{"href":"https:\/\/lavoiedessansvoix.fr\/lavoie\/wp-json\/wp\/v2\/media?parent=1175"}],"wp:term":[{"taxonomy":"category","embeddable":true,"href":"https:\/\/lavoiedessansvoix.fr\/lavoie\/wp-json\/wp\/v2\/categories?post=1175"},{"taxonomy":"post_tag","embeddable":true,"href":"https:\/\/lavoiedessansvoix.fr\/lavoie\/wp-json\/wp\/v2\/tags?post=1175"}],"curies":[{"name":"wp","href":"https:\/\/api.w.org\/{rel}","templated":true}]}}