{"id":1174,"date":"2015-01-10T16:36:00","date_gmt":"2015-01-10T15:36:00","guid":{"rendered":"https:\/\/lavoiedessansvoix.fr\/lavoie\/2015\/01\/10\/archive-l-ignoble-monsieur-filiu\/"},"modified":"2015-01-10T16:36:00","modified_gmt":"2015-01-10T15:36:00","slug":"archive-l-ignoble-monsieur-filiu","status":"publish","type":"post","link":"https:\/\/lavoiedessansvoix.fr\/lavoie\/2015\/01\/10\/archive-l-ignoble-monsieur-filiu\/","title":{"rendered":"L\u2019IGNOBLE MONSIEUR FILIU"},"content":{"rendered":"<p>L\u2019IGNOBLE MONSIEUR FILIU   C\u2019\u00e9tait hier, alors que se d\u00e9roulaient en direct les \u00e9v\u00e8nements coordonn\u00e9s de Dammartin en Go\u00eble et de la porte de Vincennes, que je fis la connaissance de ce monsieur. Il \u00e9tait, au titre de \u00ab sp\u00e9cialiste de l\u2019Islam moderne \u00bb, un des invit\u00e9s d\u2019Elise Lucet au journal de la mi-journ\u00e9e de \u00ab France 2 \u00bb.  D\u00e8s la premi\u00e8re de ses interventions, que j\u2019auditionnai, je  pressenti que cet homme allait dire des horreurs. Elise Lu\u00e7et l\u2019interrompit. Je cru que je ne saurai jamais o\u00f9 il voulait en venir. Mais en v\u00e9rit\u00e9 il n\u2019\u00e9tait pas l\u00e0 pour une seule r\u00e9action mais pour commenter les \u00e9v\u00e8nements en cours, aussi eut il l\u2019occasion de pr\u00e9ciser sa pens\u00e9e en plusieurs fois par la suite et d\u00e9livrer ainsi la totalit\u00e9 de son message.  J\u2019avais rat\u00e9 l\u2019annonce de son nom et de sa qualit\u00e9. Je les voulais absolument. Je voulais savoir \u00e0 tous prix qui \u00e9tait le mis\u00e9rable qui avait prononc\u00e9 les infamies que je venais d\u2019entendre. Je scrutai l\u2019\u00e9cran attentif, dans l\u2019espoir que celui-ci soit affich\u00e9 \u00e0 nouveau. Cela ne se produisit pas. Puis j\u2019eu la chance d\u2019entendre un autre invit\u00e9 l\u2019appeler, monsieur Fillieu. C\u2019est tout au moins ce que Je crus entendre. Je me pr\u00e9cipitai sur mon ordinateur pour interroger \u00ab internet \u00bb. Non pas Fillieu mais Filiu me r\u00e9pondit le sorcier \u00e9lectronique. J\u2019allais imm\u00e9diatement sur sa page Wikip\u00e9dia pour en savoir plus. \u00ab Jean-Pierre Filiu, n\u00e9 \u00e0 Paris en 1961, est un universitaire fran\u00e7ais, historien et arabisant, sp\u00e9cialiste de l&rsquo;Islam contemporain. Professeur des universit\u00e9s \u00e0 Sciences Po Paris, il y enseigne au sein de l&rsquo;\u00c9cole des affaires internationales1, apr\u00e8s avoir \u00e9t\u00e9 professeur invit\u00e9 aux \u00c9tats-Unis \u00e0 l&rsquo;universit\u00e9 Columbia et \u00e0 l&rsquo;universit\u00e9 de Georgetown. \u00bb Il fut membre de plusieurs cabinets de ministres socialiste et diplomate parfois.  Mais revenons-en \u00e0 ses propos d\u2019hier. Les actes en cours dit-il ne sont que les premiers, il y en aura d\u2019autres \u00bb jusque-l\u00e0 rien \u00e0 dire, nous le pensons aussi. \u00ab Les donneurs d\u2019ordre, sont au Moyen-Orient, on gagnera cette guerre bien s\u00fbr, mais il faudra aller les d\u00e9loger l\u00e0-bas \u00bb. C\u2019est au prononc\u00e9 de ces paroles que je redoublais d\u2019attention. L\u2019homme \u00e9tait apparemment un va-t-en-guerre \u00bb. O\u00f9 donc plus pr\u00e9cis\u00e9ment au Moyen-Orient ? \u00ab En Syrie, les racines du mal \u2013 le nid-  sont en Syrie \u00bb. Croyez-vous que cet homme veuille parler des portions de territoire syrien contr\u00f4l\u00e9es par l\u2019EI ? Pas le moins du monde. La Syrie dont il parle est bien celle de Bachar El Assad. Il fustige ceux, irresponsables, qui se sont oppos\u00e9s il y a un an et demi \u00e0 l\u2019intervention militaire pour laquelle militaient tant Hollande et Fabius. \u00ab Beau r\u00e9sultats \u00bb dit-il. Il fustige aussi Fran\u00e7ois Fillon qui a dit selon lui que Bachard Al Assa&#038;d \u00e9tait notre alli\u00e9 naturel dans la lutte contre le terrorisme. Les choses sont ainsi l\u00e2ch\u00e9es. Monsieur Filiu, \u00ab surfant \u00bb sur la vague \u00e9motionnelle provoqu\u00e9e par l\u2019attaque terroriste contre Charlie Hebdo et les deux \u00e9v\u00e8nements concomitants du lendemain, milite ouvertement pour une intervention militaire de la France \u00bb en Syrie.  Ainsi, dans la t\u00eate malade de Monsieur Filiu, Bachar Al Assad, lequel se bat depuis trois ans contre les hordes terroristes d\u00e9p\u00each\u00e9es par le Qatar et l\u2019Arabie Saoudite, recrut\u00e9es, entrain\u00e9es, arm\u00e9es, politiquement soutenues par les puissances occidentales, la Turquie, la Jordanie et Isra\u00ebl \u2026 Bachar Al Assad serait responsable du terrorisme qui nous attaque. Comment peut-on vouloir donner foi \u00e0 une contrev\u00e9rit\u00e9 si grande ? Comment peut-on avoir l\u2019audace d\u2019\u00e9noncer un tel amalgame ? O\u00f9 trouver tant de mauvaise foi n\u00e9cessaire \u00e0 se livrer \u00e0 une telle ignominie ? Sauf bien s\u00fbr \u00e0 mariner soi-m\u00eame et depuis longtemps dans la fl\u00e9trissure intellectuelle.  Monsieur Filiu intervenait-il en son nom propre ou bien \u00e9tait-il en mission command\u00e9 ? Il est encore trop t\u00f4t pour le dire. Quoiqu\u2019il en soit sa prestation a de quoi inqui\u00e9ter. Ne t\u00e9moignerait elle pas de la volont\u00e9 politique d\u2019exploiter l\u2019\u00e9motion qui saisit les Fran\u00e7ais pour remettre \u00ab l\u2019intervention militaire en Syrie \u00bb \u00e0 l\u2019ordre du jour. Elle annonce peut-\u00eatre la terrible soupe que les gouvernants pourraient bien nous concocter dans la marmite de \u00ab l\u2019Union Nationale \u00bb.  Dimanche 10 janvier 2015.<\/p>\n","protected":false},"excerpt":{"rendered":"<p>L\u2019IGNOBLE MONSIEUR FILIU C\u2019\u00e9tait hier, alors que se d\u00e9roulaient en direct les \u00e9v\u00e8nements coordonn\u00e9s de Dammartin en Go\u00eble et de [&hellip;]<\/p>\n","protected":false},"author":1,"featured_media":0,"comment_status":"open","ping_status":"open","sticky":false,"template":"","format":"standard","meta":{"sfsi_plus_gutenberg_text_before_share":"","sfsi_plus_gutenberg_show_text_before_share":"","sfsi_plus_gutenberg_icon_type":"","sfsi_plus_gutenberg_icon_alignemt":"","sfsi_plus_gutenburg_max_per_row":"","site-sidebar-layout":"default","site-content-layout":"","ast-site-content-layout":"default","site-content-style":"default","site-sidebar-style":"default","ast-global-header-display":"","ast-banner-title-visibility":"","ast-main-header-display":"","ast-hfb-above-header-display":"","ast-hfb-below-header-display":"","ast-hfb-mobile-header-display":"","site-post-title":"","ast-breadcrumbs-content":"","ast-featured-img":"","footer-sml-layout":"","ast-disable-related-posts":"","theme-transparent-header-meta":"","adv-header-id-meta":"","stick-header-meta":"","header-above-stick-meta":"","header-main-stick-meta":"","header-below-stick-meta":"","astra-migrate-meta-layouts":"default","ast-page-background-enabled":"default","ast-page-background-meta":{"desktop":{"background-color":"var(--ast-global-color-4)","background-image":"","background-repeat":"repeat","background-position":"center center","background-size":"auto","background-attachment":"scroll","background-type":"","background-media":"","overlay-type":"","overlay-color":"","overlay-opacity":"","overlay-gradient":""},"tablet":{"background-color":"","background-image":"","background-repeat":"repeat","background-position":"center center","background-size":"auto","background-attachment":"scroll","background-type":"","background-media":"","overlay-type":"","overlay-color":"","overlay-opacity":"","overlay-gradient":""},"mobile":{"background-color":"","background-image":"","background-repeat":"repeat","background-position":"center center","background-size":"auto","background-attachment":"scroll","background-type":"","background-media":"","overlay-type":"","overlay-color":"","overlay-opacity":"","overlay-gradient":""}},"ast-content-background-meta":{"desktop":{"background-color":"var(--ast-global-color-5)","background-image":"","background-repeat":"repeat","background-position":"center center","background-size":"auto","background-attachment":"scroll","background-type":"","background-media":"","overlay-type":"","overlay-color":"","overlay-opacity":"","overlay-gradient":""},"tablet":{"background-color":"var(--ast-global-color-5)","background-image":"","background-repeat":"repeat","background-position":"center center","background-size":"auto","background-attachment":"scroll","background-type":"","background-media":"","overlay-type":"","overlay-color":"","overlay-opacity":"","overlay-gradient":""},"mobile":{"background-color":"var(--ast-global-color-5)","background-image":"","background-repeat":"repeat","background-position":"center center","background-size":"auto","background-attachment":"scroll","background-type":"","background-media":"","overlay-type":"","overlay-color":"","overlay-opacity":"","overlay-gradient":""}},"footnotes":""},"categories":[16],"tags":[],"class_list":["post-1174","post","type-post","status-publish","format-standard","hentry","category-archives-cms"],"_links":{"self":[{"href":"https:\/\/lavoiedessansvoix.fr\/lavoie\/wp-json\/wp\/v2\/posts\/1174","targetHints":{"allow":["GET"]}}],"collection":[{"href":"https:\/\/lavoiedessansvoix.fr\/lavoie\/wp-json\/wp\/v2\/posts"}],"about":[{"href":"https:\/\/lavoiedessansvoix.fr\/lavoie\/wp-json\/wp\/v2\/types\/post"}],"author":[{"embeddable":true,"href":"https:\/\/lavoiedessansvoix.fr\/lavoie\/wp-json\/wp\/v2\/users\/1"}],"replies":[{"embeddable":true,"href":"https:\/\/lavoiedessansvoix.fr\/lavoie\/wp-json\/wp\/v2\/comments?post=1174"}],"version-history":[{"count":0,"href":"https:\/\/lavoiedessansvoix.fr\/lavoie\/wp-json\/wp\/v2\/posts\/1174\/revisions"}],"wp:attachment":[{"href":"https:\/\/lavoiedessansvoix.fr\/lavoie\/wp-json\/wp\/v2\/media?parent=1174"}],"wp:term":[{"taxonomy":"category","embeddable":true,"href":"https:\/\/lavoiedessansvoix.fr\/lavoie\/wp-json\/wp\/v2\/categories?post=1174"},{"taxonomy":"post_tag","embeddable":true,"href":"https:\/\/lavoiedessansvoix.fr\/lavoie\/wp-json\/wp\/v2\/tags?post=1174"}],"curies":[{"name":"wp","href":"https:\/\/api.w.org\/{rel}","templated":true}]}}