{"id":1173,"date":"2015-01-11T03:56:00","date_gmt":"2015-01-11T02:56:00","guid":{"rendered":"https:\/\/lavoiedessansvoix.fr\/lavoie\/2015\/01\/11\/archive-une-injure-aux-charlies\/"},"modified":"2015-01-11T03:56:00","modified_gmt":"2015-01-11T02:56:00","slug":"archive-une-injure-aux-charlies","status":"publish","type":"post","link":"https:\/\/lavoiedessansvoix.fr\/lavoie\/2015\/01\/11\/archive-une-injure-aux-charlies\/","title":{"rendered":"UNE INJURE \u00ab AUX CHARLIES \u00bb"},"content":{"rendered":"<p>UNE INJURE \u00ab AUX CHARLIES \u00bb   Mr Benyamin Netanyahou, premier Ministre Isra\u00e9lien, prendra part ce jour, avec de nombreux autres chefs d\u2019\u00c9tats et de  gouvernements, \u00e0 la grande manifestation nationale \u00e0 Paris, en r\u00e9action \u00e0 l\u2019attaque terroriste contre \u00ab Charlie Hebdo \u00bb.  La pr\u00e9sence \u00e0 cette manifestation de Mr Netanyahou, le terroriste d\u2019\u00c9tat Isra\u00e9lien, qui a commandit\u00e9 deux attaques sanglantes, en 2012 et 2014 contre le petit territoire martyr de Gaza, provoquant des milliers de morts palestiniens, des destructions massives et se rendant coupable de \u00ab crimes de guerre av\u00e9r\u00e9s \u00bb, est une insulte \u00e0 la m\u00e9moire de l\u2019\u00e9quipe r\u00e9dactionnelle de \u00ab Charlie Hebdo \u00bb.    C\u2019est bien s\u00fbr aussi une offense faite \u00e0 toutes les victimes et au peuple palestinien. C\u2019est plus que cela m\u00eame, c\u2019est une injure faite aux centaines de milliers de Fran\u00e7ais qui manifestent leur \u00e9motion.  Au fil des heures cette manifestation de deuil de col\u00e8re et d\u2019\u00e9motion a profond\u00e9ment chang\u00e9 de signification. Nous reviendrons sur cela dans notre article de demain (lundi 12 janvier). Pour l\u2019heure nous constatons que la pr\u00e9sence \u00e0 celle-ci du chef de gouvernement Isra\u00e9lien est une circonstance r\u00e9dhibitoire*. Si nous n\u2019avions annonc\u00e9 hier notre refus de participer aux rassemblements \u00ab de l\u2019Union Nationale \u00bb, nous serions forc\u00e9s de le faire aujourd\u2019hui.  Solidaires de la revendication nationale du peuple palestinien comment pourrions-nous accepter de mettre nos pas dans ceux de son bourreau.   Dimanche 11 janvier 2015.  * La pr\u00e9sence, annonc\u00e9e ce matin, du fantoche Mahmoud Abbas, pour faire contre poids, ne change rien au fond de la question.<\/p>\n","protected":false},"excerpt":{"rendered":"<p>UNE INJURE \u00ab AUX CHARLIES \u00bb Mr Benyamin Netanyahou, premier Ministre Isra\u00e9lien, prendra part ce jour, avec de nombreux autres [&hellip;]<\/p>\n","protected":false},"author":1,"featured_media":0,"comment_status":"open","ping_status":"open","sticky":false,"template":"","format":"standard","meta":{"sfsi_plus_gutenberg_text_before_share":"","sfsi_plus_gutenberg_show_text_before_share":"","sfsi_plus_gutenberg_icon_type":"","sfsi_plus_gutenberg_icon_alignemt":"","sfsi_plus_gutenburg_max_per_row":"","site-sidebar-layout":"default","site-content-layout":"","ast-site-content-layout":"default","site-content-style":"default","site-sidebar-style":"default","ast-global-header-display":"","ast-banner-title-visibility":"","ast-main-header-display":"","ast-hfb-above-header-display":"","ast-hfb-below-header-display":"","ast-hfb-mobile-header-display":"","site-post-title":"","ast-breadcrumbs-content":"","ast-featured-img":"","footer-sml-layout":"","ast-disable-related-posts":"","theme-transparent-header-meta":"","adv-header-id-meta":"","stick-header-meta":"","header-above-stick-meta":"","header-main-stick-meta":"","header-below-stick-meta":"","astra-migrate-meta-layouts":"default","ast-page-background-enabled":"default","ast-page-background-meta":{"desktop":{"background-color":"var(--ast-global-color-4)","background-image":"","background-repeat":"repeat","background-position":"center center","background-size":"auto","background-attachment":"scroll","background-type":"","background-media":"","overlay-type":"","overlay-color":"","overlay-opacity":"","overlay-gradient":""},"tablet":{"background-color":"","background-image":"","background-repeat":"repeat","background-position":"center center","background-size":"auto","background-attachment":"scroll","background-type":"","background-media":"","overlay-type":"","overlay-color":"","overlay-opacity":"","overlay-gradient":""},"mobile":{"background-color":"","background-image":"","background-repeat":"repeat","background-position":"center center","background-size":"auto","background-attachment":"scroll","background-type":"","background-media":"","overlay-type":"","overlay-color":"","overlay-opacity":"","overlay-gradient":""}},"ast-content-background-meta":{"desktop":{"background-color":"var(--ast-global-color-5)","background-image":"","background-repeat":"repeat","background-position":"center center","background-size":"auto","background-attachment":"scroll","background-type":"","background-media":"","overlay-type":"","overlay-color":"","overlay-opacity":"","overlay-gradient":""},"tablet":{"background-color":"var(--ast-global-color-5)","background-image":"","background-repeat":"repeat","background-position":"center center","background-size":"auto","background-attachment":"scroll","background-type":"","background-media":"","overlay-type":"","overlay-color":"","overlay-opacity":"","overlay-gradient":""},"mobile":{"background-color":"var(--ast-global-color-5)","background-image":"","background-repeat":"repeat","background-position":"center center","background-size":"auto","background-attachment":"scroll","background-type":"","background-media":"","overlay-type":"","overlay-color":"","overlay-opacity":"","overlay-gradient":""}},"footnotes":""},"categories":[16],"tags":[],"class_list":["post-1173","post","type-post","status-publish","format-standard","hentry","category-archives-cms"],"_links":{"self":[{"href":"https:\/\/lavoiedessansvoix.fr\/lavoie\/wp-json\/wp\/v2\/posts\/1173","targetHints":{"allow":["GET"]}}],"collection":[{"href":"https:\/\/lavoiedessansvoix.fr\/lavoie\/wp-json\/wp\/v2\/posts"}],"about":[{"href":"https:\/\/lavoiedessansvoix.fr\/lavoie\/wp-json\/wp\/v2\/types\/post"}],"author":[{"embeddable":true,"href":"https:\/\/lavoiedessansvoix.fr\/lavoie\/wp-json\/wp\/v2\/users\/1"}],"replies":[{"embeddable":true,"href":"https:\/\/lavoiedessansvoix.fr\/lavoie\/wp-json\/wp\/v2\/comments?post=1173"}],"version-history":[{"count":0,"href":"https:\/\/lavoiedessansvoix.fr\/lavoie\/wp-json\/wp\/v2\/posts\/1173\/revisions"}],"wp:attachment":[{"href":"https:\/\/lavoiedessansvoix.fr\/lavoie\/wp-json\/wp\/v2\/media?parent=1173"}],"wp:term":[{"taxonomy":"category","embeddable":true,"href":"https:\/\/lavoiedessansvoix.fr\/lavoie\/wp-json\/wp\/v2\/categories?post=1173"},{"taxonomy":"post_tag","embeddable":true,"href":"https:\/\/lavoiedessansvoix.fr\/lavoie\/wp-json\/wp\/v2\/tags?post=1173"}],"curies":[{"name":"wp","href":"https:\/\/api.w.org\/{rel}","templated":true}]}}