{"id":1171,"date":"2015-01-13T02:42:00","date_gmt":"2015-01-13T01:42:00","guid":{"rendered":"https:\/\/lavoiedessansvoix.fr\/lavoie\/2015\/01\/13\/archive-reprenons-nos-esprits\/"},"modified":"2015-01-13T02:42:00","modified_gmt":"2015-01-13T01:42:00","slug":"archive-reprenons-nos-esprits","status":"publish","type":"post","link":"https:\/\/lavoiedessansvoix.fr\/lavoie\/2015\/01\/13\/archive-reprenons-nos-esprits\/","title":{"rendered":"REPRENONS NOS ESPRITS"},"content":{"rendered":"<p>REPRENONS NOS ESPRITS.   Ce serait le \u00ab plus grand \u00e9v\u00e8nement \u00bb de ce genre, de toute l\u2019histoire de notre pays. C\u2019est nous semble-t-il, aller un peu vite en besogne que de le dire, et faire peu de cas de la manifestation du 13 f\u00e9vrier 1962 en r\u00e9action au massacre du m\u00e9tro Charonne.  Il faut dire que cette fois, le pouvoir politique qui appelait \u00e0 la manifestation \u00e9tait \u00ab juge et parti \u00bb. Lorsqu\u2019il y a quelques mois par exemple, \u00ab le Front de Gauche \u00bb appela \u00e0 une manifestation \u00ab pour une r\u00e9volution fiscale \u00bb le 1er d\u00e9cembre 2013, les organisateurs d\u00e9compt\u00e8rent 100 000 manifestants au moins l\u00e0 o\u00f9 les services du minist\u00e8re de l\u2019int\u00e9rieur n\u2019en avaient vu que 7 000. Pareil d\u00e9sagr\u00e9ment ne pouvait se produire cette fois, et chacun, est tenu de prendre pour r\u00e9el les chiffres que nul ne conteste.  Nous n\u2019y \u00e9tions pas, comme vous savez. Y aurions-nous \u00e9t\u00e9, \u00e0 raz de macadam, et n\u2019\u00e9tant pas plus sorcier que les autres, nous n\u2019en aurions pas su d\u2019avantage sur la participation r\u00e9elle, et aurions \u00e9t\u00e9 r\u00e9duits \u00e0 nous esclaffer : \u00ab c\u2019est fou ce qu\u2019il y avait de monde \u00bb  Nous n\u2019avons aucune intention de contester les chiffrages officiels. Nous n\u2019en avons ni les moyens techniques, ni les raisons politiques. Nous n\u2019y \u00e9tions pas car nous l\u2019avons dit, se profile derri\u00e8re une r\u00e9cup\u00e9ration politique et une manipulation d\u2019opinion, auxquelles nous ne voulions pas apporter notre contribution. Mais nous partageons par ailleurs l\u2019\u00e9motion de nos concitoyens qui ont pris part \u00e0 ces manifestations, et savons que dans leurs grande majorit\u00e9 ils n\u2019ont voulu exprimer que cela et que pour le reste ils sont victimes et ne pouvons leur en faire grief.  Nous ne voulons donc pas contester les chiffres, nous aspirons seulement \u00e0 invoquer l\u2019esprit de mesure l\u00e0 o\u00f9 ne parle que celui de l\u2019enthousiasme aveugle, et les bornes de la \u00ab raison \u00bb l\u00e0 o\u00f9 s\u2019envole la phras\u00e9ologie de l\u2019esprit lyrique.  Les bornes de la raison sont celles des r\u00e9alit\u00e9s physiques ind\u00e9passables. Il y a des espaces qui s\u2019expriment en surface, et une capacit\u00e9 \u00e0 les occuper qui se d\u00e9cline en \u00ab densit\u00e9 \u00bb.  Nous sommes donc all\u00e9s sur Wikip\u00e9dia et autres Sites internet rechercher la surface de la place de la R\u00e9publique, les longueurs des avenues la r\u00e9unissant \u00e0 la place de la Nation par trois itin\u00e9raires, ainsi que celles d\u2019autres rues et avenues environnantes de la place de la R\u00e9publique. A d\u00e9faut de renseignements plus pr\u00e9cis nous avons estim\u00e9 \u00e0 trente m\u00e8tres les largeurs des boulevards et Avenues (de la R\u00e9publique, Voltaire, Filles du Calvaire\/ \u2026. : Beaumarchais, du temple, Saint-Martin et Magenta, Richard Lenoir. A 12 m\u00e8tres celles des rues Amelot, Faubourg du temple, L\u00e9on Jouhaux.) Nous sommes dispos\u00e9s \u00e0 affiner encore nos calculs et donc preneurs de toutes informations techniques compl\u00e9mentaires que vous pourriez nous apporter.  Ces bases \u00e9tant pos\u00e9es, concernant la d\u00e9finition des espaces, parlons de la m\u00e9thode que nous avons appliqu\u00e9e concernant les calculs de densit\u00e9. Nous avons imagin\u00e9, des espaces occup\u00e9s par une foule compacte stationnaire de 6 personnes au m\u00e8tre carr\u00e9. Croyez-nous, cela est \u00e0 la limite du possible. Il s\u2019agit alors de personnes au \u00ab touche \u00e0 touche \u00bb, \u00ab esquich\u00e9es comme des sardines \u00bb, comme on dit \u00e0 Marseille, ne pouvant pas marcher. Une telle r\u00e9alit\u00e9 n\u2019existe dans les faits que de courts instants, par exemple sur les plates-formes des voiture du m\u00e9tro ou du RER et sont \u00e0 la limite du supportable. Mais admettons, c\u2019est une hypoth\u00e8se math\u00e9matique, qu\u2019il en \u00e9tait ainsi. La foule s\u2019est mass\u00e9e depuis plusieurs heures sur la place de la R\u00e9publique et dans tous les espaces environnants, boulevard Magenta, rue L\u00e9on Jouhaux, Boulevard Saint Martin, Boulevard du Temple, Boulevard des filles du calvaire, rue Amelot, Boulevard Voltaire, Avenue de la R\u00e9publique, \u2026\u2026. Sur toute la surface de la place de la r\u00e9publique 3, 4 hectares, du boulevard Voltaire 8,5 hectares, de l\u2019avenue de la R\u00e9publique 4,8 hectares, des boulevards filles du calvaire\/ \u2026.\/Beaumarchais \u2026.., de la rue Amelot, de l\u2019avenue du temple (sur 300 m\u00e8tres) 0,9 hectare \u2026.., du Bouleverd Saint Martin jusqu\u2019\u00e0 la porte Saint Martin 1,2 hectare, du Boulevard Magenta jusqu\u2019\u00e0 Jacques Bonsergent 0,9 hectare. Soit un total de 20 \u00e0 22 hectares environ, tous ces espaces r\u00e9unis auraient contenu : 1 million 200 \u00e0 1 million 320 000 000 personnes. Cela donne un plafond  \u00e0 ne pas d\u00e9passer si on souhaite rester s\u00e9rieux.  Mais la r\u00e9alit\u00e9 doit \u00eatre modul\u00e9e par bien d\u2019autres facteurs.   Le mobilier urbain tout d\u2019abord. Statuts, barri\u00e8res, colonnes Morris, bancs, lampadaires, arbres, fontaines, r\u00e9duisent la densit\u00e9 admissible.   La marche ensuite. Sur la place de la R\u00e9publique, lieu officiel de rassemblement, les gens ont afflu\u00e9s et ce sont press\u00e9s de longues heures. La densit\u00e9 qui n\u2019atteignait certainement pas celle, hypoth\u00e9tique, que nous avons d\u00e9finie, n\u2019en \u00e9tait pas moins tr\u00e8s \u00e9lev\u00e9e. Mais sur les boulevards, quand la manifestation se met en mouvement, il faut bien un peu de place pour mettre un pied devant l\u2019autre, la densit\u00e9 au m\u00e8tre carr\u00e9 est n\u00e9cessairement plus r\u00e9duite. Nous avons choisi de l\u2019\u00e9valuer tr\u00e8s haut tout de m\u00eame, \u00e0 4 personnes par m\u00e8tre carr\u00e9, ce qui contraint \u00e0 une marche fort lente et en canard en cognant r\u00e9guli\u00e8rement les talons de votre pr\u00e9d\u00e9cesseur. Dans ce cas les m\u00eames espaces que nous avons d\u00e9finis auraient contenus 950 000 personnes environ, consid\u00e9rant que la densit\u00e9 maximum a subsist\u00e9 tr\u00e8s longtemps place de la R\u00e9publique.  Puis une autre id\u00e9e nous est venue. Il doit bien exister des m\u00e9thodes officielles de d\u00e9comptage des manifestations. Nous nous sommes rendus sur Wikip\u00e9dia et nous avons trouv\u00e9 une fiche \u00ab Comptage de foule \u00bb  \u00ab La t\u00e2che \u2026Elle est plus difficile et moins pr\u00e9cise lors d&rsquo;\u00e9v\u00e8nements pour lesquels l&rsquo;entr\u00e9e n&rsquo;est pas contr\u00f4l\u00e9e, prenant place par exemple dans la rue ou dans un parc. Il s&rsquo;agit alors d&rsquo;estimer le nombre de personnes pr\u00e9sentes dans la foule selon sa superficie et sa densit\u00e9. \u00bb  Surface et densit\u00e9, il s\u2019agit, vous le constatez, de la m\u00eame m\u00e9thode que nous proposions de mani\u00e8re profane.  \u00ab La police et les syndicats utilisent des m\u00e9thodes comparables pour compter les manifestants, en se basant sur la longueur du d\u00e9fil\u00e9, la largeur des rues, le nombres de personnes par rang\u00e9e et la vitesse \u00e0 laquelle elles avancent\u2026.Mais certains crit\u00e8res diff\u00e8rent selon le compteur. Ainsi, les syndicats choisissent g\u00e9n\u00e9ralement de prendre en compte les personnes pr\u00e9sentes sur les trottoirs, mais pas la police qui consid\u00e8re cet espace comme traditionnellement r\u00e9serv\u00e9 au service d&rsquo;ordre encadrant le cort\u00e8ge. \u00bb   Nous avons-nous, compt\u00e9 la totalit\u00e9 des espaces disponibles, comme occup\u00e9s par des manifestants.  \u00ab Police et syndicats utilisent \u00e9galement diff\u00e9rents chiffres de r\u00e9f\u00e9rence pour la densit\u00e9 de la foule. D&rsquo;apr\u00e8s le syndicat Force ouvri\u00e8re, \u2026 la police compte une personne par m\u00e8tre carr\u00e9 alors que les syndicats comptent une personne et demie sur un m\u00e8tre carr\u00e9 dans un cort\u00e8ge serr\u00e9. \u00bb  Une personne par m\u00e8tre carr\u00e9 pour la police, Une et demi pour les syndicats, et cela dans un cort\u00e8ge dit serr\u00e9s ? Nous en avons compt\u00e9 6 en situation stationnaire et 4 en situation de marche. Vous voyez que nous n\u2019avons pas \u00e9t\u00e9 mal intentionn\u00e9, au contraire.  A la sauce traditionnelle \u00ab pr\u00e9fecture de police \u00bb, ou \u00ab syndicale \u00bb la manifestation de dimanche 10 janvier aurait du \u00eatre d\u00e9compt\u00e9e \u00e0 200 ou 240 000 pour la police, et 300 ou 360 000 pour les syndicats.  CONCLUSIONS :   1 &#8211; Notre \u00e9tude d\u00e9montre l\u2019impossibilit\u00e9 des chiffres annonc\u00e9s qui devraient \u00eatre r\u00e9duits d\u2019au moins un bon tiers.  2 &#8211; A l\u2019\u00e9vidence pour rendre compte de la participation aux manifestations d\u2019avant-hier les services de la pr\u00e9fecture n\u2019ont pas appliqu\u00e9es leurs propres r\u00e8gles.  Mardi 12 janvier 2015.<\/p>\n","protected":false},"excerpt":{"rendered":"<p>REPRENONS NOS ESPRITS. Ce serait le \u00ab plus grand \u00e9v\u00e8nement \u00bb de ce genre, de toute l\u2019histoire de notre pays. [&hellip;]<\/p>\n","protected":false},"author":1,"featured_media":0,"comment_status":"open","ping_status":"open","sticky":false,"template":"","format":"standard","meta":{"sfsi_plus_gutenberg_text_before_share":"","sfsi_plus_gutenberg_show_text_before_share":"","sfsi_plus_gutenberg_icon_type":"","sfsi_plus_gutenberg_icon_alignemt":"","sfsi_plus_gutenburg_max_per_row":"","site-sidebar-layout":"default","site-content-layout":"","ast-site-content-layout":"default","site-content-style":"default","site-sidebar-style":"default","ast-global-header-display":"","ast-banner-title-visibility":"","ast-main-header-display":"","ast-hfb-above-header-display":"","ast-hfb-below-header-display":"","ast-hfb-mobile-header-display":"","site-post-title":"","ast-breadcrumbs-content":"","ast-featured-img":"","footer-sml-layout":"","ast-disable-related-posts":"","theme-transparent-header-meta":"","adv-header-id-meta":"","stick-header-meta":"","header-above-stick-meta":"","header-main-stick-meta":"","header-below-stick-meta":"","astra-migrate-meta-layouts":"default","ast-page-background-enabled":"default","ast-page-background-meta":{"desktop":{"background-color":"var(--ast-global-color-4)","background-image":"","background-repeat":"repeat","background-position":"center center","background-size":"auto","background-attachment":"scroll","background-type":"","background-media":"","overlay-type":"","overlay-color":"","overlay-opacity":"","overlay-gradient":""},"tablet":{"background-color":"","background-image":"","background-repeat":"repeat","background-position":"center center","background-size":"auto","background-attachment":"scroll","background-type":"","background-media":"","overlay-type":"","overlay-color":"","overlay-opacity":"","overlay-gradient":""},"mobile":{"background-color":"","background-image":"","background-repeat":"repeat","background-position":"center center","background-size":"auto","background-attachment":"scroll","background-type":"","background-media":"","overlay-type":"","overlay-color":"","overlay-opacity":"","overlay-gradient":""}},"ast-content-background-meta":{"desktop":{"background-color":"var(--ast-global-color-5)","background-image":"","background-repeat":"repeat","background-position":"center center","background-size":"auto","background-attachment":"scroll","background-type":"","background-media":"","overlay-type":"","overlay-color":"","overlay-opacity":"","overlay-gradient":""},"tablet":{"background-color":"var(--ast-global-color-5)","background-image":"","background-repeat":"repeat","background-position":"center center","background-size":"auto","background-attachment":"scroll","background-type":"","background-media":"","overlay-type":"","overlay-color":"","overlay-opacity":"","overlay-gradient":""},"mobile":{"background-color":"var(--ast-global-color-5)","background-image":"","background-repeat":"repeat","background-position":"center center","background-size":"auto","background-attachment":"scroll","background-type":"","background-media":"","overlay-type":"","overlay-color":"","overlay-opacity":"","overlay-gradient":""}},"footnotes":""},"categories":[16],"tags":[],"class_list":["post-1171","post","type-post","status-publish","format-standard","hentry","category-archives-cms"],"_links":{"self":[{"href":"https:\/\/lavoiedessansvoix.fr\/lavoie\/wp-json\/wp\/v2\/posts\/1171","targetHints":{"allow":["GET"]}}],"collection":[{"href":"https:\/\/lavoiedessansvoix.fr\/lavoie\/wp-json\/wp\/v2\/posts"}],"about":[{"href":"https:\/\/lavoiedessansvoix.fr\/lavoie\/wp-json\/wp\/v2\/types\/post"}],"author":[{"embeddable":true,"href":"https:\/\/lavoiedessansvoix.fr\/lavoie\/wp-json\/wp\/v2\/users\/1"}],"replies":[{"embeddable":true,"href":"https:\/\/lavoiedessansvoix.fr\/lavoie\/wp-json\/wp\/v2\/comments?post=1171"}],"version-history":[{"count":0,"href":"https:\/\/lavoiedessansvoix.fr\/lavoie\/wp-json\/wp\/v2\/posts\/1171\/revisions"}],"wp:attachment":[{"href":"https:\/\/lavoiedessansvoix.fr\/lavoie\/wp-json\/wp\/v2\/media?parent=1171"}],"wp:term":[{"taxonomy":"category","embeddable":true,"href":"https:\/\/lavoiedessansvoix.fr\/lavoie\/wp-json\/wp\/v2\/categories?post=1171"},{"taxonomy":"post_tag","embeddable":true,"href":"https:\/\/lavoiedessansvoix.fr\/lavoie\/wp-json\/wp\/v2\/tags?post=1171"}],"curies":[{"name":"wp","href":"https:\/\/api.w.org\/{rel}","templated":true}]}}