{"id":1170,"date":"2015-01-13T16:12:00","date_gmt":"2015-01-13T15:12:00","guid":{"rendered":"https:\/\/lavoiedessansvoix.fr\/lavoie\/2015\/01\/13\/archive-rejet-de-l-hypocrisie-officielle\/"},"modified":"2026-04-26T22:39:13","modified_gmt":"2026-04-26T20:39:13","slug":"archive-rejet-de-l-hypocrisie-officielle","status":"publish","type":"post","link":"https:\/\/lavoiedessansvoix.fr\/lavoie\/2015\/01\/13\/archive-rejet-de-l-hypocrisie-officielle\/","title":{"rendered":"REJET DE L\u2019HYPOCRISIE OFFICIELLE"},"content":{"rendered":"<p>REJET DE L\u2019HYPOCRISIE OFFICIELLE   Nous diffusions dans ces pages samedi 10 janvier un article intitul\u00e9 \u00abUne vaste op\u00e9ration de r\u00e9cup\u00e9ration politique \u00bb \u00bb Dans lequel nous expliquions les raisons pour lesquelles nous ne nous joindrions pas aux manifestations du dimanche 11 janvier. Dans notre article \u00ab Effroi \u00bb publi\u00e9 deux jours avant nous disions notre sentiment de solitude et notre souffrance, mais notre volont\u00e9 aussi de r\u00e9sister \u00e0 la vague \u00e9motionnelle, pr\u00e9f\u00e9rant raison garder. Aujourd\u2019hui, \u00ab feuilletant \u00bb pour recherche le grand livre de l\u2019internet nous avons d\u00e9couvert sur \u00ab M\u00e9diapart \u00bb l\u2019article de Patric Jean, si proche de nos sentiments et de nos positions, et ne pouvons vraiment faire autre chose que de le diffuser sur notre modeste domaine. Nous remercions l&rsquo;auteur, et esp\u00e9rons qu&rsquo;il ne nous tiendra pas rigueur de cet emprunt.  LVDSV  \u00ab Refusons cette manifestation hypocrite   10 janvier 2015 |  Par patricJEAN  \u00abL&rsquo;hypocrisie est un hommage que le vice rend \u00e0 la vertu.\u00bb (La Rochefoucauld)  Trois jours apr\u00e8s le d\u00e9but de l\u2019attaque terroriste, nous sommes abreuv\u00e9s d\u2019un discours ti\u00e8de et consensuel \u00e0 la sauce Tartuffe. Les pires censeurs pleurent sur la libert\u00e9 d\u2019expression. Les semeurs de haine crient au rassemblement. Les v\u00e9ritables questions sont interdites et le seul discours tol\u00e9r\u00e9 est celui de la guerre dans laquelle nous occuperions \u00ab\u00a0le camp du bien\u00a0\u00bb.  La manifestation de dimanche \u00e9vacuera toute question d\u00e9rangeante et je ne participerai pas \u00e0 ce bal des hypocrites qui, d&rsquo;apr\u00e8s le premier ministre, \u00ab\u00a0montrera la puissance de la France\u00a0\u00bb.  Tout d\u2019abord, je me vois mal manifester aux c\u00f4t\u00e9s des pires gens de droite dont le racisme ne s\u2019est pas dissimul\u00e9. Marcher aux c\u00f4t\u00e9s de Sarkozy ? De Cop\u00e9 et ses pains au chocolat ? Aux c\u00f4t\u00e9s de Horteffeux et ses remarques insultantes sur les Arabes ? Faut-il rappeler que lorsque la r\u00e9volution a commenc\u00e9 contre le dictateur sanguinaire Ben Ali en Tunisie, Mich\u00e8le Alliot-Marie alors ministre de la d\u00e9fense a propos\u00e9 l\u2019aide militaire de la France pour lutter contre les insurg\u00e9s ? Marcher demain avec eux ? Avec les premiers ministres tr\u00e8s droitistes d\u2019Espagne et de Grande-Bretagne ? Benyamin Netanyahou a \u00e9t\u00e9 invit\u00e9 apr\u00e8s avoir gentiment propos\u00e9 son aide \u00e0 la France\u2026 Le grand d\u00e9mocrate pr\u00e9sident turc va envoyer son premier ministre. Cela ressemble \u00e0 une plaisanterie \u00e0 la Charlie\u2026    Il est piquant de voir aujourd\u2019hui le ministre de l\u2019int\u00e9rieur encenser la police et les gendarmes que chacun salue sur les r\u00e9seaux sociaux. L\u2019intervention des forces de l\u2019ordre est n\u00e9cessaire quand des civils sont en danger mais a t-on d\u00e9j\u00e0 oubli\u00e9 ce que nous pensions des m\u00eames lorsqu\u2019ils ont assassin\u00e9 un jeune manifestant pacifiste d\u00e9sarm\u00e9 il y a quelques semaines? Ceux qui ont manifest\u00e9 alors manifesteront demain dans un salmigondis politique qui s\u2019est vid\u00e9 de son sens. D\u2019autre part, il est dr\u00f4le aussi d\u2019entendre les (anciens et actuels) responsables de France Inter et de Radio France pleurer sur la libert\u00e9 d\u2019expression. Les m\u00eames qui ont vir\u00e9 ceux qui en faisaient usage sur leurs propres antennes : Porte, Guillon, Mermet\u2026 Ou ceux qui, ailleurs, permettent la promotion des pires r\u00e9actionnaires au discours violent et raciste.  Tous ces hypocrites manifesteront demain. Ne nous montrons pas parmi eux.  Apr\u00e8s la mort des dessinateurs de Charlie, nous serions \u00ab tous Charlie \u00bb, \u00e0 l\u2019unisson d\u2019un discours totalement vide de sens que n\u2019auraient jamais valid\u00e9 les victimes. Ce slogan invent\u00e9 par un cr\u00e9atif publicitaire est bien le reflet de notre \u00e9poque. Nous mettons un instant nos oppositions politiques de c\u00f4t\u00e9, comme si elles n\u2019\u00e9taient le c\u0153ur de ce qui se d\u00e9roule. Comme si, tout \u00e0 coup, par hasard, nous \u00e9tions attaqu\u00e9 par un ennemi ext\u00e9rieur avec qui nous n\u2019entretenions aucune relation. Comme si les dessinateurs assassin\u00e9s pouvaient devenir les \u00e9tendards ce qu\u2019ils ont toujours combattu.  J\u2019ai d\u00e9j\u00e0 pos\u00e9 ici m\u00eame des questions sur la mani\u00e8re dont notre soci\u00e9t\u00e9 fabrique des monstres. Car, apr\u00e8s tout, les terroristes sont des n\u00f4tres. Ils ont grandi ici. Comme le millier de jeunes partis en Syrie, ils \u00e9tonnent aujourd\u2019hui ceux qui les ont connus. De \u00ab braves petits gars \u00bb, gentils, amicaux mais qui sont devenus des barbares. Ont-ils tous contract\u00e9 la m\u00eame maladie mentale ? La seule r\u00e9ponse qui nous est fournie est qu\u2019ils ont \u00e9t\u00e9 manipul\u00e9s par des id\u00e9ologues musulmans fondamentalistes. C\u2019est la v\u00e9rit\u00e9. Mais ne faut-il s\u2019interroger sur les raisons pour lesquelles des milliers de jeunes tombent dans de telles griffes ? Ne faut-il pas y voir le r\u00e9sultat d\u2019une soci\u00e9t\u00e9 o\u00f9 un tiers de ses membres est en train de sombrer dans le d\u00e9sespoir ? Racisme institutionnalis\u00e9, s\u00e9gr\u00e9gation \u00e0 l\u2019emploi, aux loisirs, au logement, contr\u00f4les policiers au faci\u00e8s, violence polici\u00e8re end\u00e9mique. Mais aussi ch\u00f4mage, mis\u00e8re, avec surtout un sentiment d\u2019impasse et d\u2019injustice implacable, totale et d\u00e9finitive pour des millions de femmes et d\u2019hommes. Trois millions d\u2019enfants vivent dans la pauvret\u00e9 pauvret\u00e9 en France. Peut-on esp\u00e9rer que quelques-uns ne deviendront pas violents ? Quelle illusion\u2026  D\u2019autre part, la violence terroriste islamiste, comme toutes les violences, a une histoire. Celle des Fr\u00e8res musulmans prend sa source dans un contexte post-colonial dans des dictatures soutenues par nos gouvernants. En Afghanistan, les Etats-Unis ont form\u00e9 et financ\u00e9 des fous de dieu qui ne se sont pas devenus des d\u00e9mocrates, une fois les Russes mis en d\u00e9route. Aujourd\u2019hui, les interventions des \u00c9tats-Unis, de la Grande-Bretagne et de la France sur des terrains ext\u00e9rieurs r\u00e9p\u00e8tent les m\u00eames erreurs en provoquant les m\u00eames cons\u00e9quences. L\u2019attaque d\u00e9lirante de la Libye par la France \u00e0 l\u2019instigation de BHL et apr\u00e8s que Nicolas Sarkozy ait re\u00e7u en grande pompe son dictateur (et sans doute un pactole) a conduit \u00e0 un chaos dans le m\u00eame pays et \u00e0 l\u2019armement de milices terroristes plus au sud. Du coup, la France se sent oblig\u00e9e d\u2019intervenir dans son pr\u00e9 carr\u00e9 malien quand la situation d\u00e9g\u00e9n\u00e8re.  Enfin, les milliers de jeunes europ\u00e9ens (une quantit\u00e9 effroyable en Belgique) qui partent en Syrie ne provoquent pas le d\u00e9but du moindre questionnement sur notre fonctionnement collectif. Comment une soci\u00e9t\u00e9 dont les valeurs ultra individualistes ont permis la saine remise en question de valeurs ali\u00e9nantes mais aussi l\u2019\u00e9laboration de relations sociales fond\u00e9es sur l\u2019unique comp\u00e9tition, emp\u00eachant ainsi toute solidarit\u00e9 et donc tout sentiment de classe et d\u2019injustice syst\u00e9mique. Partant, le combat politique\u2026 Le sentiment d\u2019injustice de la jeunesse a donc trouv\u00e9 un nouvel exutoire pour s\u2019exprimer.  D\u2019o\u00f9 ce robinet \u00e0 l\u2019eau ti\u00e8de dont chacun se r\u00e9jouit depuis quatre jours. Charb, Wolinski, Tignous et Oncle Bernard riraient jaune de voir leur nom ainsi honor\u00e9 \u00e0 la bourse de New-York ou dans des \u00e9glises. Ils hurleraient en entendant le pr\u00e9sident am\u00e9ricain annoncer qu\u2019il prie pour eux. En leur rendant ainsi hommage, on pi\u00e9tine ce qu\u2019ils \u00e9taient. Eux qui \u00e9taient radicalement de gauche, souvent anarchistes, ath\u00e9eshttp:\/\/lavoiedessansvoix.fr\/forum\/attachment.php?attachmentid=37&#038;stc=1   Car aujourd\u2019hui, on entend chacun affirmer que les terroristes n\u2019\u00e9taient pas de \u00ab vrais Musulmans \u00bb. M\u00eame le pr\u00e9sident de la R\u00e9publique \u00e0 qui l\u2019on n\u2019a rien demand\u00e9 en termes de th\u00e9ologie, affirme que le \u00ab vrai Islam \u00bb n\u2019est pas celui-l\u00e0. Cette hypocrisie, une fois de plus, masque une r\u00e9alit\u00e9 bien plus complexe. Les trois religions du livre portent en elles, et en leurs textes, tout et son contraire. On se force \u00e0 omettre que le \u00ab tu ne tueras point \u00bb jud\u00e9o-chr\u00e9tien \u00e9tait suivi, seulement quelques pages plus loin, d\u2019une injonction divine \u00e0 commettre un g\u00e9nocide en tuant les hommes, femmes et enfants d\u2019un peuple qui occupait une terre \u00ab sacr\u00e9e \u00bb et donc il fallait s\u2019emparer. Selon qu\u2019il prendra les textes par un bout ou par un autre, le croyant d\u00e9veloppera un discours de haine ou d\u2019amour. Ou parfois les deux selon les moments. L\u2019inquisition s\u2019est faite la bible \u00e0 la main. Le massacre des palestiniens aussi. La religion n&rsquo;est qu&rsquo;un vecteur qui permet d&rsquo;exprimer une spiritualit\u00e9 apais\u00e9e ou la haine que l&rsquo;on a en soi. Selon ce que l&rsquo;on vit par ailleurs.  A force de s\u2019emp\u00eacher de r\u00e9fl\u00e9chir tout en hurlant \u00e0 la libert\u00e9 de pens\u00e9e, on poursuit la m\u00eame politique qui nous conduit \u00e0 la catastrophe. Les cerveaux ont \u00e9t\u00e9 parfaitement lav\u00e9s et l\u2019on va refuser de lire dans les \u00e9v\u00e9nements le moindre sympt\u00f4me d\u2019autre chose qu\u2019une \u00ab guerre que l\u2019on nous fait \u00bb. Cette guerre va donc s\u2019intensifier, d\u2019autres \u00e9v\u00e9nements dramatiques surviendront et nous ne pourrons pas y faire face. A ses pires heures, le dictateur \u00e9gyptien Moubarak, ami des occidentaux, disposait d\u2019un million de policiers, omnipr\u00e9sents \u00e0 chaque coin de rue. Cela ne lui a pourtant pas suffi.  Demain des gens manifesteront aux c\u00f4t\u00e9s de ceux qui ont permis \u00e0 des nouveaux nazis de r\u00e9pandre partout leurs id\u00e9es naus\u00e9abondes. Les producteurs et journalistes qui ont rendu populaires ceux qui imaginent la \u00ab d\u00e9portation \u00bb des Musulmans seront dans la rue. Ils se sont engraiss\u00e9s d\u2019une audience bien rentable et jouent la col\u00e8re contre les cons\u00e9quences de ce qu\u2019ils ont mis en place.  Demain, mes amis socialistes, \u00e9cologistes, communistes et du Front de gauche iront manifester avec la droite. Je leur souhaite d\u2019y prendre du plaisir car bient\u00f4t, ils seront r\u00e9duits \u00e0 voter pour elle.  Note  On me signale que Luz de Charlie Hebdo d\u00e9fend un point de vue proche de celui exprim\u00e9 ci dessus.<\/p>\n","protected":false},"excerpt":{"rendered":"<p>REJET DE L\u2019HYPOCRISIE OFFICIELLE Nous diffusions dans ces pages samedi 10 janvier un article intitul\u00e9 \u00abUne vaste op\u00e9ration de r\u00e9cup\u00e9ration [&hellip;]<\/p>\n","protected":false},"author":1,"featured_media":4917,"comment_status":"open","ping_status":"open","sticky":false,"template":"","format":"standard","meta":{"sfsi_plus_gutenberg_text_before_share":"","sfsi_plus_gutenberg_show_text_before_share":"","sfsi_plus_gutenberg_icon_type":"","sfsi_plus_gutenberg_icon_alignemt":"","sfsi_plus_gutenburg_max_per_row":"","site-sidebar-layout":"default","site-content-layout":"","ast-site-content-layout":"default","site-content-style":"default","site-sidebar-style":"default","ast-global-header-display":"","ast-banner-title-visibility":"","ast-main-header-display":"","ast-hfb-above-header-display":"","ast-hfb-below-header-display":"","ast-hfb-mobile-header-display":"","site-post-title":"","ast-breadcrumbs-content":"","ast-featured-img":"","footer-sml-layout":"","ast-disable-related-posts":"","theme-transparent-header-meta":"","adv-header-id-meta":"","stick-header-meta":"","header-above-stick-meta":"","header-main-stick-meta":"","header-below-stick-meta":"","astra-migrate-meta-layouts":"default","ast-page-background-enabled":"default","ast-page-background-meta":{"desktop":{"background-color":"var(--ast-global-color-4)","background-image":"","background-repeat":"repeat","background-position":"center center","background-size":"auto","background-attachment":"scroll","background-type":"","background-media":"","overlay-type":"","overlay-color":"","overlay-opacity":"","overlay-gradient":""},"tablet":{"background-color":"","background-image":"","background-repeat":"repeat","background-position":"center center","background-size":"auto","background-attachment":"scroll","background-type":"","background-media":"","overlay-type":"","overlay-color":"","overlay-opacity":"","overlay-gradient":""},"mobile":{"background-color":"","background-image":"","background-repeat":"repeat","background-position":"center center","background-size":"auto","background-attachment":"scroll","background-type":"","background-media":"","overlay-type":"","overlay-color":"","overlay-opacity":"","overlay-gradient":""}},"ast-content-background-meta":{"desktop":{"background-color":"var(--ast-global-color-5)","background-image":"","background-repeat":"repeat","background-position":"center center","background-size":"auto","background-attachment":"scroll","background-type":"","background-media":"","overlay-type":"","overlay-color":"","overlay-opacity":"","overlay-gradient":""},"tablet":{"background-color":"var(--ast-global-color-5)","background-image":"","background-repeat":"repeat","background-position":"center center","background-size":"auto","background-attachment":"scroll","background-type":"","background-media":"","overlay-type":"","overlay-color":"","overlay-opacity":"","overlay-gradient":""},"mobile":{"background-color":"var(--ast-global-color-5)","background-image":"","background-repeat":"repeat","background-position":"center center","background-size":"auto","background-attachment":"scroll","background-type":"","background-media":"","overlay-type":"","overlay-color":"","overlay-opacity":"","overlay-gradient":""}},"footnotes":""},"categories":[16],"tags":[],"class_list":["post-1170","post","type-post","status-publish","format-standard","has-post-thumbnail","hentry","category-archives-cms"],"_links":{"self":[{"href":"https:\/\/lavoiedessansvoix.fr\/lavoie\/wp-json\/wp\/v2\/posts\/1170","targetHints":{"allow":["GET"]}}],"collection":[{"href":"https:\/\/lavoiedessansvoix.fr\/lavoie\/wp-json\/wp\/v2\/posts"}],"about":[{"href":"https:\/\/lavoiedessansvoix.fr\/lavoie\/wp-json\/wp\/v2\/types\/post"}],"author":[{"embeddable":true,"href":"https:\/\/lavoiedessansvoix.fr\/lavoie\/wp-json\/wp\/v2\/users\/1"}],"replies":[{"embeddable":true,"href":"https:\/\/lavoiedessansvoix.fr\/lavoie\/wp-json\/wp\/v2\/comments?post=1170"}],"version-history":[{"count":1,"href":"https:\/\/lavoiedessansvoix.fr\/lavoie\/wp-json\/wp\/v2\/posts\/1170\/revisions"}],"predecessor-version":[{"id":4918,"href":"https:\/\/lavoiedessansvoix.fr\/lavoie\/wp-json\/wp\/v2\/posts\/1170\/revisions\/4918"}],"wp:featuredmedia":[{"embeddable":true,"href":"https:\/\/lavoiedessansvoix.fr\/lavoie\/wp-json\/wp\/v2\/media\/4917"}],"wp:attachment":[{"href":"https:\/\/lavoiedessansvoix.fr\/lavoie\/wp-json\/wp\/v2\/media?parent=1170"}],"wp:term":[{"taxonomy":"category","embeddable":true,"href":"https:\/\/lavoiedessansvoix.fr\/lavoie\/wp-json\/wp\/v2\/categories?post=1170"},{"taxonomy":"post_tag","embeddable":true,"href":"https:\/\/lavoiedessansvoix.fr\/lavoie\/wp-json\/wp\/v2\/tags?post=1170"}],"curies":[{"name":"wp","href":"https:\/\/api.w.org\/{rel}","templated":true}]}}