{"id":1167,"date":"2015-01-16T02:36:00","date_gmt":"2015-01-16T01:36:00","guid":{"rendered":"https:\/\/lavoiedessansvoix.fr\/lavoie\/2015\/01\/16\/archive-quot-liberte-pardonne-leur-ils-ne-savent-plus-ce-qu-ils-font-quot\/"},"modified":"2015-01-16T02:36:00","modified_gmt":"2015-01-16T01:36:00","slug":"archive-quot-liberte-pardonne-leur-ils-ne-savent-plus-ce-qu-ils-font-quot","status":"publish","type":"post","link":"https:\/\/lavoiedessansvoix.fr\/lavoie\/2015\/01\/16\/archive-quot-liberte-pardonne-leur-ils-ne-savent-plus-ce-qu-ils-font-quot\/","title":{"rendered":"&quot;LIBERT\u00c9, PARDONNE LEUR, ILS NE SAVENT PLUS CE QU\u2019ILS FONT&quot;"},"content":{"rendered":"<p>\u00ab\u00a0LIBERT\u00c9, PARDONNE LEUR, ILS NE SAVENT PLUS CE QU\u2019ILS FONT\u00a0\u00bb   Des dizaines de proc\u00e8s en comparution imm\u00e9diates et des peines, parfois de plusieurs ann\u00e9es, de prison ferme \u00e0 la cl\u00e9. Une justice exp\u00e9ditive digne de tribunaux de guerre.   On recherche un homme qui a cri\u00e9 \u00ab Dieu est grand \u00bb\u2026 En arabe il est vrai. Un conducteur \u00ab ivre \u00bb qui a cri\u00e9 Allah Akbar  en sortant de son v\u00e9hicule a \u00e9t\u00e9 condamn\u00e9 \u00e0 4 ann\u00e9es de prison ferme. Un employ\u00e9 municipal de Lille qui n\u2019a pas voulu respecter la minute officielle de silence est traduit devant les tribunaux pour apologie du terrorisme.Dieudonn\u00e9 qui est cens\u00e9 avoir \u00e9crit sur sa page Facebook\u00a0\u00bb je me sens Charlie Koulibaly\u00a0\u00bb, sera jug\u00e9 en correctionnelle, pour les m\u00eames raisons, et encours plusieurs ann\u00e9es de prison et une amende douloureuse. Ils ont mis dans les mains de la justice les cas de plusieurs coll\u00e9giens ou lyc\u00e9ens qui n\u2019ont pas voulu se joindre \u00e0 l\u2019unanimisme impos\u00e9. Ils traquent le radicalisme pr\u00e9coce des \u00e9coliers. Perdraient-ils la raison ? sont-ils devenus fous ?  Pas du tout. C\u2019est la guerre. C\u2019est la guerre qu\u2019ils voulaient tant. Apr\u00e8s avoir canalis\u00e9e l\u2019\u00e9motion, instrumentalis\u00e9e la mort des martyrs, s\u2019\u00eatre empar\u00e9e de \u00ab Charlie \u00bb comme \u00e9tendard de leur croisade, ils doivent mettre \u00e0 pr\u00e9sent \u00ab la nation \u00bb en ordre de combat. Le souffle glac\u00e9  de la \u00ab justice \u00bb prend sa part au conditionnement n\u00e9cessaire des esprits.  Vendredi 16 janvier 2015. 8 heures 30.<\/p>\n","protected":false},"excerpt":{"rendered":"<p>\u00ab\u00a0LIBERT\u00c9, PARDONNE LEUR, ILS NE SAVENT PLUS CE QU\u2019ILS FONT\u00a0\u00bb Des dizaines de proc\u00e8s en comparution imm\u00e9diates et des peines, [&hellip;]<\/p>\n","protected":false},"author":1,"featured_media":0,"comment_status":"open","ping_status":"open","sticky":false,"template":"","format":"standard","meta":{"sfsi_plus_gutenberg_text_before_share":"","sfsi_plus_gutenberg_show_text_before_share":"","sfsi_plus_gutenberg_icon_type":"","sfsi_plus_gutenberg_icon_alignemt":"","sfsi_plus_gutenburg_max_per_row":"","site-sidebar-layout":"default","site-content-layout":"","ast-site-content-layout":"default","site-content-style":"default","site-sidebar-style":"default","ast-global-header-display":"","ast-banner-title-visibility":"","ast-main-header-display":"","ast-hfb-above-header-display":"","ast-hfb-below-header-display":"","ast-hfb-mobile-header-display":"","site-post-title":"","ast-breadcrumbs-content":"","ast-featured-img":"","footer-sml-layout":"","ast-disable-related-posts":"","theme-transparent-header-meta":"","adv-header-id-meta":"","stick-header-meta":"","header-above-stick-meta":"","header-main-stick-meta":"","header-below-stick-meta":"","astra-migrate-meta-layouts":"default","ast-page-background-enabled":"default","ast-page-background-meta":{"desktop":{"background-color":"var(--ast-global-color-4)","background-image":"","background-repeat":"repeat","background-position":"center center","background-size":"auto","background-attachment":"scroll","background-type":"","background-media":"","overlay-type":"","overlay-color":"","overlay-opacity":"","overlay-gradient":""},"tablet":{"background-color":"","background-image":"","background-repeat":"repeat","background-position":"center center","background-size":"auto","background-attachment":"scroll","background-type":"","background-media":"","overlay-type":"","overlay-color":"","overlay-opacity":"","overlay-gradient":""},"mobile":{"background-color":"","background-image":"","background-repeat":"repeat","background-position":"center center","background-size":"auto","background-attachment":"scroll","background-type":"","background-media":"","overlay-type":"","overlay-color":"","overlay-opacity":"","overlay-gradient":""}},"ast-content-background-meta":{"desktop":{"background-color":"var(--ast-global-color-5)","background-image":"","background-repeat":"repeat","background-position":"center center","background-size":"auto","background-attachment":"scroll","background-type":"","background-media":"","overlay-type":"","overlay-color":"","overlay-opacity":"","overlay-gradient":""},"tablet":{"background-color":"var(--ast-global-color-5)","background-image":"","background-repeat":"repeat","background-position":"center center","background-size":"auto","background-attachment":"scroll","background-type":"","background-media":"","overlay-type":"","overlay-color":"","overlay-opacity":"","overlay-gradient":""},"mobile":{"background-color":"var(--ast-global-color-5)","background-image":"","background-repeat":"repeat","background-position":"center center","background-size":"auto","background-attachment":"scroll","background-type":"","background-media":"","overlay-type":"","overlay-color":"","overlay-opacity":"","overlay-gradient":""}},"footnotes":""},"categories":[16],"tags":[],"class_list":["post-1167","post","type-post","status-publish","format-standard","hentry","category-archives-cms"],"_links":{"self":[{"href":"https:\/\/lavoiedessansvoix.fr\/lavoie\/wp-json\/wp\/v2\/posts\/1167","targetHints":{"allow":["GET"]}}],"collection":[{"href":"https:\/\/lavoiedessansvoix.fr\/lavoie\/wp-json\/wp\/v2\/posts"}],"about":[{"href":"https:\/\/lavoiedessansvoix.fr\/lavoie\/wp-json\/wp\/v2\/types\/post"}],"author":[{"embeddable":true,"href":"https:\/\/lavoiedessansvoix.fr\/lavoie\/wp-json\/wp\/v2\/users\/1"}],"replies":[{"embeddable":true,"href":"https:\/\/lavoiedessansvoix.fr\/lavoie\/wp-json\/wp\/v2\/comments?post=1167"}],"version-history":[{"count":0,"href":"https:\/\/lavoiedessansvoix.fr\/lavoie\/wp-json\/wp\/v2\/posts\/1167\/revisions"}],"wp:attachment":[{"href":"https:\/\/lavoiedessansvoix.fr\/lavoie\/wp-json\/wp\/v2\/media?parent=1167"}],"wp:term":[{"taxonomy":"category","embeddable":true,"href":"https:\/\/lavoiedessansvoix.fr\/lavoie\/wp-json\/wp\/v2\/categories?post=1167"},{"taxonomy":"post_tag","embeddable":true,"href":"https:\/\/lavoiedessansvoix.fr\/lavoie\/wp-json\/wp\/v2\/tags?post=1167"}],"curies":[{"name":"wp","href":"https:\/\/api.w.org\/{rel}","templated":true}]}}