{"id":1164,"date":"2015-01-19T02:52:00","date_gmt":"2015-01-19T01:52:00","guid":{"rendered":"https:\/\/lavoiedessansvoix.fr\/lavoie\/2015\/01\/19\/archive-la-fin-necessaire-de-l-union-nationale\/"},"modified":"2026-04-26T22:38:14","modified_gmt":"2026-04-26T20:38:14","slug":"archive-la-fin-necessaire-de-l-union-nationale","status":"publish","type":"post","link":"https:\/\/lavoiedessansvoix.fr\/lavoie\/2015\/01\/19\/archive-la-fin-necessaire-de-l-union-nationale\/","title":{"rendered":"LA FIN N\u00c9CESSAIRE DE L\u2019UNION NATIONALE"},"content":{"rendered":"<p>LA FIN N\u00c9CESSAIRE DE L\u2019UNION NATIONALE   Dans un article du 23 d\u00e9cembre 2014, intitul\u00e9 \u00ab GAIN MAL ACQUIS NE PROFITE JAMAIS \u00bb \u2026 \u00bb nous mettions en doute la r\u00e9alit\u00e9 des sondages qui annon\u00e7aient alors une remont\u00e9 de la cote de popularit\u00e9 de Fran\u00e7ois Hollande et Manuel Valls L\u2019on justifiait notre doute par l\u2019argument suivant : \u00ab il convient donc de poser les deux questions ; pourquoi et comment ? Car sauf \u00e0 prendre les Fran\u00e7ais pour une masse d\u2019idiots versatiles, il faut dire, s\u2019il y a v\u00e9ritablement \u00ab mouvement d\u2019opinion \u00bb, qu\u2019elles en sont les causes et le sens. \u00bb  Un \u00e9v\u00e8nement consid\u00e9rable s\u2019est produit depuis, l\u2019attaque contre \u00ab Charlie-Hebdo \u00bb avec ses \u00e9pilogues guerriers du lendemain. Une large fraction du peuple de France a alors re\u00e7u le message \u00ab de l\u2019union nationale \u00bb venu de divers bords politique et s\u2019est serr\u00e9 autour du Pr\u00e9sident procurant \u00e0 celui-ci l\u2019occasion d\u2019apparaitre comme le \u00ab chef \u00bb et le \u00ab rassembleur \u00bb de la nation. Voil\u00e0 l\u2019une de ces causes bien r\u00e9elles qui sont de nature \u00e0 modifier l\u2019\u00e9tat de l\u2019opinion.  Et de fait, la c\u00f4te de popularit\u00e9 de Fran\u00e7ois Hollande remonte, et cette fois c\u2019est tr\u00e8s certainement vrai.  Pourtant qu\u2019est-ce qui a chang\u00e9 au fond ?  Rien de Rien, ou seulement en pire.  \u00ab D\u00e9cid\u00e9ment, l&rsquo;inversion de la courbe du ch\u00f4mage n&rsquo;est plus du tout d&rsquo;actualit\u00e9. Dans ses pr\u00e9visions 2015, l&rsquo;Un\u00e9dic annonce une nouvelle hausse du nombre de ch\u00f4meurs. \u00c9crit Sandrine Chauvin le 16 janvier 2O15, dans .(Capital.fr)  Quant \u00e0 la politique ext\u00e9rieure, la France est plus que jamais dans la surench\u00e8re guerri\u00e8re, l\u2019agressivit\u00e9 tous azimuts, la provocation et l\u2019humiliation d\u2019autrui.  Cette politique irresponsable aura n\u00e9cessairement et \u00e0 court termes des effets d\u00e9sastreux, voire d\u00e9vastateurs, pour la France, son image dans le monde, ses int\u00e9r\u00eats, ses ressortissants, la s\u00e9curit\u00e9 int\u00e9rieure. Exactement l\u2019inverse de ce que voulaient ceux des Fran\u00e7ais qui ont r\u00e9pondus favorablement \u00e0 l\u2019appel du Pr\u00e9sident \u00e0 \u00ab l\u2019Union Nationale \u00bb.  Fran\u00e7ois Hollande a r\u00e9cemment r\u00e9it\u00e9r\u00e9 cet appel. Classe politique et m\u00e9dias s\u2019interrogent inquiets, cela peut-il durer au-del\u00e0 de quelques jours. Ils le souhaiteraient bien s\u00fbr, afin d\u2019emmener la France et les Fran\u00e7ais o\u00f9 ils ne voulaient pas aller. Afin de leur faire avaler des couleuvres toujours plus grosses.  Nous appelons nous \u00e0 ce que cela cesse. Au r\u00e9veil national, c\u2019est-\u00e0-dire au r\u00e9veil des consciences pour stopper dans sa course effr\u00e9n\u00e9e le char de l\u2019\u00c9tat, celui des r\u00e9formes int\u00e9rieures inacceptables, celui de l\u2019agression ext\u00e9rieure qui nous conduit \u00e0 la guerre.  Lundi 19 janvier 2015.<\/p>\n","protected":false},"excerpt":{"rendered":"<p>LA FIN N\u00c9CESSAIRE DE L\u2019UNION NATIONALE Dans un article du 23 d\u00e9cembre 2014, intitul\u00e9 \u00ab GAIN MAL ACQUIS NE PROFITE [&hellip;]<\/p>\n","protected":false},"author":1,"featured_media":4911,"comment_status":"open","ping_status":"open","sticky":false,"template":"","format":"standard","meta":{"sfsi_plus_gutenberg_text_before_share":"","sfsi_plus_gutenberg_show_text_before_share":"","sfsi_plus_gutenberg_icon_type":"","sfsi_plus_gutenberg_icon_alignemt":"","sfsi_plus_gutenburg_max_per_row":"","site-sidebar-layout":"default","site-content-layout":"","ast-site-content-layout":"default","site-content-style":"default","site-sidebar-style":"default","ast-global-header-display":"","ast-banner-title-visibility":"","ast-main-header-display":"","ast-hfb-above-header-display":"","ast-hfb-below-header-display":"","ast-hfb-mobile-header-display":"","site-post-title":"","ast-breadcrumbs-content":"","ast-featured-img":"","footer-sml-layout":"","ast-disable-related-posts":"","theme-transparent-header-meta":"","adv-header-id-meta":"","stick-header-meta":"","header-above-stick-meta":"","header-main-stick-meta":"","header-below-stick-meta":"","astra-migrate-meta-layouts":"default","ast-page-background-enabled":"default","ast-page-background-meta":{"desktop":{"background-color":"var(--ast-global-color-4)","background-image":"","background-repeat":"repeat","background-position":"center center","background-size":"auto","background-attachment":"scroll","background-type":"","background-media":"","overlay-type":"","overlay-color":"","overlay-opacity":"","overlay-gradient":""},"tablet":{"background-color":"","background-image":"","background-repeat":"repeat","background-position":"center center","background-size":"auto","background-attachment":"scroll","background-type":"","background-media":"","overlay-type":"","overlay-color":"","overlay-opacity":"","overlay-gradient":""},"mobile":{"background-color":"","background-image":"","background-repeat":"repeat","background-position":"center center","background-size":"auto","background-attachment":"scroll","background-type":"","background-media":"","overlay-type":"","overlay-color":"","overlay-opacity":"","overlay-gradient":""}},"ast-content-background-meta":{"desktop":{"background-color":"var(--ast-global-color-5)","background-image":"","background-repeat":"repeat","background-position":"center center","background-size":"auto","background-attachment":"scroll","background-type":"","background-media":"","overlay-type":"","overlay-color":"","overlay-opacity":"","overlay-gradient":""},"tablet":{"background-color":"var(--ast-global-color-5)","background-image":"","background-repeat":"repeat","background-position":"center center","background-size":"auto","background-attachment":"scroll","background-type":"","background-media":"","overlay-type":"","overlay-color":"","overlay-opacity":"","overlay-gradient":""},"mobile":{"background-color":"var(--ast-global-color-5)","background-image":"","background-repeat":"repeat","background-position":"center center","background-size":"auto","background-attachment":"scroll","background-type":"","background-media":"","overlay-type":"","overlay-color":"","overlay-opacity":"","overlay-gradient":""}},"footnotes":""},"categories":[16],"tags":[],"class_list":["post-1164","post","type-post","status-publish","format-standard","has-post-thumbnail","hentry","category-archives-cms"],"_links":{"self":[{"href":"https:\/\/lavoiedessansvoix.fr\/lavoie\/wp-json\/wp\/v2\/posts\/1164","targetHints":{"allow":["GET"]}}],"collection":[{"href":"https:\/\/lavoiedessansvoix.fr\/lavoie\/wp-json\/wp\/v2\/posts"}],"about":[{"href":"https:\/\/lavoiedessansvoix.fr\/lavoie\/wp-json\/wp\/v2\/types\/post"}],"author":[{"embeddable":true,"href":"https:\/\/lavoiedessansvoix.fr\/lavoie\/wp-json\/wp\/v2\/users\/1"}],"replies":[{"embeddable":true,"href":"https:\/\/lavoiedessansvoix.fr\/lavoie\/wp-json\/wp\/v2\/comments?post=1164"}],"version-history":[{"count":1,"href":"https:\/\/lavoiedessansvoix.fr\/lavoie\/wp-json\/wp\/v2\/posts\/1164\/revisions"}],"predecessor-version":[{"id":4912,"href":"https:\/\/lavoiedessansvoix.fr\/lavoie\/wp-json\/wp\/v2\/posts\/1164\/revisions\/4912"}],"wp:featuredmedia":[{"embeddable":true,"href":"https:\/\/lavoiedessansvoix.fr\/lavoie\/wp-json\/wp\/v2\/media\/4911"}],"wp:attachment":[{"href":"https:\/\/lavoiedessansvoix.fr\/lavoie\/wp-json\/wp\/v2\/media?parent=1164"}],"wp:term":[{"taxonomy":"category","embeddable":true,"href":"https:\/\/lavoiedessansvoix.fr\/lavoie\/wp-json\/wp\/v2\/categories?post=1164"},{"taxonomy":"post_tag","embeddable":true,"href":"https:\/\/lavoiedessansvoix.fr\/lavoie\/wp-json\/wp\/v2\/tags?post=1164"}],"curies":[{"name":"wp","href":"https:\/\/api.w.org\/{rel}","templated":true}]}}