{"id":1163,"date":"2015-01-20T06:37:00","date_gmt":"2015-01-20T05:37:00","guid":{"rendered":"https:\/\/lavoiedessansvoix.fr\/lavoie\/2015\/01\/20\/archive-les-origines-du-terrorisme-islamiste-et-de-la-mauvaise-facon-de-le-combattre\/"},"modified":"2026-04-26T22:38:06","modified_gmt":"2026-04-26T20:38:06","slug":"archive-les-origines-du-terrorisme-islamiste-et-de-la-mauvaise-facon-de-le-combattre","status":"publish","type":"post","link":"https:\/\/lavoiedessansvoix.fr\/lavoie\/2015\/01\/20\/archive-les-origines-du-terrorisme-islamiste-et-de-la-mauvaise-facon-de-le-combattre\/","title":{"rendered":"LES ORIGINES DU TERRORISME ISLAMISTE*  Et de la mauvaise fa\u00e7on de le combattre."},"content":{"rendered":"<p>LES ORIGINES DU TERRORISME ISLAMISTE*Et de la mauvaise fa\u00e7on de le combattre. Il y a quelques ann\u00e9es de \u00e7a la France, 4\u00e8me puissance occidentale, se signalait dans le monde par une politique plus \u00e9quilibr\u00e9e. Alors que les USA, qui avaient acquis la r\u00e9putation de \u00ab gendarmes du monde \u00bb \u00e9taient l\u2019objet de l\u2019inimit\u00e9 et des haines, des anciens peuples et nations coloniales, la politique \u00ab Gaullienne \u00bb de la France, ind\u00e9pendante de celle des USA, lui valait, en retour les sympathies de nombreux peuples et nations. Si Lionel Jospin, d\u00e9j\u00e0 la (pr\u00e9tendue) gauche, am\u00e9ricanophile et atlantiste, alors premier ministre de Jacques Chirac, s\u2019\u00e9tait fait \u00ab caillasser \u00bb par les \u00e9tudiants Palestiniens de l\u2019universit\u00e9 Bir Zeit (ann\u00e9e 2000), Jacques Chirac lui, avait su trouver le chemin de leur c\u0153ur en pronon\u00e7ant cette phrase \u00ab  On ne vient pas \u00e0 bout de l\u2019\u00e9motion d\u2019un peuple avec des chars \u00bb.  Ce positionnement \u00ab Gaullien \u00bb de la France a \u00e9t\u00e9 liquid\u00e9 en 2007 par Nicolas Sarkozy qui a opt\u00e9 pour l\u2019alignement total de la diplomatie de notre pays sur celle des \u00c9tats-Unis. Sarkozy et Hollande \u00e0 sa suite ont fait all\u00e9geance au Suzerain am\u00e9ricain. La France a endoss\u00e9 le r\u00f4le de nation mercenaire \u00e0 la solde des USA. L\u2019administration US tire en v\u00e9rit\u00e9 toutes les ficelles, mais ce sont la France \u00bb et au besoin l\u2019Angleterre \u00ab qui vont au charbon \u00bb. Et, comme de bien-entendu, c\u2019est notre cher pays qui r\u00e9colte les haines et la col\u00e8re des peuples et communaut\u00e9s agress\u00e9es et humili\u00e9es.   Parce qu\u2019il faut bien le dire, si les m\u00e9thodes de combat de certains groupes islamistes radicaux, rel\u00e8vent v\u00e9ritablement du \u00ab terrorisme \u00bb au sens \u00e9tymologique, pour autant on ne finit pas la question en la ramenant toute enti\u00e8re au \u00ab terrorisme \u00bb. Le terrorisme \u00bb en soi, sorti de la r\u00e9alit\u00e9 politique et sociale qui l\u2019engendre, cela ne veut pas dire grand-chose, et quand on a ainsi stigmatis\u00e9 \u00ab le terrorisme \u00bb, on a rien dit ni sur le \u00ab terreau qui le nourrit \u00bb, ni sur les moyens de le circonvenir. Le concept \u00ab de guerre au terrorisme \u00bb d\u00e9velopp\u00e9 par l\u2019administration Bush, apr\u00e8s les attentats de 2001 \u00e0 New-York, est devenu  un fourre-tout qui a surtout pour fonction  d\u2019entretenir la confusion afin de ne pas s\u2019interroger ni sur les origines ni sur les causes des combats qui s\u2019expriment de la sorte : \u00ab Cachez donc ses r\u00e9alit\u00e9s que je ne veux pas voir \u00bb. Ainsi, la cause nationale Palestinienne, dans les ann\u00e9es 1970 1980, eut recours au terrorisme pour imposer sa reconnaissance au monde. Etait-elle pour autant moins l\u00e9gitime ? Suffisait-il de la nier, au pr\u00e9texte des formes terroristes de son combat d\u2019alors, pour l\u2019annuler ?  Tout amalgamer dans la \u00ab cat\u00e9gorie \u00bb infamante de \u00ab terrorisme \u00bb est en v\u00e9rit\u00e9 un moyen ais\u00e9 pour les puissances dominatrices de refuser de connaitre le fond des choses qui met en cause leurs politiques, le v\u00e9ritable sens des combats qui seul d\u00e9cide de leur \u00e9ventuelle l\u00e9gitimit\u00e9 ou ill\u00e9gitimit\u00e9.  Nos dirigeants Occidentaux font mine de s\u2019\u00e9tonner d\u2019\u00eatre attaqu\u00e9s par l\u2019Islamisme radical. Ceux-l\u00e0 seraient des terroristes par nature, qui \u00ab nous \u00bb attaqueraient sans raison apparentes, autre que celles de leurs d\u00e9lires  religieux. Au demeurant ce ne seraient pas de vrais musulmans, seulement probablement de vrais terroristes. Ils seraient donc la repr\u00e9sentation m\u00eame de la \u00ab barbarie \u00bb et nous serions  \u00ab\u00a0les gardiens de la civilisation humaine\u00a0\u00bb. Ils seraient le dragon de l\u2019enfer et \u00ab\u00a0nous\u00a0\u00bb, l\u2019ange Saint Michel fond\u00e9 \u00e0 le terrasser.  Mais la r\u00e9alit\u00e9 est bien diff\u00e9rente. Certes les musulmans de chez nous que les autorit\u00e9s de nos pays s\u2019efforcent \u00ab d\u2019assimiler \u00bb, seraient bien Kamikazes s\u2019ils s\u2019avisaient \u00e0 soutenir ouvertement les th\u00e8ses du monde Islamique. Mais les r\u00e9actions provoqu\u00e9es par la sortie du premier num\u00e9ro \u00ab posthume \u00bb de Charlie Hebdo, le prouvent, rien ne sert de se voiler la face, les pr\u00e9tendus \u00ab mauvais \u00bb ou \u00ab non \u00bb musulmans, sont en ad\u00e9quation avec le sentiment quasi unanime des musulmans, non pas avec quelques fous isol\u00e9s, mais avec tout un peuple gigantesque de 1 milliard 700 millions d\u2019\u00eatres, un quart de l\u2019humanit\u00e9.  Et c\u2019est donc la France, parce qu\u2019elle est en premi\u00e8re ligne et qu\u2019elle le revendique avec arrogance, qui focalise \u00e0 pr\u00e9sent toutes les haines de ce peuple immense, aux lieux et places des USA qui restent prudemment un pas derri\u00e8re. La c\u00f4te de popularit\u00e9 de Fran\u00e7ois Hollande a fait un bon gigantesque dans la foul\u00e9e des attentats de la semaine derni\u00e8re \u00e0 Paris. C\u2019est une mal\u00e9diction. Car cela l\u2019encourage \u00e0 poursuivre dans la voie \u00ab de la guerre \u00bb qui nous m\u00e8ne droit au mur.   On peut affirmer en effet, comme le font nos pouvoirs publics, et c\u2019est ici que l\u2019on prendra toute la mesure de la folie du propos, que ce peuple \u00ab des croyants \u00bb est \u00ab moyen\u00e2geux \u00bb, arri\u00e9r\u00e9, \u00ab compatible certes avec la d\u00e9mocratie \u00bb mais en son \u00e9tat de \u00bb nature  l\u2019incarnation m\u00eame de la barbarie qu\u2019il faut vaincre. On peut vouloir ainsi se conforter et justifier \u00ab notre \u00bb fuite en avant, tant dans l\u2019agression verbale que militaire  Ou pourrait tout aussi bien s\u2019interroger sur les causes, origines et sens de cette situation. Le Shah d\u2019Iran voulu \u00ab occidentaliser \u00bb la soci\u00e9t\u00e9 Iranienne par la contrainte et en marche forc\u00e9e. Quand le peuple Iranien se souleva contre la domination des compagnies p\u00e9troli\u00e8res occidentales et la dictature des Pahlavi, la mobilisation, comme une rivi\u00e8re en crue, repris le n\u00e9cessaire lit de la tradition historique et du retour aux racines identitaires. C\u2019est le m\u00eame ph\u00e9nom\u00e8ne qui explique, malgr\u00e9 les r\u00e9pressions multiples et f\u00e9roces, la puissance persistante des fr\u00e8res musulmans dans plusieurs soci\u00e9t\u00e9s et nations arabes. Le radicalisme religieux ne s\u2019explique pas en lui-m\u00eame par l\u2019illumination ou la folie de quelques \u00ab oul\u00e9mas. Il est le produit de l\u2019humiliation s\u00e9culaire des arabes, et tout particuli\u00e8rement de celles que leur ont inflig\u00e9es les puissances occidentales (Angleterre, France et USA) depuis la d\u00e9faite de et la dissolution de l\u2019Empire Ottoman. Or \u00e0 ce lourd passif historique vient s\u2019ajouter le bilan r\u00e9cent des pr\u00e9tendus \u00ab printemps arabes \u00bb, des interventions militaires et ing\u00e9rences en Libye et en Syrie.  Ce bilan, que les peuples arabes n\u2019ont pourtant pas encore totalement tir\u00e9 est catastrophique, effarant, hallucinant. Les puissances occidentales s\u2019emparant du soul\u00e8vement Tunisien, l\u2019instrumentalis\u00e8rent pour aboutir \u00e0 une simple \u00ab transition d\u00e9mocratique \u00bb par les vertus de laquelle les tunisiens eurent r\u00e9cemment l\u2019insigne honneur d\u2019\u00e9lire leur nouveau dictateur au suffrage universel. Or cette \u00ab r\u00e9volution tunisienne \u00bb \u00e0 peine manifest\u00e9, toutes les sir\u00e8nes de la m\u00e9dia-sph\u00e8re occidentale se mirent \u00e0 nous annoncer un bouleversement \u00ab d\u00e9mocratique \u00bb gigantesque du monde arabo-musulman. On allait voir ce que l\u2019on allait voir. La \u00ab r\u00e9volution \u00bb tunisienne allait faire tache d\u2019huile. Il y aurait des r\u00e9volutions d\u00e9mocratiques partout. Et de fait des mouvements de foule eurent leu en Alg\u00e9rie, au Maroc, en Egypte, \u00e0 Bahre\u00efn, au Y\u00e9men, en Libye, en Syrie, et m\u00eame en Jordanie. Mais bien vite la baudruche se d\u00e9gonfla partout. A Bahre\u00efn par la r\u00e9pression, au Y\u00e9men par la guerre, en Alg\u00e9rie par rien, au Maroc par \u00ab des r\u00e9formettes \u00bb avec lesquelles le roi Mohamed VI se fit \u00ab champion de la d\u00e9mocratie. L\u2019Egypte et la Tunisie connurent des \u00e9lections libres qui comme de bien entendu propuls\u00e8rent les fr\u00e8res et partis musulmans \u00e0 la direction de ces pays. Puis une nouvelle mobilisation \u00ab des forces d\u00e9mocratiques \u00bb en Egypte pour d\u00e9faire  l\u2019\u0153uvre du suffrage universel et donner les commandes \u00e0 la dictature militaire. De m\u00eame en Tunisie o\u00f9 le parti \u00ab ennahdha \u00bb \u00ab d\u00e9mocratiquement \u00e9lu \u00bb s\u2019est fait \u00ab d\u00e9mocratiquement bouter \u00bb hors du pouvoir. En Libye l\u2019insurrection de Benghazi soutenu par l\u2019intervention Franco Anglaise a abouti avec la destruction de la Jamahiriya \u00e0 un chaos indescriptible, et l\u2019ing\u00e9rence occidentale en Syrie \u00e0 une guerre sanglante et destructrice prolong\u00e9e et encore en cours. Cons\u00e9quence de l\u2019intervention de la coalition am\u00e9ricaine, l\u2019Irak est aujourd\u2019hui partitionn\u00e9 en trois Etats de fait. Les Djihadistes qui s\u2019\u00e9tait engag\u00e9s dans le combat contre les m\u00e9cr\u00e9ants Kadhafi et Assad, sous la direction du Qatar et de l\u2019Arabie Saoudite, et sous l\u2019aile protectrice des USA de la France et du Royaume-Uni, sont \u00e0 pr\u00e9sent stigmatis\u00e9s et attaqu\u00e9s par leurs alli\u00e9s de la veille. Tel est le bilan \u00ab apocalyptique \u00bb des \u00ab printemps arabes \u00bb et des diverses op\u00e9rations militaires am\u00e9ricano-occidentale.   Qu\u2019ils fussent partisans de l\u2019\u00c9tat la\u00efque sous la direction des partis Baas Irakien et Syriens, partisans de l\u2019\u00c9tat la\u00efque \u00c9gyptien sous L\u2019aile de l\u2019arm\u00e9e, jeunesses occidentalis\u00e9e qui s\u2019\u00e9taient embarqu\u00e9es dans l\u2019aventure de la \u00ab r\u00e9volution d\u00e9mocratique \u00bb, partis Islamistes mis \u00e0 l\u2019\u00e9cart du pouvoir et stigmatis\u00e9s, Djihadistes ayant pris les armes pour combattre les r\u00e9gimes La\u00efques qualifi\u00e9s de \u00ab dictatures \u00bb par l\u2019Occident, toutes les composantes des soci\u00e9t\u00e9s et nations arabes, pas une n&rsquo;\u00e9chappe, ont  de bonnes raisons de se sentir flou\u00e9s, roul\u00e9s dans la farine. Quoi d\u2019\u00e9tonnement d\u00e8s lors si cette situation aboutit \u00e0 un repli identitaire dont la religion, en terre d\u2019Islam, est la r\u00e9f\u00e9rence obligatoire.  ET c\u2019est \u00e0 ces humiliations, \u00e0 ces frustrations, multiples et cumul\u00e9es, que les dirigeants occidentaux entendent r\u00e9pondre par la fuite en avant, la globalisation de la guerre des civilisations, c\u2019est-\u00e0-dire de nouvelles frustrations et humiliations pires encore ? Et c\u2019est cela qu\u2019ils voudraient \u00ab nous vendre \u00bb comme un rem\u00e8de contre les maux du terrorisme ? Leur politique est criminelle, car leur but v\u00e9ritable n\u2019est pas tant de lutter contre le terrorisme, que de justifier leurs desseins de guerre.  Mardi 20 janvier 2015.  \u00b7         Dans la plaquette \u00ab Des armes pour la Palestine \u00bb publi\u00e9e en f\u00e9vrier 2002, nous consacrions un chapitre (intitul\u00e9 : \u00ab Une guerre injuste \u00bb) \u00e0 cette question \u00ab du terrorisme \u00bb (Pages 17 \u00e0 23).<\/p>\n","protected":false},"excerpt":{"rendered":"<p>LES ORIGINES DU TERRORISME ISLAMISTE*Et de la mauvaise fa\u00e7on de le combattre. Il y a quelques ann\u00e9es de \u00e7a la [&hellip;]<\/p>\n","protected":false},"author":1,"featured_media":4909,"comment_status":"open","ping_status":"open","sticky":false,"template":"","format":"standard","meta":{"sfsi_plus_gutenberg_text_before_share":"","sfsi_plus_gutenberg_show_text_before_share":"","sfsi_plus_gutenberg_icon_type":"","sfsi_plus_gutenberg_icon_alignemt":"","sfsi_plus_gutenburg_max_per_row":"","site-sidebar-layout":"default","site-content-layout":"","ast-site-content-layout":"default","site-content-style":"default","site-sidebar-style":"default","ast-global-header-display":"","ast-banner-title-visibility":"","ast-main-header-display":"","ast-hfb-above-header-display":"","ast-hfb-below-header-display":"","ast-hfb-mobile-header-display":"","site-post-title":"","ast-breadcrumbs-content":"","ast-featured-img":"","footer-sml-layout":"","ast-disable-related-posts":"","theme-transparent-header-meta":"","adv-header-id-meta":"","stick-header-meta":"","header-above-stick-meta":"","header-main-stick-meta":"","header-below-stick-meta":"","astra-migrate-meta-layouts":"default","ast-page-background-enabled":"default","ast-page-background-meta":{"desktop":{"background-color":"var(--ast-global-color-4)","background-image":"","background-repeat":"repeat","background-position":"center center","background-size":"auto","background-attachment":"scroll","background-type":"","background-media":"","overlay-type":"","overlay-color":"","overlay-opacity":"","overlay-gradient":""},"tablet":{"background-color":"","background-image":"","background-repeat":"repeat","background-position":"center center","background-size":"auto","background-attachment":"scroll","background-type":"","background-media":"","overlay-type":"","overlay-color":"","overlay-opacity":"","overlay-gradient":""},"mobile":{"background-color":"","background-image":"","background-repeat":"repeat","background-position":"center center","background-size":"auto","background-attachment":"scroll","background-type":"","background-media":"","overlay-type":"","overlay-color":"","overlay-opacity":"","overlay-gradient":""}},"ast-content-background-meta":{"desktop":{"background-color":"var(--ast-global-color-5)","background-image":"","background-repeat":"repeat","background-position":"center center","background-size":"auto","background-attachment":"scroll","background-type":"","background-media":"","overlay-type":"","overlay-color":"","overlay-opacity":"","overlay-gradient":""},"tablet":{"background-color":"var(--ast-global-color-5)","background-image":"","background-repeat":"repeat","background-position":"center center","background-size":"auto","background-attachment":"scroll","background-type":"","background-media":"","overlay-type":"","overlay-color":"","overlay-opacity":"","overlay-gradient":""},"mobile":{"background-color":"var(--ast-global-color-5)","background-image":"","background-repeat":"repeat","background-position":"center center","background-size":"auto","background-attachment":"scroll","background-type":"","background-media":"","overlay-type":"","overlay-color":"","overlay-opacity":"","overlay-gradient":""}},"footnotes":""},"categories":[16],"tags":[],"class_list":["post-1163","post","type-post","status-publish","format-standard","has-post-thumbnail","hentry","category-archives-cms"],"_links":{"self":[{"href":"https:\/\/lavoiedessansvoix.fr\/lavoie\/wp-json\/wp\/v2\/posts\/1163","targetHints":{"allow":["GET"]}}],"collection":[{"href":"https:\/\/lavoiedessansvoix.fr\/lavoie\/wp-json\/wp\/v2\/posts"}],"about":[{"href":"https:\/\/lavoiedessansvoix.fr\/lavoie\/wp-json\/wp\/v2\/types\/post"}],"author":[{"embeddable":true,"href":"https:\/\/lavoiedessansvoix.fr\/lavoie\/wp-json\/wp\/v2\/users\/1"}],"replies":[{"embeddable":true,"href":"https:\/\/lavoiedessansvoix.fr\/lavoie\/wp-json\/wp\/v2\/comments?post=1163"}],"version-history":[{"count":1,"href":"https:\/\/lavoiedessansvoix.fr\/lavoie\/wp-json\/wp\/v2\/posts\/1163\/revisions"}],"predecessor-version":[{"id":4910,"href":"https:\/\/lavoiedessansvoix.fr\/lavoie\/wp-json\/wp\/v2\/posts\/1163\/revisions\/4910"}],"wp:featuredmedia":[{"embeddable":true,"href":"https:\/\/lavoiedessansvoix.fr\/lavoie\/wp-json\/wp\/v2\/media\/4909"}],"wp:attachment":[{"href":"https:\/\/lavoiedessansvoix.fr\/lavoie\/wp-json\/wp\/v2\/media?parent=1163"}],"wp:term":[{"taxonomy":"category","embeddable":true,"href":"https:\/\/lavoiedessansvoix.fr\/lavoie\/wp-json\/wp\/v2\/categories?post=1163"},{"taxonomy":"post_tag","embeddable":true,"href":"https:\/\/lavoiedessansvoix.fr\/lavoie\/wp-json\/wp\/v2\/tags?post=1163"}],"curies":[{"name":"wp","href":"https:\/\/api.w.org\/{rel}","templated":true}]}}