{"id":1162,"date":"2015-01-21T02:37:00","date_gmt":"2015-01-21T01:37:00","guid":{"rendered":"https:\/\/lavoiedessansvoix.fr\/lavoie\/2015\/01\/21\/archive-segolene-royal-ravit-la-premiere-place-au-tableau-d-honneur-de-l-echelle-ducon\/"},"modified":"2026-04-26T22:37:54","modified_gmt":"2026-04-26T20:37:54","slug":"archive-segolene-royal-ravit-la-premiere-place-au-tableau-d-honneur-de-l-echelle-ducon","status":"publish","type":"post","link":"https:\/\/lavoiedessansvoix.fr\/lavoie\/2015\/01\/21\/archive-segolene-royal-ravit-la-premiere-place-au-tableau-d-honneur-de-l-echelle-ducon\/","title":{"rendered":"S\u00c9GOL\u00c8NE ROYAL RAVIT LA PREMI\u00c8RE PLACE  AU TABLEAU D\u2019HONNEUR DE L\u2019\u00c9CHELLE DUCON"},"content":{"rendered":"<p>S\u00c9GOL\u00c8NE ROYAL RAVIT LA PREMI\u00c8RE PLACE   AU TABLEAU D\u2019HONNEUR DE L\u2019\u00c9CHELLE DUCON   Alors que les m\u00e9dias Occidentaux vocif\u00e9raient, hurlant \u00e0 l\u2019horreur des horreurs, apr\u00e8s la d\u00e9capitation de James Foley, nous avions propos\u00e9 \u00e0 nos lecteurs un petit jeu de classement de l\u2019\u00e9pouvante sur une \u00e9chelle de l\u2019horreur gradu\u00e9e de 1 \u00e0 10, que nous avions baptis\u00e9 \u2018l\u2019\u00e9chelle Ducon \u00bb du nom de son inventeur.  Je vous rassure ammis internautes, aucun des visiteurs de la voie des sans voix, n\u2019a \u00e9t\u00e9 assez impudent pour s\u2019amuser \u00e0 ce jeu absurde. Aucun n\u2019a aspir\u00e9 \u00e0 figurer tout en haut du tableau de d\u00e9shonneur de l\u2019\u00e9chelle Ducon.  Aux derni\u00e8res nouvelles s\u2019\u00e9tait donc Fran\u00e7ois Hollande qui restait toujours en t\u00eate, imbattu, depuis qu\u2019il avait expliqu\u00e9 sans ciller la raison que les puissances occidentales, dont la France, avaient eu, de sustenter les \u00ab coupeurs de t\u00eates pour lutter contre \u00ab un dictateur \u00bb (se reporter \u00e0 l\u2019article du 21 ao\u00fbt 2014).  Eh bien \u00e7a y est, il vient de perdre sa premi\u00e8re place. Il a \u00e9t\u00e9 battu par S\u00e9gol\u00e8ne Royal qui a d\u00e9clar\u00e9 il y a quelques jours \u00e0 J\u00e9rusalem \u00ab Tous les quatre sont mort parce que Juif. C\u2019est la plus r\u00e9voltante des morts. \u00bb  Volinsky, Cabu et Charb, qui sont mort parce que dessinateurs, les fusill\u00e9s du Mont Val\u00e9rien et toutes les victimes non juives des barbaries de l\u2019Histoire, avaient lieu de se  retourner dans leurs tombes en apprenant que leur supplice \u00e9tait \u00ab moins r\u00e9voltant \u00bb.  Mais si l\u2019on y songe bien les Juifs eux-m\u00eames auraient pu se sentir offenser. N\u2019a-t-elle pas dit que la pire des morts \u00e9tait de mourir Juif ? Ne voulait-elle pas dire par l\u00e0 que pour ne pas connaitre pareille horreur les Juifs seraient fond\u00e9s avant leur mort \u00e0 se convertir \u00e0 une autre religion du livre, plus moderne ?  Madame Royal a du langage oral une pratique tr\u00e8s approximative. Nous avions eu sur la \u00ab grande muraille \u00bb, et plusieurs autres fois dans le pass\u00e9, l\u2019occasion de le constater. C\u2019est sans nul doute un handicap pour embrasser la haute destin\u00e9e \u00e0 laquelle elle aspire.  S\u00e9gol\u00e8ne succ\u00e8de donc \u00e0 Fran\u00e7ois en t\u00eate du tableau d\u2019honneur (?) de l\u2019\u00e9chelle Ducon. S\u00e9gol\u00e8ne, Fran\u00e7ois, \u00e7a ne vous rappelle rien ? \u00ab C\u2019est une romance, c\u2019est une belle histoire \u00bb. Pas \u00e9tonnant que ces deux-l\u00e0 est fait un bout de chemin ensemble.  Lundi 19 Janvier 2015.<\/p>\n","protected":false},"excerpt":{"rendered":"<p>S\u00c9GOL\u00c8NE ROYAL RAVIT LA PREMI\u00c8RE PLACE AU TABLEAU D\u2019HONNEUR DE L\u2019\u00c9CHELLE DUCON Alors que les m\u00e9dias Occidentaux vocif\u00e9raient, hurlant \u00e0 [&hellip;]<\/p>\n","protected":false},"author":1,"featured_media":4907,"comment_status":"open","ping_status":"open","sticky":false,"template":"","format":"standard","meta":{"sfsi_plus_gutenberg_text_before_share":"","sfsi_plus_gutenberg_show_text_before_share":"","sfsi_plus_gutenberg_icon_type":"","sfsi_plus_gutenberg_icon_alignemt":"","sfsi_plus_gutenburg_max_per_row":"","site-sidebar-layout":"default","site-content-layout":"","ast-site-content-layout":"default","site-content-style":"default","site-sidebar-style":"default","ast-global-header-display":"","ast-banner-title-visibility":"","ast-main-header-display":"","ast-hfb-above-header-display":"","ast-hfb-below-header-display":"","ast-hfb-mobile-header-display":"","site-post-title":"","ast-breadcrumbs-content":"","ast-featured-img":"","footer-sml-layout":"","ast-disable-related-posts":"","theme-transparent-header-meta":"","adv-header-id-meta":"","stick-header-meta":"","header-above-stick-meta":"","header-main-stick-meta":"","header-below-stick-meta":"","astra-migrate-meta-layouts":"default","ast-page-background-enabled":"default","ast-page-background-meta":{"desktop":{"background-color":"var(--ast-global-color-4)","background-image":"","background-repeat":"repeat","background-position":"center center","background-size":"auto","background-attachment":"scroll","background-type":"","background-media":"","overlay-type":"","overlay-color":"","overlay-opacity":"","overlay-gradient":""},"tablet":{"background-color":"","background-image":"","background-repeat":"repeat","background-position":"center center","background-size":"auto","background-attachment":"scroll","background-type":"","background-media":"","overlay-type":"","overlay-color":"","overlay-opacity":"","overlay-gradient":""},"mobile":{"background-color":"","background-image":"","background-repeat":"repeat","background-position":"center center","background-size":"auto","background-attachment":"scroll","background-type":"","background-media":"","overlay-type":"","overlay-color":"","overlay-opacity":"","overlay-gradient":""}},"ast-content-background-meta":{"desktop":{"background-color":"var(--ast-global-color-5)","background-image":"","background-repeat":"repeat","background-position":"center center","background-size":"auto","background-attachment":"scroll","background-type":"","background-media":"","overlay-type":"","overlay-color":"","overlay-opacity":"","overlay-gradient":""},"tablet":{"background-color":"var(--ast-global-color-5)","background-image":"","background-repeat":"repeat","background-position":"center center","background-size":"auto","background-attachment":"scroll","background-type":"","background-media":"","overlay-type":"","overlay-color":"","overlay-opacity":"","overlay-gradient":""},"mobile":{"background-color":"var(--ast-global-color-5)","background-image":"","background-repeat":"repeat","background-position":"center center","background-size":"auto","background-attachment":"scroll","background-type":"","background-media":"","overlay-type":"","overlay-color":"","overlay-opacity":"","overlay-gradient":""}},"footnotes":""},"categories":[16],"tags":[],"class_list":["post-1162","post","type-post","status-publish","format-standard","has-post-thumbnail","hentry","category-archives-cms"],"_links":{"self":[{"href":"https:\/\/lavoiedessansvoix.fr\/lavoie\/wp-json\/wp\/v2\/posts\/1162","targetHints":{"allow":["GET"]}}],"collection":[{"href":"https:\/\/lavoiedessansvoix.fr\/lavoie\/wp-json\/wp\/v2\/posts"}],"about":[{"href":"https:\/\/lavoiedessansvoix.fr\/lavoie\/wp-json\/wp\/v2\/types\/post"}],"author":[{"embeddable":true,"href":"https:\/\/lavoiedessansvoix.fr\/lavoie\/wp-json\/wp\/v2\/users\/1"}],"replies":[{"embeddable":true,"href":"https:\/\/lavoiedessansvoix.fr\/lavoie\/wp-json\/wp\/v2\/comments?post=1162"}],"version-history":[{"count":1,"href":"https:\/\/lavoiedessansvoix.fr\/lavoie\/wp-json\/wp\/v2\/posts\/1162\/revisions"}],"predecessor-version":[{"id":4908,"href":"https:\/\/lavoiedessansvoix.fr\/lavoie\/wp-json\/wp\/v2\/posts\/1162\/revisions\/4908"}],"wp:featuredmedia":[{"embeddable":true,"href":"https:\/\/lavoiedessansvoix.fr\/lavoie\/wp-json\/wp\/v2\/media\/4907"}],"wp:attachment":[{"href":"https:\/\/lavoiedessansvoix.fr\/lavoie\/wp-json\/wp\/v2\/media?parent=1162"}],"wp:term":[{"taxonomy":"category","embeddable":true,"href":"https:\/\/lavoiedessansvoix.fr\/lavoie\/wp-json\/wp\/v2\/categories?post=1162"},{"taxonomy":"post_tag","embeddable":true,"href":"https:\/\/lavoiedessansvoix.fr\/lavoie\/wp-json\/wp\/v2\/tags?post=1162"}],"curies":[{"name":"wp","href":"https:\/\/api.w.org\/{rel}","templated":true}]}}