{"id":1161,"date":"2015-01-22T03:43:00","date_gmt":"2015-01-22T02:43:00","guid":{"rendered":"https:\/\/lavoiedessansvoix.fr\/lavoie\/2015\/01\/22\/archive-barak-obama-n-est-pas-charlie-ou-les-usa-un-pas-derriere\/"},"modified":"2026-04-26T22:37:42","modified_gmt":"2026-04-26T20:37:42","slug":"archive-barak-obama-n-est-pas-charlie-ou-les-usa-un-pas-derriere","status":"publish","type":"post","link":"https:\/\/lavoiedessansvoix.fr\/lavoie\/2015\/01\/22\/archive-barak-obama-n-est-pas-charlie-ou-les-usa-un-pas-derriere\/","title":{"rendered":"BARAK OBAMA N\u2019EST PAS \u00ab CHARLIE \u00bb.  OU, LES USA, UN PAS DERRIERE"},"content":{"rendered":"<p>BARAK OBAMA N\u2019EST PAS \u00ab CHARLIE \u00bb.  OU, LES USA, UN PAS DERRI\u00c8RE  Ni Barak Obama, ni John Kerry, ni aucune autre personnalit\u00e9 am\u00e9ricaine d\u2019importance n\u2019a pris part \u00e0 la manifestation nationale du dimanche 11 janvier.  John Kerry est venu une semaine plus tard en \u00ab p\u00e8lerinage \u00e0 Paris \u00bb, faire une accolade fort ostentatoire \u00e0 Hollande, pour relativiser ce qui de la part de tout autre que les USA, aurait \u00e9t\u00e9 interpr\u00e9t\u00e9 par nos pouvoirs public et nos m\u00e9dias \u00e0 la solde, comme un affront fait \u00e0 la France.  Alors certes, comme c\u2019est de rigueur en ces cas-l\u00e0, le chef de la diplomatie am\u00e9ricaine, a expliqu\u00e9 l\u2019absence \u00ab du prix Nobel de la paix \u00bb, par une excuse fort diplomatique, de \u00ab calendrier charg\u00e9 \u00bb.  Que l\u2019on y songe quelques instants : le journal satirique \u00ab Charlie Hebdo \u00bb, le magasin hyper-cacher, \u00e0 travers eux, le pays tout entier est la cible d\u2019attaques terroristes, cons\u00e9quences de la politique Belliciste voulue par les USA au Moyen-Orient, et dont la France n\u2019est en v\u00e9rit\u00e9 que l\u2019ex\u00e9cuteur docile et (\u2026) il est vrai. Et en de telles circonstances, les plus hautes autorit\u00e9s des Etats-Unis ne daignent pas se joindre aux chefs d\u2019\u00c9tats du monde occidental dont ils sont le chef de file, lors de la manifestation \u00ab Nationale \u00bb appel\u00e9e par le gouvernement de la France et le pr\u00e9sident de la R\u00e9publique en personne. C\u2019est un peu comme si, \u00e0 l\u2019occasion d\u2019un hommage rendu aux invalides \u00bb \u00e0 des policiers morts en service, le ministre de l\u2019int\u00e9rieur se d\u00e9robait au pr\u00e9texte de son emploi du temps charg\u00e9.  Devant la gravit\u00e9 des faits, et la port\u00e9e de leurs symbolique, chacun l\u2019a compris l\u2019excuse ne tient pas. Elle est du niveau des migraines invoqu\u00e9es par la dame, du th\u00e9\u00e2tre de boulevard, qui ne veut pas recevoir l\u2019hommage de son mari.  La v\u00e9rit\u00e9 est pourtant toute simple. Certes les USA et les autorit\u00e9s am\u00e9ricaines partagent enti\u00e8rement l\u2019\u00e9motion et l\u2019indignation de la France, condamnent les attentats et la Barbarie qui les touchent et touchent leurs amis et alli\u00e9s*. Cela ne fait pas le moindre doute.  Mais la France officielle ce jour-l\u00e0 c\u2019est r\u00e9unie au nom de \u00ab la libert\u00e9 d\u2019expression \u00bb sous le signe \u00ab je suis Charlie \u00bb. Or les USA, il faudrait dire \u00ab les anglo-saxons \u00bb, s\u2019ils sont attach\u00e9s au principe de \u00ab la libert\u00e9 d\u2019expression \u00bb, ne lui donnent pas tout \u00e0 fait le m\u00eame sens que nous, surtout en mati\u00e8re de respect des cultes et de blasph\u00e8me.  Barak Obama, les autorit\u00e9s f\u00e9d\u00e9rales am\u00e9ricaines \u00ab ne sont pas Charlie \u00bb, elles n\u2019ont pas voulu se joindre \u00e0 une manifestation qui revendiquait son identification aux blasph\u00e9mateurs. Elles ont voulu, de la sorte, m\u00e9nager la susceptibilit\u00e9 du monde musulman, et de leur propre soci\u00e9t\u00e9.  Nous sommes avec toi France, ont dit les USA, pais un pas derri\u00e8re, une semaine apr\u00e8s.  Jeudi 22 janvier 2015.* Le terrorisme Islamiste radical des \u00ab\u00a0coupeurs de t\u00eate\u00a0\u00bb, touche la Syrie de plein fouet depuis trois ans, plusieurs attentats d\u00e9vastateurs ont \u00e9t\u00e9 pertp\u00e9tr\u00e9s contre les autorit\u00e9s l\u00e9gales de ce pays, des centaines de soldats ou ressortissants syriens, ont \u00e9t\u00e9 d\u00e9capit\u00e9s, sans que les USA ni aucun pays occidental ne s&rsquo;en \u00e9meuvent. Au contraire, ils ont justifli\u00e9 cette violence l\u00e0 , politiquement et militairement soutenu ses auteurs. Ils ne s&rsquo;\u00e9meuvent pas d&rsquo;avantage de la terreur d&rsquo;Etat qu&rsquo;Isra\u00ebl, leur alli\u00e9, inflige \u00e0 Gaza.<\/p>\n","protected":false},"excerpt":{"rendered":"<p>BARAK OBAMA N\u2019EST PAS \u00ab CHARLIE \u00bb. OU, LES USA, UN PAS DERRI\u00c8RE Ni Barak Obama, ni John Kerry, ni [&hellip;]<\/p>\n","protected":false},"author":1,"featured_media":4905,"comment_status":"open","ping_status":"open","sticky":false,"template":"","format":"standard","meta":{"sfsi_plus_gutenberg_text_before_share":"","sfsi_plus_gutenberg_show_text_before_share":"","sfsi_plus_gutenberg_icon_type":"","sfsi_plus_gutenberg_icon_alignemt":"","sfsi_plus_gutenburg_max_per_row":"","site-sidebar-layout":"default","site-content-layout":"","ast-site-content-layout":"default","site-content-style":"default","site-sidebar-style":"default","ast-global-header-display":"","ast-banner-title-visibility":"","ast-main-header-display":"","ast-hfb-above-header-display":"","ast-hfb-below-header-display":"","ast-hfb-mobile-header-display":"","site-post-title":"","ast-breadcrumbs-content":"","ast-featured-img":"","footer-sml-layout":"","ast-disable-related-posts":"","theme-transparent-header-meta":"","adv-header-id-meta":"","stick-header-meta":"","header-above-stick-meta":"","header-main-stick-meta":"","header-below-stick-meta":"","astra-migrate-meta-layouts":"default","ast-page-background-enabled":"default","ast-page-background-meta":{"desktop":{"background-color":"var(--ast-global-color-4)","background-image":"","background-repeat":"repeat","background-position":"center center","background-size":"auto","background-attachment":"scroll","background-type":"","background-media":"","overlay-type":"","overlay-color":"","overlay-opacity":"","overlay-gradient":""},"tablet":{"background-color":"","background-image":"","background-repeat":"repeat","background-position":"center center","background-size":"auto","background-attachment":"scroll","background-type":"","background-media":"","overlay-type":"","overlay-color":"","overlay-opacity":"","overlay-gradient":""},"mobile":{"background-color":"","background-image":"","background-repeat":"repeat","background-position":"center center","background-size":"auto","background-attachment":"scroll","background-type":"","background-media":"","overlay-type":"","overlay-color":"","overlay-opacity":"","overlay-gradient":""}},"ast-content-background-meta":{"desktop":{"background-color":"var(--ast-global-color-5)","background-image":"","background-repeat":"repeat","background-position":"center center","background-size":"auto","background-attachment":"scroll","background-type":"","background-media":"","overlay-type":"","overlay-color":"","overlay-opacity":"","overlay-gradient":""},"tablet":{"background-color":"var(--ast-global-color-5)","background-image":"","background-repeat":"repeat","background-position":"center center","background-size":"auto","background-attachment":"scroll","background-type":"","background-media":"","overlay-type":"","overlay-color":"","overlay-opacity":"","overlay-gradient":""},"mobile":{"background-color":"var(--ast-global-color-5)","background-image":"","background-repeat":"repeat","background-position":"center center","background-size":"auto","background-attachment":"scroll","background-type":"","background-media":"","overlay-type":"","overlay-color":"","overlay-opacity":"","overlay-gradient":""}},"footnotes":""},"categories":[16],"tags":[],"class_list":["post-1161","post","type-post","status-publish","format-standard","has-post-thumbnail","hentry","category-archives-cms"],"_links":{"self":[{"href":"https:\/\/lavoiedessansvoix.fr\/lavoie\/wp-json\/wp\/v2\/posts\/1161","targetHints":{"allow":["GET"]}}],"collection":[{"href":"https:\/\/lavoiedessansvoix.fr\/lavoie\/wp-json\/wp\/v2\/posts"}],"about":[{"href":"https:\/\/lavoiedessansvoix.fr\/lavoie\/wp-json\/wp\/v2\/types\/post"}],"author":[{"embeddable":true,"href":"https:\/\/lavoiedessansvoix.fr\/lavoie\/wp-json\/wp\/v2\/users\/1"}],"replies":[{"embeddable":true,"href":"https:\/\/lavoiedessansvoix.fr\/lavoie\/wp-json\/wp\/v2\/comments?post=1161"}],"version-history":[{"count":1,"href":"https:\/\/lavoiedessansvoix.fr\/lavoie\/wp-json\/wp\/v2\/posts\/1161\/revisions"}],"predecessor-version":[{"id":4906,"href":"https:\/\/lavoiedessansvoix.fr\/lavoie\/wp-json\/wp\/v2\/posts\/1161\/revisions\/4906"}],"wp:featuredmedia":[{"embeddable":true,"href":"https:\/\/lavoiedessansvoix.fr\/lavoie\/wp-json\/wp\/v2\/media\/4905"}],"wp:attachment":[{"href":"https:\/\/lavoiedessansvoix.fr\/lavoie\/wp-json\/wp\/v2\/media?parent=1161"}],"wp:term":[{"taxonomy":"category","embeddable":true,"href":"https:\/\/lavoiedessansvoix.fr\/lavoie\/wp-json\/wp\/v2\/categories?post=1161"},{"taxonomy":"post_tag","embeddable":true,"href":"https:\/\/lavoiedessansvoix.fr\/lavoie\/wp-json\/wp\/v2\/tags?post=1161"}],"curies":[{"name":"wp","href":"https:\/\/api.w.org\/{rel}","templated":true}]}}