{"id":1160,"date":"2015-01-22T17:33:00","date_gmt":"2015-01-22T16:33:00","guid":{"rendered":"https:\/\/lavoiedessansvoix.fr\/lavoie\/2015\/01\/22\/archive-coup-de-gueule-petit-conseil-pour-cette-jeunesse-que-les-gouvernants-tancent-et\/"},"modified":"2015-01-22T17:33:00","modified_gmt":"2015-01-22T16:33:00","slug":"archive-coup-de-gueule-petit-conseil-pour-cette-jeunesse-que-les-gouvernants-tancent-et","status":"publish","type":"post","link":"https:\/\/lavoiedessansvoix.fr\/lavoie\/2015\/01\/22\/archive-coup-de-gueule-petit-conseil-pour-cette-jeunesse-que-les-gouvernants-tancent-et\/","title":{"rendered":"COUP DE GUEULE  (Petit conseil pour cette jeunesse que les gouvernants tancent et courtisent)"},"content":{"rendered":"<p>COUP DE GUEULE  (Petit conseil pour cette jeunesse que les gouvernants tancent et courtisent)Ils parlent, ils parlent, ils parlent beaucoup de libert\u00e9, de libert\u00e9 de conscience, de libert\u00e9 d\u2019expression, de libert\u00e9 de la presse. Ne sont-ils pas les champions de \u00ab LA LIBERT\u00c9 \u00bb sous toutes ses d\u00e9clinaisons. Ils donnent des le\u00e7ons de libert\u00e9 et de d\u00e9mocratie au monde entier, ils se proposent de \u00ab laver les cerveaux malades \u00bb d\u2019une jeunesse \u00e0 la d\u00e9rive, dans des \u00ab instituts de d\u00e9radicalisation \u00bb. Ils veulent enseigner aux jeunes qu\u2019il y a sur la toile toutes sortes d\u2019informations pas tr\u00e8s s\u00e9rieuses, des sites qui d\u00e9veloppent des th\u00e8ses \u00ab complotistes \u00bb abracadabrantes. Il faut, disent-ils, apprendre \u00e0 ces jeunes \u00e0 faire le tri, \u00e0 aller sur \u00ab des Sites s\u00e9rieux \u00bb  C\u2019est quoi des Sites, des organes d\u2019informations s\u00e9rieux ? Ceux qui pr\u00e9tendent pendant plusieurs jours que la vente d\u2019anxiolytiques \u00e0 fait un bon consid\u00e9rable \u00e0 la suite des attentats des 7 et 8 janvier, pour que l\u2019on apprenne finalement que se pique est saisonnier et qu\u2019il se reproduit chaque ann\u00e9e. Ce sont ceux qui pendant plus de deux ans donne foi \u00e0 l\u2019affirmation pr\u00e9sidentielle que la courbe du ch\u00f4mage va s\u2019inverser, pour finalement devoir reconnaitre que le ch\u00f4mage va encore progresser en 2015 ? C\u2019est quoi un organe d\u2019information \u00ab s\u00e9rieux \u00bb le journal t\u00e9l\u00e9vis\u00e9 de France 2 chaine publique, qui se permet ce soir en cinq minutes de temps de commettre deux mensonges par omission, qui s\u2019apparentent \u00e0 du r\u00e9visionnisme historique ?  Dans deux jours auront lieu \u00e0 Auschwitz les c\u00e9r\u00e9monies anniversaires de la lib\u00e9ration des camps d\u2019extermination nazis. Le  Pr\u00e9sident Poutine n\u2019a pas \u00e9t\u00e9 convi\u00e9 aux c\u00e9r\u00e9monies. C\u2019est une v\u00e9ritable injure faite \u00e0 la f\u00e9d\u00e9ration de Russie et \u00e0 l\u2019Histoire, quand on songe que ce camp pr\u00e9cis\u00e9ment fut lib\u00e9r\u00e9 par l\u2019arm\u00e9e rouge. Eh bien, France 2 invite deux t\u00e9moins de l\u2019horreur concentrationnaire, ceux-ci racontent. Des milliers de prisonniers ont \u00e9t\u00e9 mis sur les routes et dirig\u00e9s \u00e0 pied vers le camp de Buchenwald \u00e0 90 kilom\u00e8tres. UN des t\u00e9moins raconte qu\u2019il s\u2019est cach\u00e9 l\u00e0 parmi les cadavres en monceaux, et,  \u00ab et les am\u00e9ricains sont arriv\u00e9s. \u00bb Parlant ainsi d\u2019Auschwitz, avec des t\u00e9moins qui y ont s\u00e9journ\u00e9, David Pujadas r\u00e9ussit le tour de force de ne pas dire un mot de la lib\u00e9ration du camp par les sovi\u00e9tiques. Ce mensonge par omission mis en perspective avec l\u2019affront fait \u00e0 la Russie, laisse \u00e0 penser que l\u2019on est plus que dans l\u2019oubli ou la maladresse, mais dans le mensonge d\u00e9lib\u00e9r\u00e9 et la r\u00e9vision de l\u2019Histoire.  Sujet suivant. Petite excursion \u00e0 Saint-P\u00e9tersbourg, \u00ab la plus belle ville en hiver \u00bb. Elle fut construite apprend \u2013t-on, rapidement, par la volont\u00e9 d\u2019un homme, le tsar \u00ab Pierre le Grand \u00bb dont elle porte le nom. De nombreux drames historiques s\u2019y sont jou\u00e9s. On s\u2019arr\u00eate sur \u00ab l&rsquo;\u00e9glise Saint Sauveur sur le sang vers\u00e9 \u00bb \u00e9difi\u00e9e sur le lieu o\u00f9 le tsar Alexandre II Fut assassin\u00e9 en 1881, on entre dans le Palais Youssoupov o\u00f9 Raspoutine fut assassin\u00e9 aussi. Mais Saint-P\u00e9tersbourg c\u2019est la capitale des r\u00e9volutions Russe de 1905 et 1917. En voil\u00e0 des drames historiques majeurs qui ont fa\u00e7onn\u00e9 le monde. Et bien pas un mot sur la perspective Nevski th\u00e9\u00e2tre d\u2019un bain de sang, sur la Neva et le croiseur \u00ab Aurore \u00bb, sur la forteresse Pierre et Paul o\u00f9 s\u00e9journ\u00e8rent des g\u00e9n\u00e9rations de r\u00e9volutionnaires Russes, sur l\u2019institut Smolny qui fut le centre n\u00e9vralgique de la r\u00e9volution de 1917. Pas un mot sur la r\u00e9volution. C\u2019est comme si tout cela n\u2019avait pas exist\u00e9.  Mensonge par omission ? Mensonges tout court, falsification de l\u2019Histoire. Alors voyez jeunes gens, si vous voulez savoir la v\u00e9rit\u00e9, ne faites pas confiance non plus \u00e0 ces donneurs de le\u00e7ons qui ne font pas de l\u2019information mais de la propagande au service d\u2019une certaine v\u00e9rit\u00e9 officielle.  Mais peut-il vraiment en aller autrement ? Que donc voulez-vous que ce soit d\u2019autre \u00ab la libert\u00e9 d\u2019expression \u00bb sous le r\u00e9gime de \u00ab la pens\u00e9e unique \u00bb ?  Il y a de tout sur la toile, c&rsquo;est vrai. Cherchez, fouillez, formez \u00ab votre \u00bb v\u00e9rit\u00e9. La question n\u2019est pas celles des bonnes sources et des mauvaises, des organes d\u2019informations s\u00e9rieux ou pas, la question c\u2019est d\u2019exercer votre sens critique et votre libre arbitre afin de vous orienter vous-m\u00eame et de faire \u00ab\u00a0VOTRE\u00a0\u00bb tri, pas celui qu&rsquo;ils se proposent de faire pour vous.  Jeudi 22 janvier 2015.<\/p>\n","protected":false},"excerpt":{"rendered":"<p>COUP DE GUEULE (Petit conseil pour cette jeunesse que les gouvernants tancent et courtisent)Ils parlent, ils parlent, ils parlent beaucoup [&hellip;]<\/p>\n","protected":false},"author":1,"featured_media":0,"comment_status":"open","ping_status":"open","sticky":false,"template":"","format":"standard","meta":{"sfsi_plus_gutenberg_text_before_share":"","sfsi_plus_gutenberg_show_text_before_share":"","sfsi_plus_gutenberg_icon_type":"","sfsi_plus_gutenberg_icon_alignemt":"","sfsi_plus_gutenburg_max_per_row":"","site-sidebar-layout":"default","site-content-layout":"","ast-site-content-layout":"default","site-content-style":"default","site-sidebar-style":"default","ast-global-header-display":"","ast-banner-title-visibility":"","ast-main-header-display":"","ast-hfb-above-header-display":"","ast-hfb-below-header-display":"","ast-hfb-mobile-header-display":"","site-post-title":"","ast-breadcrumbs-content":"","ast-featured-img":"","footer-sml-layout":"","ast-disable-related-posts":"","theme-transparent-header-meta":"","adv-header-id-meta":"","stick-header-meta":"","header-above-stick-meta":"","header-main-stick-meta":"","header-below-stick-meta":"","astra-migrate-meta-layouts":"default","ast-page-background-enabled":"default","ast-page-background-meta":{"desktop":{"background-color":"var(--ast-global-color-4)","background-image":"","background-repeat":"repeat","background-position":"center center","background-size":"auto","background-attachment":"scroll","background-type":"","background-media":"","overlay-type":"","overlay-color":"","overlay-opacity":"","overlay-gradient":""},"tablet":{"background-color":"","background-image":"","background-repeat":"repeat","background-position":"center center","background-size":"auto","background-attachment":"scroll","background-type":"","background-media":"","overlay-type":"","overlay-color":"","overlay-opacity":"","overlay-gradient":""},"mobile":{"background-color":"","background-image":"","background-repeat":"repeat","background-position":"center center","background-size":"auto","background-attachment":"scroll","background-type":"","background-media":"","overlay-type":"","overlay-color":"","overlay-opacity":"","overlay-gradient":""}},"ast-content-background-meta":{"desktop":{"background-color":"var(--ast-global-color-5)","background-image":"","background-repeat":"repeat","background-position":"center center","background-size":"auto","background-attachment":"scroll","background-type":"","background-media":"","overlay-type":"","overlay-color":"","overlay-opacity":"","overlay-gradient":""},"tablet":{"background-color":"var(--ast-global-color-5)","background-image":"","background-repeat":"repeat","background-position":"center center","background-size":"auto","background-attachment":"scroll","background-type":"","background-media":"","overlay-type":"","overlay-color":"","overlay-opacity":"","overlay-gradient":""},"mobile":{"background-color":"var(--ast-global-color-5)","background-image":"","background-repeat":"repeat","background-position":"center center","background-size":"auto","background-attachment":"scroll","background-type":"","background-media":"","overlay-type":"","overlay-color":"","overlay-opacity":"","overlay-gradient":""}},"footnotes":""},"categories":[16],"tags":[],"class_list":["post-1160","post","type-post","status-publish","format-standard","hentry","category-archives-cms"],"_links":{"self":[{"href":"https:\/\/lavoiedessansvoix.fr\/lavoie\/wp-json\/wp\/v2\/posts\/1160","targetHints":{"allow":["GET"]}}],"collection":[{"href":"https:\/\/lavoiedessansvoix.fr\/lavoie\/wp-json\/wp\/v2\/posts"}],"about":[{"href":"https:\/\/lavoiedessansvoix.fr\/lavoie\/wp-json\/wp\/v2\/types\/post"}],"author":[{"embeddable":true,"href":"https:\/\/lavoiedessansvoix.fr\/lavoie\/wp-json\/wp\/v2\/users\/1"}],"replies":[{"embeddable":true,"href":"https:\/\/lavoiedessansvoix.fr\/lavoie\/wp-json\/wp\/v2\/comments?post=1160"}],"version-history":[{"count":0,"href":"https:\/\/lavoiedessansvoix.fr\/lavoie\/wp-json\/wp\/v2\/posts\/1160\/revisions"}],"wp:attachment":[{"href":"https:\/\/lavoiedessansvoix.fr\/lavoie\/wp-json\/wp\/v2\/media?parent=1160"}],"wp:term":[{"taxonomy":"category","embeddable":true,"href":"https:\/\/lavoiedessansvoix.fr\/lavoie\/wp-json\/wp\/v2\/categories?post=1160"},{"taxonomy":"post_tag","embeddable":true,"href":"https:\/\/lavoiedessansvoix.fr\/lavoie\/wp-json\/wp\/v2\/tags?post=1160"}],"curies":[{"name":"wp","href":"https:\/\/api.w.org\/{rel}","templated":true}]}}