{"id":1159,"date":"2015-01-23T02:05:00","date_gmt":"2015-01-23T01:05:00","guid":{"rendered":"https:\/\/lavoiedessansvoix.fr\/lavoie\/2015\/01\/23\/archive-l-actualite-est-un-clown-blanc-d-anciens-militaires-francais-parmi-les-djihadist\/"},"modified":"2015-01-23T02:05:00","modified_gmt":"2015-01-23T01:05:00","slug":"archive-l-actualite-est-un-clown-blanc-d-anciens-militaires-francais-parmi-les-djihadist","status":"publish","type":"post","link":"https:\/\/lavoiedessansvoix.fr\/lavoie\/2015\/01\/23\/archive-l-actualite-est-un-clown-blanc-d-anciens-militaires-francais-parmi-les-djihadist\/","title":{"rendered":"L\u2019ACTUALIT\u00c9 EST UN CLOWN BLANC  D\u2019ANCIENS MILITAIRES FRAN\u00c7AIS PARMI LES DJIHADISTES !"},"content":{"rendered":"<p>L\u2019ACTUALIT\u00c9 EST UN CLOWN BLANC  D\u2019ANCIENS MILITAIRES FRAN\u00c7AIS PARMI LES DJIHADISTES !   Dans les jours qui viennent de s\u2019\u00e9couler, vous l\u2019avez entendu comme moi, certains ont envisag\u00e9 le retour au service militaire obligatoire comme moyen d\u2019int\u00e9gration et d\u2019apprentissage des \u00ab valeurs de la R\u00e9publique \u00bb.  Ah, Ah ! Les Auguste  L\u2019actualit\u00e9 est un \u00ab clown blanc \u00bb qui est venue tout aussit\u00f4t mettre en lumi\u00e8re leur absurdit\u00e9.  On a appris r\u00e9cemment que d\u2019anciens militaires fran\u00e7ais figuraient au nombre des 1200 de nos concitoyens engages dans le Djihad en Syrie.  En voil\u00e0 au moins qui n\u2019\u00e9taient pas tenus avant d\u2019aller au feu d\u2019en passer par un camp en Turquie ou en Jordanie o\u00f9 des officiers fran\u00e7ais, Britanniques Am\u00e9ricains ou Isra\u00e9liens auraient pris soins de les instruire au maniement des armes pour aller combattre le r\u00e9gime la\u00efc du Baas syrien.  En tout cas cela prouve que les ph\u00e9nom\u00e8nes de \u00ab radicalisation \u00bb \u00e9chappent largement \u00e0  la question de l\u2019esprit r\u00e9publicain, du respect du drapeau, et de la Marseillaise.   L\u2019en-casernement, que ce soit celui des hommes ou des esprits n\u2019en viendra pas \u00e0 bout aussi longtemps qu\u2019en subsisteront les causes. Et les causes se sont, en particulier, les agressions du monde occidental contre les nations du \u00ab grand Moyen-Orient \u00bb et contre le Monde arabo-musulman en g\u00e9n\u00e9ral, en Afrique et en Asie. Cessez celles-ci, la \u00ab d\u00e9radicalisation \u00bb suivra.  Vendredi 23 janvier 2015.<\/p>\n","protected":false},"excerpt":{"rendered":"<p>L\u2019ACTUALIT\u00c9 EST UN CLOWN BLANC D\u2019ANCIENS MILITAIRES FRAN\u00c7AIS PARMI LES DJIHADISTES ! Dans les jours qui viennent de s\u2019\u00e9couler, vous [&hellip;]<\/p>\n","protected":false},"author":1,"featured_media":0,"comment_status":"open","ping_status":"open","sticky":false,"template":"","format":"standard","meta":{"sfsi_plus_gutenberg_text_before_share":"","sfsi_plus_gutenberg_show_text_before_share":"","sfsi_plus_gutenberg_icon_type":"","sfsi_plus_gutenberg_icon_alignemt":"","sfsi_plus_gutenburg_max_per_row":"","site-sidebar-layout":"default","site-content-layout":"","ast-site-content-layout":"default","site-content-style":"default","site-sidebar-style":"default","ast-global-header-display":"","ast-banner-title-visibility":"","ast-main-header-display":"","ast-hfb-above-header-display":"","ast-hfb-below-header-display":"","ast-hfb-mobile-header-display":"","site-post-title":"","ast-breadcrumbs-content":"","ast-featured-img":"","footer-sml-layout":"","ast-disable-related-posts":"","theme-transparent-header-meta":"","adv-header-id-meta":"","stick-header-meta":"","header-above-stick-meta":"","header-main-stick-meta":"","header-below-stick-meta":"","astra-migrate-meta-layouts":"default","ast-page-background-enabled":"default","ast-page-background-meta":{"desktop":{"background-color":"var(--ast-global-color-4)","background-image":"","background-repeat":"repeat","background-position":"center center","background-size":"auto","background-attachment":"scroll","background-type":"","background-media":"","overlay-type":"","overlay-color":"","overlay-opacity":"","overlay-gradient":""},"tablet":{"background-color":"","background-image":"","background-repeat":"repeat","background-position":"center center","background-size":"auto","background-attachment":"scroll","background-type":"","background-media":"","overlay-type":"","overlay-color":"","overlay-opacity":"","overlay-gradient":""},"mobile":{"background-color":"","background-image":"","background-repeat":"repeat","background-position":"center center","background-size":"auto","background-attachment":"scroll","background-type":"","background-media":"","overlay-type":"","overlay-color":"","overlay-opacity":"","overlay-gradient":""}},"ast-content-background-meta":{"desktop":{"background-color":"var(--ast-global-color-5)","background-image":"","background-repeat":"repeat","background-position":"center center","background-size":"auto","background-attachment":"scroll","background-type":"","background-media":"","overlay-type":"","overlay-color":"","overlay-opacity":"","overlay-gradient":""},"tablet":{"background-color":"var(--ast-global-color-5)","background-image":"","background-repeat":"repeat","background-position":"center center","background-size":"auto","background-attachment":"scroll","background-type":"","background-media":"","overlay-type":"","overlay-color":"","overlay-opacity":"","overlay-gradient":""},"mobile":{"background-color":"var(--ast-global-color-5)","background-image":"","background-repeat":"repeat","background-position":"center center","background-size":"auto","background-attachment":"scroll","background-type":"","background-media":"","overlay-type":"","overlay-color":"","overlay-opacity":"","overlay-gradient":""}},"footnotes":""},"categories":[16],"tags":[],"class_list":["post-1159","post","type-post","status-publish","format-standard","hentry","category-archives-cms"],"_links":{"self":[{"href":"https:\/\/lavoiedessansvoix.fr\/lavoie\/wp-json\/wp\/v2\/posts\/1159","targetHints":{"allow":["GET"]}}],"collection":[{"href":"https:\/\/lavoiedessansvoix.fr\/lavoie\/wp-json\/wp\/v2\/posts"}],"about":[{"href":"https:\/\/lavoiedessansvoix.fr\/lavoie\/wp-json\/wp\/v2\/types\/post"}],"author":[{"embeddable":true,"href":"https:\/\/lavoiedessansvoix.fr\/lavoie\/wp-json\/wp\/v2\/users\/1"}],"replies":[{"embeddable":true,"href":"https:\/\/lavoiedessansvoix.fr\/lavoie\/wp-json\/wp\/v2\/comments?post=1159"}],"version-history":[{"count":0,"href":"https:\/\/lavoiedessansvoix.fr\/lavoie\/wp-json\/wp\/v2\/posts\/1159\/revisions"}],"wp:attachment":[{"href":"https:\/\/lavoiedessansvoix.fr\/lavoie\/wp-json\/wp\/v2\/media?parent=1159"}],"wp:term":[{"taxonomy":"category","embeddable":true,"href":"https:\/\/lavoiedessansvoix.fr\/lavoie\/wp-json\/wp\/v2\/categories?post=1159"},{"taxonomy":"post_tag","embeddable":true,"href":"https:\/\/lavoiedessansvoix.fr\/lavoie\/wp-json\/wp\/v2\/tags?post=1159"}],"curies":[{"name":"wp","href":"https:\/\/api.w.org\/{rel}","templated":true}]}}