{"id":1157,"date":"2015-01-25T16:44:00","date_gmt":"2015-01-25T15:44:00","guid":{"rendered":"https:\/\/lavoiedessansvoix.fr\/lavoie\/2015\/01\/25\/archive-le-champion-des-sociaux-demagogues\/"},"modified":"2015-01-25T16:44:00","modified_gmt":"2015-01-25T15:44:00","slug":"archive-le-champion-des-sociaux-demagogues","status":"publish","type":"post","link":"https:\/\/lavoiedessansvoix.fr\/lavoie\/2015\/01\/25\/archive-le-champion-des-sociaux-demagogues\/","title":{"rendered":"LE CHAMPION DES SOCIAUX-DEMAGOGUES"},"content":{"rendered":"<p>LE CHAMPION DES SOCIAUX-DEMAGOGUES Voil\u00e0 un homme qui ne manque pas d\u2019aplomb. Ce soir, alors que se confirme, la victoire \u00e9lectorale attendue de \u00ab la gauche radicale grecque \u00bb, le secr\u00e9taire national \u00e0 l\u2019Europe, du PS, affirme contre toute attente de sa part, que \u00ab Le PS \u00ab se f\u00e9licite de la victoire des forces de gauche en Gr\u00e8ce \u00bb \u00ab une bonne nouvelle pour le peuple grec \u00bb  ajoute-t-il.  Philip Cordery, s\u2019est fendu du communiqu\u00e9 suivant \u00e0 couper le souffle au roi des menteurs : \u00ab La ligne anti-aust\u00e9rit\u00e9 est aujourd&rsquo;hui renforc\u00e9e en Europe. Depuis 2012, Fran\u00e7ois Hollande et les leaders sociaux-d\u00e9mocrates sont \u00e0 l&rsquo;\u0153uvre pour r\u00e9orienter l&rsquo;Union europ\u00e9enne. Ils trouveront en Alexis Tsipras un nouvel alli\u00e9. C&rsquo;est unie que la gauche fera triompher l&rsquo;Europe de la croissance, de l&#8217;emploi et de la solidarit\u00e9 \u00bb.(Ouest France) A ce niveau-l\u00e0, c\u2019est plus que de la mauvaise foi, \u00ab c\u2019est du \u00ab foutage \u00bb de gueule \u00bb.  Je sais parfaitement ce que c\u2019est que la Social-d\u00e9mocratie comme parti et comme cat\u00e9gorie politique, j\u2019en connais l\u2019Histoire et les \u00e9volutions. Je ne sais pas par contre ce que ce peut bien \u00eatre que la \u00ab social-d\u00e9mocratie \u00bb que l\u2019on applique \u00e0 des gens tels que Fran\u00e7ois Hollande, Dominique Strauss-Kahn, Manuel Valls ou Manuel Macron que je classe pour ma part dans la cat\u00e9gorie \u00ab des sociaux-lib\u00e9raux \u00bb.  Quant \u00e0 Monsieur Cordery, aucun doute, par son outrance de ce soir, il s\u2019est signal\u00e9 comme le champion des \u00ab sociaux d\u00e9magogues \u00bb.  \u00ab\u00a0lavoiedessansvoix.fr\u00a0\u00bb. Dimanche 24 janvier 2015.<\/p>\n","protected":false},"excerpt":{"rendered":"<p>LE CHAMPION DES SOCIAUX-DEMAGOGUES Voil\u00e0 un homme qui ne manque pas d\u2019aplomb. Ce soir, alors que se confirme, la victoire [&hellip;]<\/p>\n","protected":false},"author":1,"featured_media":0,"comment_status":"open","ping_status":"open","sticky":false,"template":"","format":"standard","meta":{"sfsi_plus_gutenberg_text_before_share":"","sfsi_plus_gutenberg_show_text_before_share":"","sfsi_plus_gutenberg_icon_type":"","sfsi_plus_gutenberg_icon_alignemt":"","sfsi_plus_gutenburg_max_per_row":"","site-sidebar-layout":"default","site-content-layout":"","ast-site-content-layout":"default","site-content-style":"default","site-sidebar-style":"default","ast-global-header-display":"","ast-banner-title-visibility":"","ast-main-header-display":"","ast-hfb-above-header-display":"","ast-hfb-below-header-display":"","ast-hfb-mobile-header-display":"","site-post-title":"","ast-breadcrumbs-content":"","ast-featured-img":"","footer-sml-layout":"","ast-disable-related-posts":"","theme-transparent-header-meta":"","adv-header-id-meta":"","stick-header-meta":"","header-above-stick-meta":"","header-main-stick-meta":"","header-below-stick-meta":"","astra-migrate-meta-layouts":"default","ast-page-background-enabled":"default","ast-page-background-meta":{"desktop":{"background-color":"var(--ast-global-color-4)","background-image":"","background-repeat":"repeat","background-position":"center center","background-size":"auto","background-attachment":"scroll","background-type":"","background-media":"","overlay-type":"","overlay-color":"","overlay-opacity":"","overlay-gradient":""},"tablet":{"background-color":"","background-image":"","background-repeat":"repeat","background-position":"center center","background-size":"auto","background-attachment":"scroll","background-type":"","background-media":"","overlay-type":"","overlay-color":"","overlay-opacity":"","overlay-gradient":""},"mobile":{"background-color":"","background-image":"","background-repeat":"repeat","background-position":"center center","background-size":"auto","background-attachment":"scroll","background-type":"","background-media":"","overlay-type":"","overlay-color":"","overlay-opacity":"","overlay-gradient":""}},"ast-content-background-meta":{"desktop":{"background-color":"var(--ast-global-color-5)","background-image":"","background-repeat":"repeat","background-position":"center center","background-size":"auto","background-attachment":"scroll","background-type":"","background-media":"","overlay-type":"","overlay-color":"","overlay-opacity":"","overlay-gradient":""},"tablet":{"background-color":"var(--ast-global-color-5)","background-image":"","background-repeat":"repeat","background-position":"center center","background-size":"auto","background-attachment":"scroll","background-type":"","background-media":"","overlay-type":"","overlay-color":"","overlay-opacity":"","overlay-gradient":""},"mobile":{"background-color":"var(--ast-global-color-5)","background-image":"","background-repeat":"repeat","background-position":"center center","background-size":"auto","background-attachment":"scroll","background-type":"","background-media":"","overlay-type":"","overlay-color":"","overlay-opacity":"","overlay-gradient":""}},"footnotes":""},"categories":[16],"tags":[],"class_list":["post-1157","post","type-post","status-publish","format-standard","hentry","category-archives-cms"],"_links":{"self":[{"href":"https:\/\/lavoiedessansvoix.fr\/lavoie\/wp-json\/wp\/v2\/posts\/1157","targetHints":{"allow":["GET"]}}],"collection":[{"href":"https:\/\/lavoiedessansvoix.fr\/lavoie\/wp-json\/wp\/v2\/posts"}],"about":[{"href":"https:\/\/lavoiedessansvoix.fr\/lavoie\/wp-json\/wp\/v2\/types\/post"}],"author":[{"embeddable":true,"href":"https:\/\/lavoiedessansvoix.fr\/lavoie\/wp-json\/wp\/v2\/users\/1"}],"replies":[{"embeddable":true,"href":"https:\/\/lavoiedessansvoix.fr\/lavoie\/wp-json\/wp\/v2\/comments?post=1157"}],"version-history":[{"count":0,"href":"https:\/\/lavoiedessansvoix.fr\/lavoie\/wp-json\/wp\/v2\/posts\/1157\/revisions"}],"wp:attachment":[{"href":"https:\/\/lavoiedessansvoix.fr\/lavoie\/wp-json\/wp\/v2\/media?parent=1157"}],"wp:term":[{"taxonomy":"category","embeddable":true,"href":"https:\/\/lavoiedessansvoix.fr\/lavoie\/wp-json\/wp\/v2\/categories?post=1157"},{"taxonomy":"post_tag","embeddable":true,"href":"https:\/\/lavoiedessansvoix.fr\/lavoie\/wp-json\/wp\/v2\/tags?post=1157"}],"curies":[{"name":"wp","href":"https:\/\/api.w.org\/{rel}","templated":true}]}}