{"id":1156,"date":"2015-01-27T11:20:00","date_gmt":"2015-01-27T10:20:00","guid":{"rendered":"https:\/\/lavoiedessansvoix.fr\/lavoie\/2015\/01\/27\/archive-la-memoire-mutilee-70eme-anniversaire-de-la-liberation-des-camps\/"},"modified":"2015-01-27T11:20:00","modified_gmt":"2015-01-27T10:20:00","slug":"archive-la-memoire-mutilee-70eme-anniversaire-de-la-liberation-des-camps","status":"publish","type":"post","link":"https:\/\/lavoiedessansvoix.fr\/lavoie\/2015\/01\/27\/archive-la-memoire-mutilee-70eme-anniversaire-de-la-liberation-des-camps\/","title":{"rendered":"LA M\u00c9MOIRE MUTIL\u00c9E 70\u00e8me anniversaire de la lib\u00e9ration des camps"},"content":{"rendered":"<p>LA M\u00c9MOIRE MUTIL\u00c9E70\u00e8me anniversaire de la lib\u00e9ration des camps  Ce sera la honte de ces c\u00e9r\u00e9monies du soixante-dixi\u00e8me anniversaire de la lib\u00e9ration des camps nazies. La Pologne, organisatrice, parce que \u00ab h\u00f4te \u00bb du camp d\u2019Auschwitz, n\u2019a pas invit\u00e9 \u00e0 ces c\u00e9r\u00e9monies, le Pr\u00e9sident de la F\u00e9d\u00e9ration de Russie, Vladimir Poutine, alors m\u00eame que ce camp, le premier lib\u00e9r\u00e9, le fut par l\u2019arm\u00e9e rouge de l\u2019Union Sovi\u00e9tique. Cet \u00e9pisode qui t\u00e9moigne de l\u2019esprit de \u00ab guerre froide \u00bb (ou chaude) qui s\u2019empare \u00e0 nouveau de l\u2019Europe, t\u00e9moigne aussi d\u2019une volont\u00e9 d\u00e9lib\u00e9r\u00e9e de r\u00e9\u00e9crire l\u2019Histoire.*L\u2019horreur nazie de \u00ab la solution finale \u00bb industrielle, son pr\u00e9alable de \u00ab la Shoah par balles \u00bb, ne font aucun doute pour nous qui ne sommes ni \u00ab r\u00e9visionnistes \u00bb ni \u00ab n\u00e9gationnistes \u00bb. Ce drame \u00e0 l\u2019\u00e9chelle de l\u2019humanit\u00e9 toute enti\u00e8re a berc\u00e9 notre enfance, marqu\u00e9 notre jeunesse et notre formation mentale. Nous nous inclinons et pleurons encore, soixante-dix ans apr\u00e8s les faits, des larmes am\u00e8res sur les innombrables victimes, et leurs douleurs indicibles. C\u2019est du r\u00e9visionnisme historique en effet que de nier cela. Et nous combattons sans m\u00e9nagements ceux qui s\u2019y avisent, bien que nous ne soyons pas certains que la loi et l\u2019arsenal judiciaire soient de vrais bon moyens de former les consciences ni d\u2019entretenir les braises de la m\u00e9moire.  Mais, la n\u00e9gation de l\u2019holocauste des juifs, n\u2019est-ce vraiment que cela le r\u00e9visionnisme historique?   Non !  Il n\u2019y a pas qu\u2019un d\u00e9cryptage possible de l\u2019histoire. Selon les nations, les classes sociales, les groupes humains auxquels on appartient, on peut en faire des lectures diff\u00e9rentes. C\u2019est en quoi les \u00ab lois m\u00e9morielles \u00bb qui entendent donner de certains \u00e9pisodes historiques une interpr\u00e9tation officielle obligatoire, sont anti historiques. Mais nul ne peut, sans tomber dans les travers \u00ab du r\u00e9visionnisme \u00bb, nier des faits av\u00e9r\u00e9s dont l\u2019occultation est de nature \u00e0 fausser l\u2019interpr\u00e9tation des \u00e9pisodes de l\u2019Histoire.  Or, c\u2019est ce qui advient de nos jours avec l\u2019interpr\u00e9tation officielle de \u00ab la solution finale \u00bb hitl\u00e9rienne. Nous ne parlons pas l\u00e0 du \u00ab n\u00e9gationnisme \u00bb \u00e0 la Faurisson, dont notre pr\u00e9ambule a montr\u00e9 combien nous en \u00e9tions \u00e9loign\u00e9s, mais d\u2019une autre forme de r\u00e9visionnisme historique, peut-\u00eatre plus insidieuse, mais non moins n\u00e9faste et condamnable. Celle qui, en se focalisant sur \u00ab la Shoah \u00bb oublie tant les autres circonstances environnementales de l\u2019hitl\u00e9risme et de la seconde guerre mondiale, quelle rend ces \u00e9v\u00e8nements inintelligibles.  L\u2019ascension d\u2019Hitler au pouvoir, la seconde guerre mondiale, la solution finale de la question juive \u00bb, tout cela s\u2019expliquerait par la folie d\u2019un homme et son antis\u00e9mitisme obsessionnel.  La part individuelle des hommes \u00e0 l\u2019Histoire est certaine pour autant que l\u2019on comprenne que l\u2019Histoire invente les hommes dont-elle a besoin. Hitler, instrument de l\u2019accomplissement de l\u2019histoire porte une responsabilit\u00e9 \u00e9crasante. Pour autant il n\u2019\u00e9tait pas seul, Il s\u2019est agi d\u2019un peuple tout entier, que dis-je, de plusieurs dizaines de peuples d\u2019Europe, de centaines de milliers d\u2019hommes et femmes.   De m\u00eame, s\u2019est-il agit du seul syst\u00e8me politique qu\u2019\u00e9tait \u00ab Le nazisme Allemand ? \u00bb.  Que nenni ! Il s\u2019est agi d\u2019un syst\u00e8me politique certes, mais plus g\u00e9n\u00e9raliste, \u00ab le fascisme \u00bb d\u00e9clin\u00e9 sous diverses formes dans toute l\u2019Europe, en Hongrie, en Italie, en Espagne, en Croatie, etc. et dont l\u2019hitl\u00e9risme ne fut que la d\u00e9clinaison  germanique. Et cette seule remarque suffit \u00e0 souligner toute l\u2019insanit\u00e9 des interpr\u00e9tations \u00ab Shoaistes \u00bb de ce chapitre de l\u2019Histoire et de l\u2019irrecevabilit\u00e9 de tous \u00ab les apocalypses Hitler \u00bb et autres lectures du m\u00eame tonneau. Non, la deuxi\u00e8me guerre mondiale n\u2019a pas \u00e9t\u00e9 faite dans le but unique de l\u2019extermination des juifs d\u2019Europe.  Cette focalisation historique autour de la Shoah, sert aujourd\u2019hui ceux qui veulent t\u00e9taniser les consciences, et transmettre la culpabilit\u00e9 des g\u00e9n\u00e9rations pass\u00e9es aux g\u00e9n\u00e9rations actuelles  afin de faire taire toute critique de la politique Isra\u00e9lienne, au pr\u00e9texte que l\u2019Etat d\u2019Isra\u00ebl est un \u00ab Etat Juif \u00bb (descendant) des victimes de la Shoah.. Elle sert aussi les Pouvoirs \u00bb occidentaux qui pr\u00e9f\u00e8rent dissimuler certains aspects par trop \u00e9clairants et accusateurs de la r\u00e9alit\u00e9 historique.  Les circonstances qui ont conduit \u00e0 la seconde guerre mondiale et \u00e0 la mise en \u0153uvre de \u00ab la solution finale de la question Juive \u00bb, s\u2019enracinent profond\u00e9ment dans la premi\u00e8re guerre mondiale et dans les conditions du r\u00e8glement de celle-ci.   La premi\u00e8re guerre mondiale fut engendr\u00e9e par une dispute imp\u00e9rialiste, France, Angleterre, Allemagne, pour le partage du monde, les possessions coloniales, en Afrique tout particuli\u00e8rement. Or la d\u00e9faite de l\u2019Allemagne laissait en quelques sortes cette question enti\u00e8re. Pire m\u00eame, puisque la France et l\u2019Angleterre victorieuses faisaient d\u00e8s lors leur loi en Europe et dans le monde. Pire, car il y eut les abominables trait\u00e9s de Versailles, de Saint Germain, de Trianon et j\u2019en passe, qui d\u00e9membr\u00e8rent l\u2019Empire austro-Hongrois, l\u2019Empire Ottoman, Humiliait l\u2019Allemagne (et m\u00eame l\u2019Italie, pourtant dans \u00ab le camp des vainqueurs \u00bb), et faisait peser sur elle un fardeau terrible. Il y eut pour finir ce chapitre, l\u2019inique occupation Fran\u00e7aise de la Ruhr (Janvier 1923, Ao\u00fbt 1925) qui pr\u00e9cipita l\u2019Allemagne dans la faillite \u00e9conomique et la Famine.   Il y avait-eu en 1917 la r\u00e9volution Russe \u00ab des ouvriers et des paysans \u00bb. L\u2019impact de celle-ci avait pr\u00e9cipit\u00e9 la d\u00e9moralisation des troupes allemandes sur le front de l\u2019Est et pr\u00e9par\u00e9 les conditions de la r\u00e9volution Allemande de novembre 1918. C\u2019est pour juguler celle-ci que les sociaux-d\u00e9mocrates Allemand ayant vol\u00e9 au secours du capitalisme chancelant fond\u00e8rent la R\u00e9publique de Weimar et conclurent dans l\u2019urgence l\u2019armistice de 1918. Cette circonstance explique la haine que de nombreux allemands, \u00e0 l\u2019arri\u00e8re, vou\u00e8rent d\u00e8s lors \u00e0 ce qu\u2019Hitler appela plus tard \u00ab la honte de novembre \u00bb, \u00e0 la R\u00e9publique de Weimar son h\u00e9riti\u00e8re, \u00e0 la Social-d\u00e9mocratie son maitre d\u2019\u0153uvre, \u00e0 la r\u00e9volution ouvri\u00e8re d\u2019inspiration marxiste, \u00e0 la r\u00e9volution Russe qui avait engendr\u00e9 tout cela, et aux Bolch\u00e9viks et \u00ab Jud\u00e9o-bolcheviks \u00bb qui en \u00e9taient des acteurs essentiels.  L\u2019Hitl\u00e9risme, s\u00e9cr\u00e9tion du \u00ab revanchisme \u00bb Allemand, n\u2019est pas venu comme cela, par la seule haine du Juif. Le juif, dans les ann\u00e9es vingt \u00e9tait surtout ha\u00ef comme \u00ab Jud\u00e9o-bolcheviks. Les juifs en effet \u00e9taient extr\u00eamement nombreux dans les organisations ouvri\u00e8res, les syndicats, les partis r\u00e9volutionnaires, l\u2019internationale communiste qui venait d\u2019\u00eatre cr\u00e9e sous l\u2019impulsion de la r\u00e9volution Russe. C\u2019est ainsi \u00e0 la chasse \u00ab aux Judo-bolcheviks \u00bb plus qu\u2019\u00e0 celle des Juifs eux-m\u00eames que se lan\u00e7a d\u2019abord le r\u00e9gime Hongrois de l\u2019Amiral Horty, mis en place avec l\u2019aide de la France, sur le sang de la r\u00e9volution socialiste de Bella Kun. Nier, oublier, cette association path\u00e9tique  l\u2019association dans le martyre du Juif et du Bolchevik, qu\u2019il soit cause de l\u2019ignorance ou de la perversit\u00e9, est dans tous les cas une insulte \u00e0 l\u2019Histoire dont elle interdit l\u2019intelligence.  L\u2019Hitl\u00e9risme, s\u00e9cr\u00e9tion du \u00ab revanchisme \u00bb Allemand, n\u2019est pas venu comme cela, par la seule haine du Juif. Fid\u00e8le au Principe de \u00ab Dual containment \u00bb qui fondait sa politique europ\u00e9enne, l\u2019Angleterre de Lloyd Georges et Chamberlain, voyait d\u2019un mauvais \u0153il la puissance sustent\u00e9e de la France et l\u2019abaissement de l\u2019Allemagne, cons\u00e9cutif \u00e0 la premi\u00e8re guerre mondiale. C\u2019est pourquoi, chacun le sait, sans en avoir pris peut-\u00eatre l\u2019exacte mesure,  l\u2019Angleterre et les \u00c9tats-Unis (l\u2019industriel Ford par exemple) prirent une part non n\u00e9gligeable au rel\u00e8vement \u00e9conomique de l\u2019Allemagne et \u00e0 son r\u00e9armement. D\u2019o\u00f9 la honte des accords de Munich (1938). Puis, la Machine de guerre allemande se mettant en marche, et contrainte par le jeu des alliances, l\u2019Angleterre, sous l\u2019impulsion de Churchill changea de politique ce qui la conduisit, en accord avec la France, a d\u00e9clarer la guerre \u00e0 l\u2019Allemagne, (septembre 1939), \u00e0 la suite de l\u2019invasion de la Pologne par la Wehrmacht. La guerre \u00e9tait d\u00e9clar\u00e9e mais n\u2019avait pas lieu. La France et l\u2019Angleterre restaient l\u2019arme au pied. Ce fut ce que l\u2019on appela la \u00ab dr\u00f4le de guerre \u00bb.  Or, celle-ci s\u2019explique aussi. Les puissances occidentales et l\u2019\u00c9glise vaticane, voulaient instrumentaliser le Reich hitl\u00e9rien comme une machine de guerre contre \u00ab le communisme \u00bb, contre l\u2019Union Sovi\u00e9tique. C\u2019est pourquoi ils voulaient laisser les mains libres \u00e0 Hitler qui  par son expansion \u00e0 l\u2019Est jalonnait sa route de Moscou. Certains se sont interrog\u00e9 parfois, pourquoi les am\u00e9ricains, les Anglais, le Vatican, qui \u00e9taient inform\u00e9s des s\u00e9vices faits aux juifs, ne vol\u00e8rent pas \u00e0 leur secours. \u00c7a n\u2019\u00e9tait pas leur probl\u00e8me du temps, il ne fallait pas enrayer l\u00e0 la machine de guerre Hitl\u00e9rienne, il fallait lui donner le temps d\u2019accomplir sa besogne d\u2019\u00e9gorgement de l\u2019Union Sovi\u00e9tique.  On s\u2019est \u00e9tonn\u00e9, on s\u2019\u00e9tonne parfois encore du silence de l\u2019\u00c9glise vaticane et du pape Pie XII, pourtant parfaitement inform\u00e9s. Mais ceux qui s\u2019\u00e9tonnent en v\u00e9rit\u00e9 sont d\u00e9j\u00e0 dans le mensonge et le d\u00e9nie. Car la politique de l\u2019\u00c9glise, ce ne fut pas celle du silence mais celle de la complicit\u00e9, totale et active. C\u2019est le nonce Pacelli, (futur Pie XII)  qui par l\u2019entremise du parti \u00ab Zentrum \u00bb et de son chef \u00ab Von Papen \u00bb, n\u00e9gocia la nomination d\u2019Hitler \u00e0 la Chancellerie en \u00e9change d\u2019un \u00ab concordat \u00bb entre l\u2019Allemagne hitl\u00e9rienne et le Vatican. Par maints \u00e9v\u00e8nements, en Croatie, en Espagne, en Italie, en Hongrie, en Ukraine, o\u00f9 partout les partis catholiques \u00e9taient impliqu\u00e9s, la responsabilit\u00e9 directe de l\u2019\u00c9glise est av\u00e9r\u00e9e. L\u2019\u00c9glise en effet avait sa part \u00e0 la deuxi\u00e8me guerre mondiale, elle vit elle aussi, dans la machine de guerre Allemande l\u2019instrument de la \u00ab col\u00e8re divine \u00bb qui allait \u00e9gorger \u00ab les sans Dieu \u00bb. C\u2019est pourquoi elle aussi se taisait car elle voulait donner le temps \u00e0 Hitler d\u2019accomplir sa \u00ab mission divine \u00bb.   Le Pape Fran\u00e7ois r\u00e9cemment, r\u00e9agissant, aux Philippines, aux attentats terroriste en France, a \u00e9voqu\u00e9 les p\u00e9ch\u00e9s d\u2019intol\u00e9rance de l\u2019\u00c9glise, la Saint Barth\u00e9l\u00e9my, l\u2019inquisition\u2026 Il a omis celui-ci, la grande croisade anti communiste ath\u00e9e, que fut la deuxi\u00e8me guerre mondiale au sens de l\u2019\u00c9glise.  L\u2019Hitl\u00e9risme, s\u00e9cr\u00e9tion du \u00ab revanchisme \u00bb Allemand, n\u2019est pas venu comme cela, par la seule haine du Juif. L\u2019antis\u00e9mitisme datait de bien avant. Il \u00e9tait une plaie qui rongeait depuis des si\u00e8cles la conscience europ\u00e9enne ? L\u2019antis\u00e9mitisme a d\u2019abord un fondement religieux la haine vou\u00e9 \u00ab au peuple d\u00e9icide \u00bb qui a tu\u00e9 \u00ab le seigneur J\u00e9sus-Christ \u00bb. Nous ne nous \u00e9tendrons gu\u00e8re sur cet aspect. C\u2019est lui toutefois, il convient de le dire, qui est le substrat sur lequel a pris corps l\u2019antis\u00e9mitisme moderne de l\u2019\u00e9poque industrielle L\u2019antis\u00e9mitisme moderne \u00e0 rejaillit sur le fumier du substrat religieux, comme exutoire aux maux et humiliations engendr\u00e9es par la civilisation industrielle. Deux circonstances environnementales fortes expliquent la place prise dans l\u2019histoire par l\u2019antis\u00e9mitisme nazie : celle de la tradition encr\u00e9e dans le sentiment religieux, dont Luther lui-m\u00eame s\u2019\u00e9tait fait l\u2019\u00e9cho et le propagateuravec son ouvrage \u00ab Von den juden und irhen L\u00fcgen \u00bb, Celle de la pouss\u00e9e r\u00e9volutionnaire et du bolch\u00e9visme auquel les Juifs par leur engagement massif, avait une part importante.  Voil\u00e0 les raisons pour lesquelles la n\u00e9gation de l\u2019union ind\u00e9fectible du Juif et du communiste dans la \u00ab\u00a0martyrologie\u00a0\u00bb des deux d\u00e9cennies entre guerres qui ont pr\u00e9par\u00e9es le lit de la seconde guerre mondiale, est le pr\u00e9alable indispensable \u00e0 la n\u00e9gation des d\u00e9g\u00e2ts qu\u2019ont engendr\u00e9s les id\u00e9ologies contrer\u00e9volutionnaires et anticommunistes. Voil\u00e0 pourquoi, tous ceux qui portent cette responsabilit\u00e9 l\u00e0 et l\u2019assument d\u2019une certaine mani\u00e8re encore aujourd\u2019hui, s\u2019accommodent tellement de la focalisation sur le seul martyre des Juifs qui leur permet de brouiller, voire d\u2019occulter tout le reste.  L\u2019imp\u00e9rialisme am\u00e9ricain fond\u00e9 sur la l\u00e9gende de \u00ab la lib\u00e9ration \u00bb et de la \u00ab Libert\u00e9 \u00bb, la France qui sait trop sa responsabilit\u00e9 ind\u00e9niable dans le rebond du \u00ab revanchisme allemand \u00bb, cons\u00e9quence de ses humiliations et de son arrogance, Le Royaume-Uni  qui sait sa f\u00e9lonie dans le r\u00e9armement de l\u2019Allemagne et son instrumentalisation comme machine de guerre anti sovi\u00e9tique, l\u2019\u00c9glise qui sait sa complicit\u00e9 active dans ce qui \u00e9tait pour elle une sainte croisade contre \u00ab les sans Dieu \u00bb, toutes ces forces ont des int\u00e9r\u00eats particuliers, se conjuguent et se coalisent pour r\u00e9\u00e9crire l\u2019Histoire en niant leurs responsabilit\u00e9s. Simple op\u00e9ration de chirurgie esth\u00e9tique de la m\u00e9moire.  Mais comme il arrive quelquefois en mati\u00e8re de chirurgie esth\u00e9tique, l\u2019intervention qui devait r\u00e9parer ou embellir, apaiser les souffrances, provoque la blessure la plus grave, les d\u00e9g\u00e2ts les plus horribles, les plus intol\u00e9rables. C\u2019est ce qui advient avec cette volont\u00e9 moderne de r\u00e9\u00e9crire l\u2019Histoire. Elle  livre aux g\u00e9n\u00e9rations pr\u00e9sentes et futures, une m\u00e9moire mutil\u00e9e La m\u00e9moire fa\u00e7onn\u00e9e par un traitement de chirurgie esth\u00e9tique de l\u2019Histoire, ce n\u2019est plus la \u00ab m\u00e9moire \u00bb, c\u2019est de la propagande   Patrick Seignon. \u00ab\u00a0lavoiedessansvoix.fr. Mardi 25 janvier 2015<\/p>\n","protected":false},"excerpt":{"rendered":"<p>LA M\u00c9MOIRE MUTIL\u00c9E70\u00e8me anniversaire de la lib\u00e9ration des camps Ce sera la honte de ces c\u00e9r\u00e9monies du soixante-dixi\u00e8me anniversaire de [&hellip;]<\/p>\n","protected":false},"author":1,"featured_media":0,"comment_status":"open","ping_status":"open","sticky":false,"template":"","format":"standard","meta":{"sfsi_plus_gutenberg_text_before_share":"","sfsi_plus_gutenberg_show_text_before_share":"","sfsi_plus_gutenberg_icon_type":"","sfsi_plus_gutenberg_icon_alignemt":"","sfsi_plus_gutenburg_max_per_row":"","site-sidebar-layout":"default","site-content-layout":"","ast-site-content-layout":"default","site-content-style":"default","site-sidebar-style":"default","ast-global-header-display":"","ast-banner-title-visibility":"","ast-main-header-display":"","ast-hfb-above-header-display":"","ast-hfb-below-header-display":"","ast-hfb-mobile-header-display":"","site-post-title":"","ast-breadcrumbs-content":"","ast-featured-img":"","footer-sml-layout":"","ast-disable-related-posts":"","theme-transparent-header-meta":"","adv-header-id-meta":"","stick-header-meta":"","header-above-stick-meta":"","header-main-stick-meta":"","header-below-stick-meta":"","astra-migrate-meta-layouts":"default","ast-page-background-enabled":"default","ast-page-background-meta":{"desktop":{"background-color":"var(--ast-global-color-4)","background-image":"","background-repeat":"repeat","background-position":"center center","background-size":"auto","background-attachment":"scroll","background-type":"","background-media":"","overlay-type":"","overlay-color":"","overlay-opacity":"","overlay-gradient":""},"tablet":{"background-color":"","background-image":"","background-repeat":"repeat","background-position":"center center","background-size":"auto","background-attachment":"scroll","background-type":"","background-media":"","overlay-type":"","overlay-color":"","overlay-opacity":"","overlay-gradient":""},"mobile":{"background-color":"","background-image":"","background-repeat":"repeat","background-position":"center center","background-size":"auto","background-attachment":"scroll","background-type":"","background-media":"","overlay-type":"","overlay-color":"","overlay-opacity":"","overlay-gradient":""}},"ast-content-background-meta":{"desktop":{"background-color":"var(--ast-global-color-5)","background-image":"","background-repeat":"repeat","background-position":"center center","background-size":"auto","background-attachment":"scroll","background-type":"","background-media":"","overlay-type":"","overlay-color":"","overlay-opacity":"","overlay-gradient":""},"tablet":{"background-color":"var(--ast-global-color-5)","background-image":"","background-repeat":"repeat","background-position":"center center","background-size":"auto","background-attachment":"scroll","background-type":"","background-media":"","overlay-type":"","overlay-color":"","overlay-opacity":"","overlay-gradient":""},"mobile":{"background-color":"var(--ast-global-color-5)","background-image":"","background-repeat":"repeat","background-position":"center center","background-size":"auto","background-attachment":"scroll","background-type":"","background-media":"","overlay-type":"","overlay-color":"","overlay-opacity":"","overlay-gradient":""}},"footnotes":""},"categories":[16],"tags":[],"class_list":["post-1156","post","type-post","status-publish","format-standard","hentry","category-archives-cms"],"_links":{"self":[{"href":"https:\/\/lavoiedessansvoix.fr\/lavoie\/wp-json\/wp\/v2\/posts\/1156","targetHints":{"allow":["GET"]}}],"collection":[{"href":"https:\/\/lavoiedessansvoix.fr\/lavoie\/wp-json\/wp\/v2\/posts"}],"about":[{"href":"https:\/\/lavoiedessansvoix.fr\/lavoie\/wp-json\/wp\/v2\/types\/post"}],"author":[{"embeddable":true,"href":"https:\/\/lavoiedessansvoix.fr\/lavoie\/wp-json\/wp\/v2\/users\/1"}],"replies":[{"embeddable":true,"href":"https:\/\/lavoiedessansvoix.fr\/lavoie\/wp-json\/wp\/v2\/comments?post=1156"}],"version-history":[{"count":0,"href":"https:\/\/lavoiedessansvoix.fr\/lavoie\/wp-json\/wp\/v2\/posts\/1156\/revisions"}],"wp:attachment":[{"href":"https:\/\/lavoiedessansvoix.fr\/lavoie\/wp-json\/wp\/v2\/media?parent=1156"}],"wp:term":[{"taxonomy":"category","embeddable":true,"href":"https:\/\/lavoiedessansvoix.fr\/lavoie\/wp-json\/wp\/v2\/categories?post=1156"},{"taxonomy":"post_tag","embeddable":true,"href":"https:\/\/lavoiedessansvoix.fr\/lavoie\/wp-json\/wp\/v2\/tags?post=1156"}],"curies":[{"name":"wp","href":"https:\/\/api.w.org\/{rel}","templated":true}]}}