{"id":1155,"date":"2015-01-30T07:42:00","date_gmt":"2015-01-30T06:42:00","guid":{"rendered":"https:\/\/lavoiedessansvoix.fr\/lavoie\/2015\/01\/30\/archive-et-si-l-on-faisait-des-camps-de-reeducation-d-enfants\/"},"modified":"2015-01-30T07:42:00","modified_gmt":"2015-01-30T06:42:00","slug":"archive-et-si-l-on-faisait-des-camps-de-reeducation-d-enfants","status":"publish","type":"post","link":"https:\/\/lavoiedessansvoix.fr\/lavoie\/2015\/01\/30\/archive-et-si-l-on-faisait-des-camps-de-reeducation-d-enfants\/","title":{"rendered":"ET SI L\u2019ON FAISAIT \u00ab DES CAMPS DE REEDUCATION D\u2019ENFANTS \u00bb ?"},"content":{"rendered":"<p>ET SI L\u2019ON FAISAIT \u00ab DES CAMPS DE REEDUCATION D\u2019ENFANTS \u00bb ?   Certes, \u00e7a se passe \u00e0 Nice, ville gouvern\u00e9e par Christian Estrosi, des cam\u00e9ras partout, la parano\u00efa s\u00e9curitaire, un petit coin de r\u00e9publique autoritaire. Je sais il ne faut pas g\u00e9n\u00e9raliser, tous les Ni\u00e7ois ne sont pas \u00e0 mettre \u00e0 la m\u00eame enseigne \u00ab Dieu merci \u00bb. Ceux qui ont du \u00ab bien \u00bb ils sont nombreux tout de m\u00eame en ce lieu, veillent jalousement dessus et regardent avec suspicion toute la mis\u00e8re du monde qui les agresse. Un terreau favorable pour ce genre de fait.  Mais le terreau r\u00e9gional n\u2019explique pas tout. Il a \u00e9t\u00e9 arros\u00e9 et nourrit par l\u2019Hyst\u00e9rie Nationale  Quand la c\u00e9l\u00e9bration de la libert\u00e9 d\u2019expression commence par une minute de silence \u00ab obligatoire \u00bb \u00e0 laquelle il est interdit de d\u00e9roger au risque de s\u2019attirer les foudres de la R\u00e9publique, n\u2019y-a-t-il pas l\u00e0 un malentendu ?  Quel cr\u00e9dit peut avoir l\u2019enseignant qui plaide la libert\u00e9 de conscience dans l\u2019instant o\u00f9 il  interdit \u00e0 un enfant de manifester la sienne ? Et la question n\u2019est pas de savoir o\u00f9 l\u2019enfant a p\u00e9ch\u00e9 cette disposition d\u2019esprit, dans le cercle familial ou sur la toile, ou peut-\u00eatre, pourquoi pas, dans sa pr\u00e9disposition pr\u00e9coce \u00e0 la contestation des manifestations d\u2019absolutisme. La question est que l\u2019on ne vient pas \u00e0 bout des consciences par des attitudes autoritaires et des mesures coercitives. L\u2019enfant ne voulait pas respecter la minute de silence ? Le maitre devait lui demander de s\u2019\u00e9carter afin de laisser les autres se recueillir sereinement. Puis la minute de silence termin\u00e9e et l\u2019\u00e9l\u00e8ve r\u00e9calcitrant revenu, il lui \u00e9tait gr\u00e9 de rebondir l\u00e0-dessus afin de susciter une r\u00e9flexion collective, sur l\u2019\u00e9v\u00e8nement, l\u2019\u00e9motion qu\u2019il suscite, l\u2019hommage aux victimes, la libert\u00e9 de conscience, la libert\u00e9 d\u2019expression, la libert\u00e9 de la presse, ou que sais-je encore.  Le p\u00e8re qui \u00e9tait venu une premi\u00e8re fois \u00e0 l\u2019\u00e9cole s\u2019excuser pour son enfant, est revenu ult\u00e9rieurement, en col\u00e8re ? C\u2019est \u00e0 cette raison que madame la Ministre de l\u2019\u00c9ducation Nationale entend justifier le positionnement du directeur de l\u2019\u00e9cole qui a la suite de cela a port\u00e9 plainte \u00ab contre le p\u00e8re \u00bb, pr\u00e9cise-t-elle. Mais que s\u2019est-il pass\u00e9 dans l\u2019intervalle ? Le directeur ne s\u2019est pas content\u00e9 des excuses du p\u00e8re, il a train\u00e9 l\u2019enfant de classe en classe en l\u2019obligeant \u00e0 s\u2019excuser. Eh bien je comprends et je justifie l\u2019ire du p\u00e8re. Et l\u2019enseignant avant de porter plainte eut \u00e9t\u00e9 bien avis\u00e9 de se livrer \u00e0 l\u2019examen critique de sa propre conduite.  Je fus t\u00e9moin tout jeune d\u2019un fait r\u00e9voltant qui se produisit dans une colonie de vacances. Un enfant de six ans s\u2019\u00e9tait l\u00e2ch\u00e9 dans sa culotte. Les \u00ab cheftaines \u00bb \u00e9taient exc\u00e9d\u00e9es, et on incline \u00e0 les comprendre. Mais leur gestion du probl\u00e8me n\u2019en fut pas moins condamnable. Elles mirent une grande bassine d\u2019eau au milieu de la cours que d\u00e9limitaient les b\u00e2timents, d\u00e9v\u00eatirent le gosse, le plant\u00e8rent l\u00e0, tout nu dans la bassine avec un savon et l\u2019injonction de se laver sous les ris\u00e9es et les sarcasmes d\u2019une cinquantaine de petites filles et gar\u00e7ons de son \u00e2ge ou un peu plus. Rien \u00e0 voir me direz-vous ? Ce sont des faits de nature totalement diff\u00e9rente ? Les faits peut-\u00eatre, la r\u00e9action des adultes pas tellement. On n\u2019humilie pas un enfant monsieur le directeur ! Et je vous le dit tout net, si vous n\u2019\u00e9tiez prot\u00e9g\u00e9 par l\u2019Hyst\u00e9rie collective entretenue par nos pouvoirs publics eux-m\u00eames, c\u2019est une \u00ab mise \u00e0 pied \u00bb  imm\u00e9diate qui eut-\u00e9t\u00e9 le juste salaire de votre comportement. Vous vous \u00eates signal\u00e9 non comme un \u00e9ducateur mais comme un \u00ab\u00a0capo\u00a0\u00bb.  Si le climat d\u00e9l\u00e9t\u00e8re qui s\u2019est empar\u00e9 de nos pouvoirs publics se prolonge, peut-\u00eatre en viendra-t-on, dans les prochains mois, \u00e0 ouvrir des camps de r\u00e9\u00e9ducation infantile, vous pourriez alors vous recycler comme \u00ab commandant \u00bb de l\u2019un de ceux-ci.  L\u2019enseignant nous dit Madame Najat Vallaud-Belkacem, avait port\u00e9 plainte contre le p\u00e8re, pas contre l\u2019enfant. Les policiers ont convoqu\u00e9 au commissariat, le p\u00e8re avec l\u2019enfant. Voil\u00e0 ce qui suscite une vive \u00e9motion \u00ab dans le Landerneau \u00bb. Et l\u00e0, les policiers s\u2019excusent \u00e0 leur tour : \u00ab s\u2019\u00e9tait une erreur \u00bb. Pensent-ils s\u2019en sortir \u00e0 si bon compte ? L\u2019interpellation de la petite L\u00e9onarda dans un bus lors d\u2019une sortie scolaire \u00e9tait aussi une \u00ab maladresse \u00bb nous avait-on dit. Mais y avez-vous song\u00e9 messieurs dames les maitres policiers et Ministre : \u00ab Il y a des erreurs qui n\u2019en sont pas moins criminelles. \u00bb  Vendredi 30 janvier 2015.<\/p>\n","protected":false},"excerpt":{"rendered":"<p>ET SI L\u2019ON FAISAIT \u00ab DES CAMPS DE REEDUCATION D\u2019ENFANTS \u00bb ? Certes, \u00e7a se passe \u00e0 Nice, ville gouvern\u00e9e [&hellip;]<\/p>\n","protected":false},"author":1,"featured_media":0,"comment_status":"open","ping_status":"open","sticky":false,"template":"","format":"standard","meta":{"sfsi_plus_gutenberg_text_before_share":"","sfsi_plus_gutenberg_show_text_before_share":"","sfsi_plus_gutenberg_icon_type":"","sfsi_plus_gutenberg_icon_alignemt":"","sfsi_plus_gutenburg_max_per_row":"","site-sidebar-layout":"default","site-content-layout":"","ast-site-content-layout":"default","site-content-style":"default","site-sidebar-style":"default","ast-global-header-display":"","ast-banner-title-visibility":"","ast-main-header-display":"","ast-hfb-above-header-display":"","ast-hfb-below-header-display":"","ast-hfb-mobile-header-display":"","site-post-title":"","ast-breadcrumbs-content":"","ast-featured-img":"","footer-sml-layout":"","ast-disable-related-posts":"","theme-transparent-header-meta":"","adv-header-id-meta":"","stick-header-meta":"","header-above-stick-meta":"","header-main-stick-meta":"","header-below-stick-meta":"","astra-migrate-meta-layouts":"default","ast-page-background-enabled":"default","ast-page-background-meta":{"desktop":{"background-color":"var(--ast-global-color-4)","background-image":"","background-repeat":"repeat","background-position":"center center","background-size":"auto","background-attachment":"scroll","background-type":"","background-media":"","overlay-type":"","overlay-color":"","overlay-opacity":"","overlay-gradient":""},"tablet":{"background-color":"","background-image":"","background-repeat":"repeat","background-position":"center center","background-size":"auto","background-attachment":"scroll","background-type":"","background-media":"","overlay-type":"","overlay-color":"","overlay-opacity":"","overlay-gradient":""},"mobile":{"background-color":"","background-image":"","background-repeat":"repeat","background-position":"center center","background-size":"auto","background-attachment":"scroll","background-type":"","background-media":"","overlay-type":"","overlay-color":"","overlay-opacity":"","overlay-gradient":""}},"ast-content-background-meta":{"desktop":{"background-color":"var(--ast-global-color-5)","background-image":"","background-repeat":"repeat","background-position":"center center","background-size":"auto","background-attachment":"scroll","background-type":"","background-media":"","overlay-type":"","overlay-color":"","overlay-opacity":"","overlay-gradient":""},"tablet":{"background-color":"var(--ast-global-color-5)","background-image":"","background-repeat":"repeat","background-position":"center center","background-size":"auto","background-attachment":"scroll","background-type":"","background-media":"","overlay-type":"","overlay-color":"","overlay-opacity":"","overlay-gradient":""},"mobile":{"background-color":"var(--ast-global-color-5)","background-image":"","background-repeat":"repeat","background-position":"center center","background-size":"auto","background-attachment":"scroll","background-type":"","background-media":"","overlay-type":"","overlay-color":"","overlay-opacity":"","overlay-gradient":""}},"footnotes":""},"categories":[16],"tags":[],"class_list":["post-1155","post","type-post","status-publish","format-standard","hentry","category-archives-cms"],"_links":{"self":[{"href":"https:\/\/lavoiedessansvoix.fr\/lavoie\/wp-json\/wp\/v2\/posts\/1155","targetHints":{"allow":["GET"]}}],"collection":[{"href":"https:\/\/lavoiedessansvoix.fr\/lavoie\/wp-json\/wp\/v2\/posts"}],"about":[{"href":"https:\/\/lavoiedessansvoix.fr\/lavoie\/wp-json\/wp\/v2\/types\/post"}],"author":[{"embeddable":true,"href":"https:\/\/lavoiedessansvoix.fr\/lavoie\/wp-json\/wp\/v2\/users\/1"}],"replies":[{"embeddable":true,"href":"https:\/\/lavoiedessansvoix.fr\/lavoie\/wp-json\/wp\/v2\/comments?post=1155"}],"version-history":[{"count":0,"href":"https:\/\/lavoiedessansvoix.fr\/lavoie\/wp-json\/wp\/v2\/posts\/1155\/revisions"}],"wp:attachment":[{"href":"https:\/\/lavoiedessansvoix.fr\/lavoie\/wp-json\/wp\/v2\/media?parent=1155"}],"wp:term":[{"taxonomy":"category","embeddable":true,"href":"https:\/\/lavoiedessansvoix.fr\/lavoie\/wp-json\/wp\/v2\/categories?post=1155"},{"taxonomy":"post_tag","embeddable":true,"href":"https:\/\/lavoiedessansvoix.fr\/lavoie\/wp-json\/wp\/v2\/tags?post=1155"}],"curies":[{"name":"wp","href":"https:\/\/api.w.org\/{rel}","templated":true}]}}