{"id":1153,"date":"2015-02-03T16:28:00","date_gmt":"2015-02-03T15:28:00","guid":{"rendered":"https:\/\/lavoiedessansvoix.fr\/lavoie\/2015\/02\/03\/archive-l-hommage-et-le-mepris\/"},"modified":"2015-02-03T16:28:00","modified_gmt":"2015-02-03T15:28:00","slug":"archive-l-hommage-et-le-mepris","status":"publish","type":"post","link":"https:\/\/lavoiedessansvoix.fr\/lavoie\/2015\/02\/03\/archive-l-hommage-et-le-mepris\/","title":{"rendered":"L\u2019HOMMAGE ET LE M\u00c9PRIS"},"content":{"rendered":"<p>L\u2019HOMMAGE ET LE M\u00c9PRIS  Fran\u00e7ois Hollande \u00e9tait aujourd\u2019hui \u00ab aux Invalides \u00bb pour rendre hommage aux neuf militaires Fran\u00e7ais, morts lors d\u2019un  exercice, sur la base d\u2019Albacete  en Espagne. L\u2019accident est survenu au centre de formation de pilotes d\u2019\u00e9lite de l\u2019Otan.  Neuf hommes, jeunes, sont morts, et bien s\u00fbr, atteints par la sid\u00e9ration que provoque la mort des \u00eatres humains, nous nous inclinons sur leurs d\u00e9pouilles et partageons la douleur de leurs proches. Mais, nous nous interrogeons tout de m\u00eame, un \u00ab Hommage de la Nation, aux Invalides \u00bb ? Pourquoi donc ? Ces hommes sont morts, non dans un combat path\u00e9tique de l\u2019Histoire o\u00f9 est en jeu la survie m\u00eame de la \u00ab Nation \u00bb. Ils sont morts, pas m\u00eame dans un de ces combats coloniaux o\u00f9 \u00ab n\u00e9ocoloniaux \u00bb maudits, pour le capital et le profits, que \u00ab les responsables politiques \u00bb  appellent \u00ab les int\u00e9r\u00eats de la France \u00bb, et qu\u2019ils assimilent \u00e0 pr\u00e9sent aux \u00ab morts pour la Patrie \u00bb. Non, ces hommes sont morts dans un quelconque accident du travail. Comme cela arrive \u00e0 des dizaines, voire des centaines de techniciens, ouvriers ou employ\u00e9s qui meurent eux aussi  chaque ann\u00e9e, victimes d\u2019accidents ou de maladie du travail, survenus ou contract\u00e9es,  \u00ab dans l\u2019exercice de leurs fonctions \u00bb  Il ne me souviens pas par exemple que l\u2019on ait rendu un hommage \u00e9quivalent  aux Invalides, ou \u00e0 d\u00e9faut \u00e0 la Bourse du travail aux employ\u00e9s d\u2019AZF et autres travailleurs pr\u00e9sent sur le site, morts le 21 septembre 2001 dans l\u2019explosion de l\u2019usine de Toulouse,  En se livrant ainsi \u00e0 un hommage appuy\u00e9 et ostentatoire, mais non moins d\u00e9plac\u00e9, aux victimes militaires d\u2019un accident du travail, Fran\u00e7ois Hollande d\u2019une certaine mani\u00e8re ne fait-il pas offense aux victimes civiles d\u2019accidents du travail, bien plus nombreuses chaque ann\u00e9e. A trop vouloir valoriser ceux qui ont pour mission de d\u00e9fendre les int\u00e9r\u00eats capitalistes de la France \u00e0 l\u2019\u00e9tranger, le Pr\u00e9sident de la r\u00e9publique ne signale-t-il pas (encore une fois) son m\u00e9pris pour ceux qui par leur labeur produisent les richesses de la nation ? Mais l\u00e0 n\u2019est peut-\u00eatre pas l\u2019essentiel. Pourquoi cet hommage national &#8211; au seul fait que ce sont des militaires &#8211; \u00e0 ces militaires morts ? 1 &#8211; Parce que Fran\u00e7ois Hollande a voulu saisir cette occasion pour en rajouter une couche sur le th\u00e8me de \u00ab l\u2019unit\u00e9 nationale \u00bb, qui sert si bien le pouvoir en place. 2 \u2013 Parce qu\u2019il a voulu saisir cette occasion aussi de faire \u00ab l\u2019article \u00bb pour l\u2019arm\u00e9e et de justifier \u00ab l\u2019interventionnisme et la politique ext\u00e9rieure agressive de la France.  \u00ab Il faut battre le fer quand il est chaud \u00bb. Le chef de l\u2019\u00c9tat, chef des arm\u00e9es,  entend profiter encore un peu de l\u2019\u00e9motion suscit\u00e9e par l\u2018attaque terroriste du d\u00e9but janvier, qui rend l\u2019opinion plus r\u00e9ceptive \u00e0 son discours guerrier, pour la convaincre de la \u00ab justesse \u00bb de cette politique inique. Mardi 3 f\u00e9vrier 2015.<\/p>\n","protected":false},"excerpt":{"rendered":"<p>L\u2019HOMMAGE ET LE M\u00c9PRIS Fran\u00e7ois Hollande \u00e9tait aujourd\u2019hui \u00ab aux Invalides \u00bb pour rendre hommage aux neuf militaires Fran\u00e7ais, morts [&hellip;]<\/p>\n","protected":false},"author":1,"featured_media":0,"comment_status":"open","ping_status":"open","sticky":false,"template":"","format":"standard","meta":{"sfsi_plus_gutenberg_text_before_share":"","sfsi_plus_gutenberg_show_text_before_share":"","sfsi_plus_gutenberg_icon_type":"","sfsi_plus_gutenberg_icon_alignemt":"","sfsi_plus_gutenburg_max_per_row":"","site-sidebar-layout":"default","site-content-layout":"","ast-site-content-layout":"default","site-content-style":"default","site-sidebar-style":"default","ast-global-header-display":"","ast-banner-title-visibility":"","ast-main-header-display":"","ast-hfb-above-header-display":"","ast-hfb-below-header-display":"","ast-hfb-mobile-header-display":"","site-post-title":"","ast-breadcrumbs-content":"","ast-featured-img":"","footer-sml-layout":"","ast-disable-related-posts":"","theme-transparent-header-meta":"","adv-header-id-meta":"","stick-header-meta":"","header-above-stick-meta":"","header-main-stick-meta":"","header-below-stick-meta":"","astra-migrate-meta-layouts":"default","ast-page-background-enabled":"default","ast-page-background-meta":{"desktop":{"background-color":"var(--ast-global-color-4)","background-image":"","background-repeat":"repeat","background-position":"center center","background-size":"auto","background-attachment":"scroll","background-type":"","background-media":"","overlay-type":"","overlay-color":"","overlay-opacity":"","overlay-gradient":""},"tablet":{"background-color":"","background-image":"","background-repeat":"repeat","background-position":"center center","background-size":"auto","background-attachment":"scroll","background-type":"","background-media":"","overlay-type":"","overlay-color":"","overlay-opacity":"","overlay-gradient":""},"mobile":{"background-color":"","background-image":"","background-repeat":"repeat","background-position":"center center","background-size":"auto","background-attachment":"scroll","background-type":"","background-media":"","overlay-type":"","overlay-color":"","overlay-opacity":"","overlay-gradient":""}},"ast-content-background-meta":{"desktop":{"background-color":"var(--ast-global-color-5)","background-image":"","background-repeat":"repeat","background-position":"center center","background-size":"auto","background-attachment":"scroll","background-type":"","background-media":"","overlay-type":"","overlay-color":"","overlay-opacity":"","overlay-gradient":""},"tablet":{"background-color":"var(--ast-global-color-5)","background-image":"","background-repeat":"repeat","background-position":"center center","background-size":"auto","background-attachment":"scroll","background-type":"","background-media":"","overlay-type":"","overlay-color":"","overlay-opacity":"","overlay-gradient":""},"mobile":{"background-color":"var(--ast-global-color-5)","background-image":"","background-repeat":"repeat","background-position":"center center","background-size":"auto","background-attachment":"scroll","background-type":"","background-media":"","overlay-type":"","overlay-color":"","overlay-opacity":"","overlay-gradient":""}},"footnotes":""},"categories":[16],"tags":[],"class_list":["post-1153","post","type-post","status-publish","format-standard","hentry","category-archives-cms"],"_links":{"self":[{"href":"https:\/\/lavoiedessansvoix.fr\/lavoie\/wp-json\/wp\/v2\/posts\/1153","targetHints":{"allow":["GET"]}}],"collection":[{"href":"https:\/\/lavoiedessansvoix.fr\/lavoie\/wp-json\/wp\/v2\/posts"}],"about":[{"href":"https:\/\/lavoiedessansvoix.fr\/lavoie\/wp-json\/wp\/v2\/types\/post"}],"author":[{"embeddable":true,"href":"https:\/\/lavoiedessansvoix.fr\/lavoie\/wp-json\/wp\/v2\/users\/1"}],"replies":[{"embeddable":true,"href":"https:\/\/lavoiedessansvoix.fr\/lavoie\/wp-json\/wp\/v2\/comments?post=1153"}],"version-history":[{"count":0,"href":"https:\/\/lavoiedessansvoix.fr\/lavoie\/wp-json\/wp\/v2\/posts\/1153\/revisions"}],"wp:attachment":[{"href":"https:\/\/lavoiedessansvoix.fr\/lavoie\/wp-json\/wp\/v2\/media?parent=1153"}],"wp:term":[{"taxonomy":"category","embeddable":true,"href":"https:\/\/lavoiedessansvoix.fr\/lavoie\/wp-json\/wp\/v2\/categories?post=1153"},{"taxonomy":"post_tag","embeddable":true,"href":"https:\/\/lavoiedessansvoix.fr\/lavoie\/wp-json\/wp\/v2\/tags?post=1153"}],"curies":[{"name":"wp","href":"https:\/\/api.w.org\/{rel}","templated":true}]}}