{"id":1152,"date":"2015-02-04T09:36:00","date_gmt":"2015-02-04T08:36:00","guid":{"rendered":"https:\/\/lavoiedessansvoix.fr\/lavoie\/2015\/02\/04\/archive-desole-mais-cette-fois-ce-sont-les-pots-de-sarko-qui-ont-raison\/"},"modified":"2015-02-04T09:36:00","modified_gmt":"2015-02-04T08:36:00","slug":"archive-desole-mais-cette-fois-ce-sont-les-pots-de-sarko-qui-ont-raison","status":"publish","type":"post","link":"https:\/\/lavoiedessansvoix.fr\/lavoie\/2015\/02\/04\/archive-desole-mais-cette-fois-ce-sont-les-pots-de-sarko-qui-ont-raison\/","title":{"rendered":"D\u00c9SOLE MAIS CETTE FOIS, CE SONT LES POTS DE SARKO QUI ONT RAISON"},"content":{"rendered":"<p>D\u00c9SOL\u00c9, MAIS CETTE FOIS, CE SONT LES POTS DE SARKO QUI ONT RAISON  Ce n\u2019est pas de gait\u00e9 de c\u0153ur que nous nous r\u00e9signons \u00e0 dire cela tout haut. Mais nous avions averti, et nous avons eu d\u00e9j\u00e0 plusieurs occasions de le prouver, nous ne nous r\u00e9soudrons jamais \u00e0 dire que tel ou tel \u00e0 tort, fut-il le diable en personne, quand nous savons pertinemment qu\u2019il a raison. Notre positionnement sur cette question ne date pas de ce jour, il remonte m\u00eame \u00e0 fort longtemps. Nous avons \u00e9crit en 1986 d\u00e9j\u00e0, dans notre plaquette \u00ab Social Bonapartisme et classe ouvri\u00e8re \u00bb \u00e0 propos du caract\u00e8re n\u00e9faste de ce que Raymond Barre avait nomm\u00e9 alors \u00ab la confusion des genres \u00bb. Depuis, le raccourcissement du mandat pr\u00e9sidentiel \u00e0 cinq ans (quinquennat) et la mise en concordance du calendrier \u00e9lectoral (l\u2019\u00e9lection Pr\u00e9sidentielle devant pr\u00e9c\u00e9der les \u00e9lections l\u00e9gislatives et celles-ci avoir lieu dans la foul\u00e9e imm\u00e9diate de la premi\u00e8re), ont mis fin aux errements des p\u00e9riodes dites de \u00ab cohabitations \u00bb et perp\u00e9tu\u00e9e, tant bien que mal,  la survie des cat\u00e9gories politiques \u00ab droite\/gauche \u00bb. Pourtant, malgr\u00e9 tout, pi\u00e9g\u00e9e par \u00ab la pens\u00e9e unique \u00bb, la confusion des politiques n\u2019a fait que croitre. Tant, que le cr\u00e9do du FN sur le th\u00e8me \u00ab UMPS \u00bb est probablement devenu l\u2019id\u00e9e politique la mieux partag\u00e9e de France. Nous avons souvent dit et \u00e9crit que cette proximit\u00e9 des politiques de droite et de gauche, \u00e9tait la cause de la d\u00e9mobilisation de l\u2019\u00e9lectorat ouvrier et de la d\u00e9moralisation populaire, et le meilleur terreau pour la prosp\u00e9rit\u00e9 du FN ; C\u2019est \u00e0 cette raison, bien que totalement \u00e0 contre-courant, que nous avions refus\u00e9 en 2002 de voter Jacques Chirac au deuxi\u00e8me tour des \u00e9lections pr\u00e9sidentielles. Sans ce positionnement de \u00ab toute la gauche \u00bb Jacques Chirac n\u2019en aurait pas moins \u00e9tait \u00e9lu, avec 58, 51 ou m\u00eame 48 % des suffrages. Ce que redoutaient alors les \u00ab caciques \u00bb, ce n\u2019\u00e9tait pas tant le risque nul, pour des analystes s\u00e9rieux, de victoire de Jean-Marie Le Pen, que la d\u00e9stabilisation durable des institutions de la 5\u00e8me R\u00e9publique qui en r\u00e9sulterait d\u2019un score relatif du candidat du RPR, premier parti d\u2019alternance. Le mouvement d\u2019union r\u00e9publicaine d\u2019alors, dont les r\u00e9sultats \u00e9lectoraux prouv\u00e8rent l\u2019inutilit\u00e9 pour l\u2019usage d\u00e9clar\u00e9, servit en v\u00e9rit\u00e9, quand l\u2019\u00e9limination de Lionel Jospin, l\u2019autre candidat de l\u2019alternance, mettait \u00e0 mal le syst\u00e8me institutionnel, \u00e0 le faire rebondir dans l\u2019instant en le pl\u00e9biscitant, en la personne de Jacques Chirac. C\u2019est \u00e0 cette raison que nous avons maintes fois sugg\u00e9r\u00e9 dans moult articles, \u00e0 Jean-Luc M\u00e9lenchon et au \u00ab Front de Gauche \u00bb, de tracer une voie alternative en totale rupture avec le PS. Car donner \u00e0 penser que l\u2019on reste en lien, d\u00e9pendant de ce parti par cette filiation \u00ab d\u2019une gauche \u00bb qui trahit les int\u00e9r\u00eats populaires, c\u2019est ce condamner \u00e0 l\u2019\u00e9chec assur\u00e9. Pourquoi voudriez-vous en effet que des \u00e9lecteurs qui ex\u00e8crent d\u00e8s-lors le PS, \u00ab la gauche lib\u00e9rale \u00bb qui les trompe depuis si longtemps, portent leurs suffrages sur le \u00ab Front de Gauche \u00bb aussi longtemps qu\u2019ils seront convaincus qu\u2019en d\u00e9finitive, au bout du compte, ceux-ci se retrouveront encore dans l\u2019escarcelle du PS pour poursuivre toujours la m\u00eame politique. Persister dans cette voie c\u2019est donner le sentiment aux \u00e9lecteurs qu\u2019ils sont \u00ab pi\u00e9g\u00e9s \u00bb et contribuer \u00e0 leur d\u00e9mobilisation ou \u00e0 leur col\u00e8re, c\u2019est creuser un peu plus le lit de l\u2019av\u00e8nement du FN. C\u2019est \u00e0 cette raison encore que nous avons refus\u00e9 de nous ranger au pas de l\u2019oie dans \u00ab l\u2019Union Nationale \u00bb de ces derniers jours, qui en aspirant \u00e0 agglom\u00e9rer les fran\u00e7ais de toutes conditions dans un magma politique informe, ouvre encore plus grande l\u2019avenue du pouvoir au FN qui devient ainsi la seule alternative, obligatoire. Alors, quand le bureau politique de l\u2019UMP dit \u00ab ni ni \u00bb parce qu\u2019il refuse de pousser un peu plus avant l\u2019assimilation et la confusion \u00ab des genres \u00bb, pour en revenir \u00e0 la formulation ancienne de Raymond Barre,  Quand il refuse de ressusciter \u00ab la cohabitation \u00bb et de \u00ab l\u2019institutionnaliser \u00bb sous la forme nouvelle d\u2019une \u00ab Union Nationale \u00bb anti FN, comment pourrions-nous faire autre chose que de lui donner raison.  Bien que la solution simpliste \u00ab tous ensemble contre le FN \u00bb puisse paraitre \u00e0 certains la meilleure fa\u00e7on de lui faire barrage, nous maintenons et r\u00e9it\u00e9rons notre propre position. C\u2019est au contraire le retour \u00e0 la claire s\u00e9paration des genres,  la mobilisation vraiment \u00e0 gauche de l\u2019\u00e9lectorat, le retour aux valeurs de la lutte, qui sont les v\u00e9ritables rem\u00e8des \u00e0 l\u2019actuelle ascension du FN Patrick Seignon. \u00ab\u00a0lavoiedessansvoix.fr. Mercredi 4 f\u00e9vier 2015.<\/p>\n","protected":false},"excerpt":{"rendered":"<p>D\u00c9SOL\u00c9, MAIS CETTE FOIS, CE SONT LES POTS DE SARKO QUI ONT RAISON Ce n\u2019est pas de gait\u00e9 de c\u0153ur [&hellip;]<\/p>\n","protected":false},"author":1,"featured_media":0,"comment_status":"open","ping_status":"open","sticky":false,"template":"","format":"standard","meta":{"sfsi_plus_gutenberg_text_before_share":"","sfsi_plus_gutenberg_show_text_before_share":"","sfsi_plus_gutenberg_icon_type":"","sfsi_plus_gutenberg_icon_alignemt":"","sfsi_plus_gutenburg_max_per_row":"","site-sidebar-layout":"default","site-content-layout":"","ast-site-content-layout":"default","site-content-style":"default","site-sidebar-style":"default","ast-global-header-display":"","ast-banner-title-visibility":"","ast-main-header-display":"","ast-hfb-above-header-display":"","ast-hfb-below-header-display":"","ast-hfb-mobile-header-display":"","site-post-title":"","ast-breadcrumbs-content":"","ast-featured-img":"","footer-sml-layout":"","ast-disable-related-posts":"","theme-transparent-header-meta":"","adv-header-id-meta":"","stick-header-meta":"","header-above-stick-meta":"","header-main-stick-meta":"","header-below-stick-meta":"","astra-migrate-meta-layouts":"default","ast-page-background-enabled":"default","ast-page-background-meta":{"desktop":{"background-color":"var(--ast-global-color-4)","background-image":"","background-repeat":"repeat","background-position":"center center","background-size":"auto","background-attachment":"scroll","background-type":"","background-media":"","overlay-type":"","overlay-color":"","overlay-opacity":"","overlay-gradient":""},"tablet":{"background-color":"","background-image":"","background-repeat":"repeat","background-position":"center center","background-size":"auto","background-attachment":"scroll","background-type":"","background-media":"","overlay-type":"","overlay-color":"","overlay-opacity":"","overlay-gradient":""},"mobile":{"background-color":"","background-image":"","background-repeat":"repeat","background-position":"center center","background-size":"auto","background-attachment":"scroll","background-type":"","background-media":"","overlay-type":"","overlay-color":"","overlay-opacity":"","overlay-gradient":""}},"ast-content-background-meta":{"desktop":{"background-color":"var(--ast-global-color-5)","background-image":"","background-repeat":"repeat","background-position":"center center","background-size":"auto","background-attachment":"scroll","background-type":"","background-media":"","overlay-type":"","overlay-color":"","overlay-opacity":"","overlay-gradient":""},"tablet":{"background-color":"var(--ast-global-color-5)","background-image":"","background-repeat":"repeat","background-position":"center center","background-size":"auto","background-attachment":"scroll","background-type":"","background-media":"","overlay-type":"","overlay-color":"","overlay-opacity":"","overlay-gradient":""},"mobile":{"background-color":"var(--ast-global-color-5)","background-image":"","background-repeat":"repeat","background-position":"center center","background-size":"auto","background-attachment":"scroll","background-type":"","background-media":"","overlay-type":"","overlay-color":"","overlay-opacity":"","overlay-gradient":""}},"footnotes":""},"categories":[16],"tags":[],"class_list":["post-1152","post","type-post","status-publish","format-standard","hentry","category-archives-cms"],"_links":{"self":[{"href":"https:\/\/lavoiedessansvoix.fr\/lavoie\/wp-json\/wp\/v2\/posts\/1152","targetHints":{"allow":["GET"]}}],"collection":[{"href":"https:\/\/lavoiedessansvoix.fr\/lavoie\/wp-json\/wp\/v2\/posts"}],"about":[{"href":"https:\/\/lavoiedessansvoix.fr\/lavoie\/wp-json\/wp\/v2\/types\/post"}],"author":[{"embeddable":true,"href":"https:\/\/lavoiedessansvoix.fr\/lavoie\/wp-json\/wp\/v2\/users\/1"}],"replies":[{"embeddable":true,"href":"https:\/\/lavoiedessansvoix.fr\/lavoie\/wp-json\/wp\/v2\/comments?post=1152"}],"version-history":[{"count":0,"href":"https:\/\/lavoiedessansvoix.fr\/lavoie\/wp-json\/wp\/v2\/posts\/1152\/revisions"}],"wp:attachment":[{"href":"https:\/\/lavoiedessansvoix.fr\/lavoie\/wp-json\/wp\/v2\/media?parent=1152"}],"wp:term":[{"taxonomy":"category","embeddable":true,"href":"https:\/\/lavoiedessansvoix.fr\/lavoie\/wp-json\/wp\/v2\/categories?post=1152"},{"taxonomy":"post_tag","embeddable":true,"href":"https:\/\/lavoiedessansvoix.fr\/lavoie\/wp-json\/wp\/v2\/tags?post=1152"}],"curies":[{"name":"wp","href":"https:\/\/api.w.org\/{rel}","templated":true}]}}