{"id":1148,"date":"2015-02-10T16:21:00","date_gmt":"2015-02-10T15:21:00","guid":{"rendered":"https:\/\/lavoiedessansvoix.fr\/lavoie\/2015\/02\/10\/archive-les-divinites-de-la-decadence\/"},"modified":"2015-02-10T16:21:00","modified_gmt":"2015-02-10T15:21:00","slug":"archive-les-divinites-de-la-decadence","status":"publish","type":"post","link":"https:\/\/lavoiedessansvoix.fr\/lavoie\/2015\/02\/10\/archive-les-divinites-de-la-decadence\/","title":{"rendered":"LES DIVINIT\u00c9S DE LA D\u00c9CADENCE"},"content":{"rendered":"<p>LES DIVINIT\u00c9S DE LA D\u00c9CADENCE   Des \u00ab femen \u00bb seins nus ont accueilli Dominique Strauss Kahn qui comparaissait aujourd\u2019hui au Palais de justice de Lille dans le cadre de l\u2019affaire dite \u00ab du Carlton \u00bb.   Que venaient faire l\u00e0 ces furies ? D\u00e9fendre la dignit\u00e9 des femmes ? Allons donc, elles les insultes en se livrant \u00e0 des ballets obsc\u00e8nes, et des manifestations d\u00e9gradantes. L\u2019usage de la femme \u00ab objet \u00bb dans la publicit\u00e9 mercantile, qui a toujours suscit\u00e9 l\u2019indignation et justifi\u00e9 maints combats a de tous temps \u00e9t\u00e9 pourfendu par les mouvements f\u00e9ministes, Par quel non-sens deviendrait-il un instrument d\u2019expression et de combat f\u00e9ministe ?  Les femen ? Une tribu d\u2019\u00c9rinyes qui a fait de la provocation et des attitudes insultantes et blasph\u00e9matoires son moyen d\u2019expression et d\u2019action favori.   Certes comme l\u2019on dit \u00e0 pr\u00e9sent pour justifier son manque de courtoisie et son m\u00e9pris des autres, c\u2019est \u00ab la libert\u00e9 d\u2019expression \u00bb et \u00ab\u00a0le blasph\u00e8me \u00bb n\u2019est pas judiciaris\u00e9 en France.\u00a0\u00bb   C\u2019est vrai, j\u2019en conviens, et je m\u2019en r\u00e9joui d\u2019autant plus volontiers que je suis moi-m\u00eame un grand blasph\u00e9mateur par devers \u00ab Dieux \u00bb. Cela autorise-t-il pourtant quiconque \u00e0 en abuser ?   Pour ma part je blasph\u00e8me en priv\u00e9, sous la douche, en famille ou avec des amis s\u00fbrs. J\u2019\u00e9vite de le faire en pr\u00e9sence de ceux qui pourraient se sentir offenser. Blasph\u00e9mer expr\u00e8s avec l\u2019intention d\u2019atteindre ceux que cela blesse, ce n\u2019est plus seulement du blasph\u00e8me, cela rel\u00e8ve du domaine de l\u2019agression, c\u2019est de l\u2019injure et de l\u2019insulte.   Nulle intention pour nous d\u2019\u00e9pargner DSK que nous avons abondamment assaisonn\u00e9 de notre verve d\u00e9vastatrice depuis les d\u00e9buts de l\u2019affaire du \u00ab Sofitel de New-York \u00bb. Mais nous nous en sommes toujours tenus \u00e0 des arguments fond\u00e9s et dignes.  L\u2019injure et l\u2019insulte sont r\u00e9prim\u00e9es par la loi. Je m\u2019en fiche comme de ma premi\u00e8re culotte. Ce n\u2019est pas la rigueur de la loi qui m\u2019interdira d\u2019injurier quelqu\u2019un qui se rendrait coupable \u00e0 mon endroit d\u2019un fait de nature \u00e0 provoquer mon ire. Ce qui m\u2019invite \u00e0 la r\u00e9serve, et je pense que c\u2019est le cas pour la plupart des \u00eatres humains, \u00e9duqu\u00e9s et polic\u00e9s, c\u2019est le souci de ne pas blesser autrui, c\u2019est le mal que \u00e7a fait \u00e0 soi-m\u00eame d\u2019avoir humili\u00e9 son prochain. Selon la jolie formule de Jacques Brel, je me pr\u00e9f\u00e9rerais l\u00e2che et plut\u00f4t qu\u2019odieux \u00bb. Ce commandement de la raison me parait-\u00eatre \u00ab un gendarme \u00bb suffisant pour contenir les exc\u00e8s de la majorit\u00e9 d\u2019entre nous. C\u2019est cet autocontr\u00f4le civilisationnel qu\u2019ont perdu \u00ab les femen \u00bb et qui les met en marge de l\u2019humanit\u00e9.   Et pour conclure, une question : De quel chaudron de sorci\u00e8re sortent ces divinit\u00e9s de la d\u00e9cadence ?  Mardi 10 f\u00e9vrier 2015.<\/p>\n","protected":false},"excerpt":{"rendered":"<p>LES DIVINIT\u00c9S DE LA D\u00c9CADENCE Des \u00ab femen \u00bb seins nus ont accueilli Dominique Strauss Kahn qui comparaissait aujourd\u2019hui au [&hellip;]<\/p>\n","protected":false},"author":1,"featured_media":0,"comment_status":"open","ping_status":"open","sticky":false,"template":"","format":"standard","meta":{"sfsi_plus_gutenberg_text_before_share":"","sfsi_plus_gutenberg_show_text_before_share":"","sfsi_plus_gutenberg_icon_type":"","sfsi_plus_gutenberg_icon_alignemt":"","sfsi_plus_gutenburg_max_per_row":"","site-sidebar-layout":"default","site-content-layout":"","ast-site-content-layout":"default","site-content-style":"default","site-sidebar-style":"default","ast-global-header-display":"","ast-banner-title-visibility":"","ast-main-header-display":"","ast-hfb-above-header-display":"","ast-hfb-below-header-display":"","ast-hfb-mobile-header-display":"","site-post-title":"","ast-breadcrumbs-content":"","ast-featured-img":"","footer-sml-layout":"","ast-disable-related-posts":"","theme-transparent-header-meta":"","adv-header-id-meta":"","stick-header-meta":"","header-above-stick-meta":"","header-main-stick-meta":"","header-below-stick-meta":"","astra-migrate-meta-layouts":"default","ast-page-background-enabled":"default","ast-page-background-meta":{"desktop":{"background-color":"var(--ast-global-color-4)","background-image":"","background-repeat":"repeat","background-position":"center center","background-size":"auto","background-attachment":"scroll","background-type":"","background-media":"","overlay-type":"","overlay-color":"","overlay-opacity":"","overlay-gradient":""},"tablet":{"background-color":"","background-image":"","background-repeat":"repeat","background-position":"center center","background-size":"auto","background-attachment":"scroll","background-type":"","background-media":"","overlay-type":"","overlay-color":"","overlay-opacity":"","overlay-gradient":""},"mobile":{"background-color":"","background-image":"","background-repeat":"repeat","background-position":"center center","background-size":"auto","background-attachment":"scroll","background-type":"","background-media":"","overlay-type":"","overlay-color":"","overlay-opacity":"","overlay-gradient":""}},"ast-content-background-meta":{"desktop":{"background-color":"var(--ast-global-color-5)","background-image":"","background-repeat":"repeat","background-position":"center center","background-size":"auto","background-attachment":"scroll","background-type":"","background-media":"","overlay-type":"","overlay-color":"","overlay-opacity":"","overlay-gradient":""},"tablet":{"background-color":"var(--ast-global-color-5)","background-image":"","background-repeat":"repeat","background-position":"center center","background-size":"auto","background-attachment":"scroll","background-type":"","background-media":"","overlay-type":"","overlay-color":"","overlay-opacity":"","overlay-gradient":""},"mobile":{"background-color":"var(--ast-global-color-5)","background-image":"","background-repeat":"repeat","background-position":"center center","background-size":"auto","background-attachment":"scroll","background-type":"","background-media":"","overlay-type":"","overlay-color":"","overlay-opacity":"","overlay-gradient":""}},"footnotes":""},"categories":[16],"tags":[],"class_list":["post-1148","post","type-post","status-publish","format-standard","hentry","category-archives-cms"],"_links":{"self":[{"href":"https:\/\/lavoiedessansvoix.fr\/lavoie\/wp-json\/wp\/v2\/posts\/1148","targetHints":{"allow":["GET"]}}],"collection":[{"href":"https:\/\/lavoiedessansvoix.fr\/lavoie\/wp-json\/wp\/v2\/posts"}],"about":[{"href":"https:\/\/lavoiedessansvoix.fr\/lavoie\/wp-json\/wp\/v2\/types\/post"}],"author":[{"embeddable":true,"href":"https:\/\/lavoiedessansvoix.fr\/lavoie\/wp-json\/wp\/v2\/users\/1"}],"replies":[{"embeddable":true,"href":"https:\/\/lavoiedessansvoix.fr\/lavoie\/wp-json\/wp\/v2\/comments?post=1148"}],"version-history":[{"count":0,"href":"https:\/\/lavoiedessansvoix.fr\/lavoie\/wp-json\/wp\/v2\/posts\/1148\/revisions"}],"wp:attachment":[{"href":"https:\/\/lavoiedessansvoix.fr\/lavoie\/wp-json\/wp\/v2\/media?parent=1148"}],"wp:term":[{"taxonomy":"category","embeddable":true,"href":"https:\/\/lavoiedessansvoix.fr\/lavoie\/wp-json\/wp\/v2\/categories?post=1148"},{"taxonomy":"post_tag","embeddable":true,"href":"https:\/\/lavoiedessansvoix.fr\/lavoie\/wp-json\/wp\/v2\/tags?post=1148"}],"curies":[{"name":"wp","href":"https:\/\/api.w.org\/{rel}","templated":true}]}}