{"id":1147,"date":"2015-02-11T01:52:00","date_gmt":"2015-02-11T00:52:00","guid":{"rendered":"https:\/\/lavoiedessansvoix.fr\/lavoie\/2015\/02\/11\/archive-les-chomeuts-sont-ils-des-travailleurs-inadaptes\/"},"modified":"2015-02-11T01:52:00","modified_gmt":"2015-02-11T00:52:00","slug":"archive-les-chomeuts-sont-ils-des-travailleurs-inadaptes","status":"publish","type":"post","link":"https:\/\/lavoiedessansvoix.fr\/lavoie\/2015\/02\/11\/archive-les-chomeuts-sont-ils-des-travailleurs-inadaptes\/","title":{"rendered":"LES CH\u00d4MEUTS SONT-ILS DES TRAVAILLEURS INADAPTES ?"},"content":{"rendered":"<p>LES CH\u00d4MEUTS SONT-ILS DES TRAVAILLEURS INADAPTES ? En pr\u00e9sentation de son \u00ab plan \u00bb de lutte contre le ch\u00f4mage de longue dur\u00e9e, Fran\u00e7ois Rebsamen, le ministre du travail, fait ce pr\u00e9ambule.\u00ab Parce qu\u2019il ab\u00eeme, stigmatise, le ch\u00f4mage de longue dur\u00e9e est une menace pour la coh\u00e9sion sociale \u00bb, O\u00f9 l\u2019on remarque d\u2019embl\u00e9e que la pr\u00e9occupation du ministre est plus \u00ab la coh\u00e9sion sociale \u00bb c\u2019est-\u00e0-dire la p\u00e9rennit\u00e9 du syst\u00e8me que les drames personnels que vivent des millions de travailleurs priv\u00e9s d\u2019emploi, donc de salaire, donc des moyens de gagner dignement leur vie. Le premier volet du plan doit aider les ch\u00f4meurs \u00e0 retrouver le chemin de l\u2019emploi. P\u00f4le emploi doublera le nombre des places en accompagnement intensif pour que 460 000 ch\u00f4meurs en b\u00e9n\u00e9ficient. D\u00e8s mars, tous les ch\u00f4meurs \u00e9ligibles au compte de Formation Professionnelle (CPF) auront droit \u00e0 une formation qualifiante gratuite. Deux nouveaux contrats pro bas\u00e9s sur l\u2019alternance, voient le jour : Un contrat de \u00ab professionnalisation nouvelle carri\u00e8re \u00bb s\u2019adresse aux demandeurs d\u2019emplois s\u00e9niors Un contrat de \u00ab professionnalisation nouvelle chance \u00bb, destin\u00e9 aux demandeurs tr\u00e8s \u00e9loign\u00e9s de l\u2019emploi\u2026.. Sont aussi pr\u00e9vues des pistes sur \u00ab l\u2019accompagnement global \u00bb destin\u00e9es \u00e0 combattre les freins p\u00e9riph\u00e9riques \u00e0 l\u2019emploi ; probl\u00e8mes de logement, sant\u00e9, etc. \u2013 Un dispositif de garantie de loyer \u2013 Un bilan de sant\u00e9 \u2013  Dispositif de r\u00e9servation de places de cr\u00e8che. Le troisi\u00e8me axe, Rassurer les employeurs Dans la lign\u00e9e, Fran\u00e7ois Rebsamen a aussi annonc\u00e9 une prestation de \u00ab\u00a0suivi dans l&#8217;emploi\u00a0\u00bb, un accompagnement de six mois des demandeurs d&#8217;emploi recrut\u00e9s. Ne remarquez-vous pas un d\u00e9faut r\u00e9dibitoire dans ce plan ? \u00ab Difficile d&rsquo;\u00eatre contre. Cela peut faciliter la vie d&rsquo;un certain nombre de ch\u00f4meurs, car retrouver un logement sans emploi stable rel\u00e8ve quasiment de l&rsquo;impossible, \u00bb commente Pierre-Edouard Magnan, du MNCP. (Mouvement national des ch\u00f4meurs et pr\u00e9caires) \u00ab Mais le probl\u00e8me du ch\u00f4mage longue dur\u00e9e d\u00e9passe malheureusement de loin ce type de mesures, qui ne cr\u00e9e pas d&#8217;emplois. \u00bb (Sud Ouest) Monsieur Magnan dit les choses en termes mesur\u00e9s et polis.Mais c\u2019est l\u00e0 effectivement le fond de la question, qui m\u00e9rite une r\u00e9ponse plus passionn\u00e9e, voire empreinte de col\u00e8re. \u00ab Le plan Rebsamen de lutte contre le ch\u00f4mage \u00bb r\u00e9alise le tour de force de ne poser \u00e0 aucun moment le probl\u00e8me de l\u2019offre d\u2019emplois, celui de la d\u00e9fense des emplois existants, celui de la lutte contre les d\u00e9localisations, celui de la cr\u00e9ation d\u2019emplois, celui de la r\u00e9-industrialisation, etc. Comment d\u00e8s lors retrouver le chemin d\u2019emplois qui n\u2019existent pas ? Monsieur Rebsamen se fiche des ch\u00f4meurs et de nous-m\u00eames.En d\u00e9faut de cr\u00e9ation d\u2019emplois, ce plan n\u2019est qu\u2019une arnaque pure et simple. Pire m\u00eame, c\u2019est une injure publique faite aux travailleurs priv\u00e9s d\u2019emploi. D\u00e9cid\u00e9ment Monsieur Rebsamen est familier de ce genre de m\u00e9pris et de propos blessants \u00e0 l\u2019endroit des ch\u00f4meurs. M\u00e9pris, injure aux ch\u00f4meurs ? En effet, que dit de facto un tel plan ? Que le ch\u00f4mage r\u00e9sulte de l\u2019inaptitude des ch\u00f4meurs \u00ab \u00e0 retrouver le chemin de l\u2019emploi \u00bb. C\u2019est la faute des ch\u00f4meurs s\u2019ils ne trouvent pas d\u2019emplois. Ce plan les culpabilise, et le fait qu\u2019il se propose de lever divers freins et entraves, ne change rien, au contraire, \u00e0 sa probl\u00e9matique. Lever des freins et entraves \u00e0 la recherche d\u2019emplois pour des personnes qu\u2019une longue p\u00e9riode de ch\u00f4mage a plong\u00e9es dans le d\u00e9sarroi, ce n\u2019est certes peut-\u00eatre pas inutile dans l\u2019absolu. Mais si l\u2019on dit cela et rien que cela sans poser la question de la cr\u00e9ation d\u2019emplois, on est en effet dans le d\u00e9ni, le mensonge et l\u2019insulte. \u00ab Le ch\u00f4mage de longue dur\u00e9e abime et stigmatise \u00bb a dit Monsieur Rebsamen ? Mais la stigmatisation,  n\u2019est-ce pas le fondement m\u00eame de son plan ? Mercredi 11 f\u00e9vrier 2015.<\/p>\n","protected":false},"excerpt":{"rendered":"<p>LES CH\u00d4MEUTS SONT-ILS DES TRAVAILLEURS INADAPTES ? En pr\u00e9sentation de son \u00ab plan \u00bb de lutte contre le ch\u00f4mage de [&hellip;]<\/p>\n","protected":false},"author":1,"featured_media":0,"comment_status":"open","ping_status":"open","sticky":false,"template":"","format":"standard","meta":{"sfsi_plus_gutenberg_text_before_share":"","sfsi_plus_gutenberg_show_text_before_share":"","sfsi_plus_gutenberg_icon_type":"","sfsi_plus_gutenberg_icon_alignemt":"","sfsi_plus_gutenburg_max_per_row":"","site-sidebar-layout":"default","site-content-layout":"","ast-site-content-layout":"default","site-content-style":"default","site-sidebar-style":"default","ast-global-header-display":"","ast-banner-title-visibility":"","ast-main-header-display":"","ast-hfb-above-header-display":"","ast-hfb-below-header-display":"","ast-hfb-mobile-header-display":"","site-post-title":"","ast-breadcrumbs-content":"","ast-featured-img":"","footer-sml-layout":"","ast-disable-related-posts":"","theme-transparent-header-meta":"","adv-header-id-meta":"","stick-header-meta":"","header-above-stick-meta":"","header-main-stick-meta":"","header-below-stick-meta":"","astra-migrate-meta-layouts":"default","ast-page-background-enabled":"default","ast-page-background-meta":{"desktop":{"background-color":"var(--ast-global-color-4)","background-image":"","background-repeat":"repeat","background-position":"center center","background-size":"auto","background-attachment":"scroll","background-type":"","background-media":"","overlay-type":"","overlay-color":"","overlay-opacity":"","overlay-gradient":""},"tablet":{"background-color":"","background-image":"","background-repeat":"repeat","background-position":"center center","background-size":"auto","background-attachment":"scroll","background-type":"","background-media":"","overlay-type":"","overlay-color":"","overlay-opacity":"","overlay-gradient":""},"mobile":{"background-color":"","background-image":"","background-repeat":"repeat","background-position":"center center","background-size":"auto","background-attachment":"scroll","background-type":"","background-media":"","overlay-type":"","overlay-color":"","overlay-opacity":"","overlay-gradient":""}},"ast-content-background-meta":{"desktop":{"background-color":"var(--ast-global-color-5)","background-image":"","background-repeat":"repeat","background-position":"center center","background-size":"auto","background-attachment":"scroll","background-type":"","background-media":"","overlay-type":"","overlay-color":"","overlay-opacity":"","overlay-gradient":""},"tablet":{"background-color":"var(--ast-global-color-5)","background-image":"","background-repeat":"repeat","background-position":"center center","background-size":"auto","background-attachment":"scroll","background-type":"","background-media":"","overlay-type":"","overlay-color":"","overlay-opacity":"","overlay-gradient":""},"mobile":{"background-color":"var(--ast-global-color-5)","background-image":"","background-repeat":"repeat","background-position":"center center","background-size":"auto","background-attachment":"scroll","background-type":"","background-media":"","overlay-type":"","overlay-color":"","overlay-opacity":"","overlay-gradient":""}},"footnotes":""},"categories":[16],"tags":[],"class_list":["post-1147","post","type-post","status-publish","format-standard","hentry","category-archives-cms"],"_links":{"self":[{"href":"https:\/\/lavoiedessansvoix.fr\/lavoie\/wp-json\/wp\/v2\/posts\/1147","targetHints":{"allow":["GET"]}}],"collection":[{"href":"https:\/\/lavoiedessansvoix.fr\/lavoie\/wp-json\/wp\/v2\/posts"}],"about":[{"href":"https:\/\/lavoiedessansvoix.fr\/lavoie\/wp-json\/wp\/v2\/types\/post"}],"author":[{"embeddable":true,"href":"https:\/\/lavoiedessansvoix.fr\/lavoie\/wp-json\/wp\/v2\/users\/1"}],"replies":[{"embeddable":true,"href":"https:\/\/lavoiedessansvoix.fr\/lavoie\/wp-json\/wp\/v2\/comments?post=1147"}],"version-history":[{"count":0,"href":"https:\/\/lavoiedessansvoix.fr\/lavoie\/wp-json\/wp\/v2\/posts\/1147\/revisions"}],"wp:attachment":[{"href":"https:\/\/lavoiedessansvoix.fr\/lavoie\/wp-json\/wp\/v2\/media?parent=1147"}],"wp:term":[{"taxonomy":"category","embeddable":true,"href":"https:\/\/lavoiedessansvoix.fr\/lavoie\/wp-json\/wp\/v2\/categories?post=1147"},{"taxonomy":"post_tag","embeddable":true,"href":"https:\/\/lavoiedessansvoix.fr\/lavoie\/wp-json\/wp\/v2\/tags?post=1147"}],"curies":[{"name":"wp","href":"https:\/\/api.w.org\/{rel}","templated":true}]}}