{"id":1146,"date":"2015-02-11T17:16:00","date_gmt":"2015-02-11T16:16:00","guid":{"rendered":"https:\/\/lavoiedessansvoix.fr\/lavoie\/2015\/02\/11\/archive-mais-ou-va-donc-se-nicher-l-antisemitisme\/"},"modified":"2015-02-11T17:16:00","modified_gmt":"2015-02-11T16:16:00","slug":"archive-mais-ou-va-donc-se-nicher-l-antisemitisme","status":"publish","type":"post","link":"https:\/\/lavoiedessansvoix.fr\/lavoie\/2015\/02\/11\/archive-mais-ou-va-donc-se-nicher-l-antisemitisme\/","title":{"rendered":"MAIS OU VA DONC SE NICHER L\u2019ANTIS\u00c9MITISME ?"},"content":{"rendered":"<p>MAIS OU VA DONC SE NICHER L\u2019ANTIS\u00c9MITISME ?http:\/\/lavoiedessansvoix.fr\/forum\/attachment.php?attachmentid=38&#038;stc=1 Quand l&rsquo;aveuglement et la rage remplace l\u2019intelligence et la raison, attends toi amis \u00e0 devoir r\u00e9viser quelques-jugements sur tes prochains.    Je tenais jusque-l\u00e0 G\u00e9rard Darmon pour un gar\u00e7on intelligent et dou\u00e9 d\u2019une certaine r\u00e9serve. Et je dois l\u2019avouer j\u2019\u00e9tais enclin \u00e0 de la sympathie pour \u00ab cette gueule \u00bb de notre cin\u00e9ma national.    Jusque-l\u00e0, s\u2019\u00e9tait hier apr\u00e8s-midi, 10 f\u00e9vrier. Le com\u00e9dien \u00e9tait, de 17 \u00e0 18 heures, l\u2019invit\u00e9 sur France Inter de l\u2019\u00e9mission \u00ab Si tu \u00e9coutes, j\u2019annule tout \u00bb anim\u00e9e par Charline Vanhoenacker et Alex Vizorek.  Il \u00e9tait quelques jours avant, sur le m\u00eame sujet, sur la m\u00eame radio, l\u2019invit\u00e9 d\u2019une \u00e9mission matinale. Je l\u2019avais d\u00e9j\u00e0 entendu parler de son livre \u00ab Sur la vie de mon p\u00e8re \u00bb. Surpris des faveurs que cette radio faisait \u00e0 \u00ab l\u2019\u00e9crivain \u00bb de circonstance, je me dis \u00e0 moi-m\u00eame, goguenard, \u00ab La vache* comme ils s\u2019arrangent et se renvoient l\u2019ascenseur entre pots. \u00bb je crus un instant que l\u2019on nous servait l\u00e0 du r\u00e9chauff\u00e9 et failli \u00e9teindre la radio. Mais d\u00e8s l\u2019entr\u00e9e en mati\u00e8re je r\u00e9alisais que s\u2019\u00e9tait bien du direct et qu\u2019il allait probablement dire des choses un peu diff\u00e9rentes. J\u2019\u00e9tais occup\u00e9 \u00e0 d\u2019autres taches et tendait une oreille distraite.  L\u2019\u00e9mission fonctionne sur le mode de l\u2019Humour avec un ton d\u00e9brid\u00e9. Justement, s\u2019\u00e9tait encore tout r\u00e9cent, le journal \u00ab Le Monde \u00bb venait de publier des noms de \u00ab fraudeurs fiscaux, repentis ou non, qui avaient un temps confier leur magot \u00e0 une banque suisse. Parmi ceux-ci, comme chacun sait, outre Jacques Dessange, et quelques autres c\u00e9l\u00e9brit\u00e9s, figurait le com\u00e9dien et humoriste Gad Elmaleh. Les animateurs de l\u2019\u00e9mission avis\u00e8rent une plaisanterie \u00e0 ce propos. Et l\u00e0, surprise, G\u00e9rard Darmon parti dans une tirade sur la d\u00e9lation et l\u2019antis\u00e9mitisme. Les journaux focalisaient semblait-il dire sur le cas de Gad Elmaleh, parce qu\u2019il \u00e9tait Juif, s\u2019\u00e9tait malsain, etc. La tonalit\u00e9 de son propos laissait entendre qu\u2019il ne plaisantait pas. Les animateurs \u00e0 l\u2019\u00e9vidence surpris de sa r\u00e9action l\u2019interrompirent enfin pour lui poser cette question simple : \u00ab vous voulez dire que c\u2019est de l\u2019antis\u00e9mitisme ? \u00bb Et il r\u00e9pondit du tac au tac : \u00ab c\u2019est ce que j\u2019ai dit \u00bb.    Avec un peu de chance Charline Vanheocker et Alex Vizorek, qui ne s\u2019attendaient probablement pas \u00e0 pareille m\u00e9saventure, pourraient devoir r\u00e9pondre, \u00e0 l\u2019instar de Dieudonn\u00e9, de l\u2019accusation d\u2019avoir tenus des \u00ab propos antis\u00e9mites et d\u2019incitation \u00e0 la haine raciale sur une radio publique.    Cela devient de plus en plus \u00e9vident, l\u2019assimilation de l\u2019antisionisme \u00e0 l\u2019antis\u00e9mitisme, a pour but de faire taire toute critique \u00e0 l\u2019\u00e9gard de l\u2019Etat d\u2019Isra\u00ebl. C\u2019est ce \u00e0 quoi ce sont employ\u00e9es les institutions et Lobbies sionistes depuis une dizaine d\u2019ann\u00e9es, sous l\u2019impulsion d\u2019abord d\u2019Ariel Charon qui mena\u00e7ait d\u2019entrer \u00e0 Gaza avec ses chars. Par des campagnes successives ils ont fait monter la pression \u00e0 propos d\u2019une pr\u00e9tendue r\u00e9surgence de l\u2019antis\u00e9mitisme en France. Si bien que Sarkozy, et Hollande apr\u00e8s lui, ont fait de la lutte contre l\u2019antis\u00e9mitisme chez nous, une priorit\u00e9 nationale, et ne sont plus tr\u00e8s loin, selon le v\u0153u d\u2019Isra\u00ebl et de ses lobbyistes de tirer un trait d\u2019\u00e9galit\u00e9, liberticide, entre antisionisme et antis\u00e9mitisme. Ainsi, dire que le mur de la honte, la poursuite de la colonisation, le blocus de Gaza, ou les attaques disproportionn\u00e9es de Tsahal contre les Palestiniens, rel\u00e8vent d\u2019une politique criminelle, ne tardera plus \u00e0 cette aune d\u2019\u00eatre consid\u00e9r\u00e9 comme des propos antis\u00e9mite \u00bb, et \u00e0 ce titre passibles de poursuites judiciaires.    Mais on le voit \u00e0 pr\u00e9sent, G\u00e9rard Darmon vient d\u2019en donner une illustration, la parano\u00efa, de commande d\u2019abord, qui s\u2019est empar\u00e9e d\u2019une partie au moins de la communaut\u00e9 juive, tourne chez certains au d\u00e9lire obsessionnel et \u00e0 la d\u00e9raison. Plaisanter des d\u00e9boires fiscaux de Cahuzac c\u2019est de l\u2019humour, mais plaisanter de ceux de de Gad El Malet c\u2019est malsain car il est Juif, et c\u2019est de l\u2019antis\u00e9mitisme.    A ce compte-l\u00e0, le proc\u00e8s du Carlton de Lille mettant en cause le Juif Dominique Strauss-Khan, ne serait-ce pas un nouveau proc\u00e8s Dreyfus ?    Arr\u00eatez votre char Messieurs Ben-Hur and-Co. Vous abusez tant du m\u00eame registre que vous allez finir par paraitre d\u00e9finitivement ridicules.  Mercredi 11 f\u00e9vrier 2015.<\/p>\n","protected":false},"excerpt":{"rendered":"<p>MAIS OU VA DONC SE NICHER L\u2019ANTIS\u00c9MITISME ?http:\/\/lavoiedessansvoix.fr\/forum\/attachment.php?attachmentid=38&#038;stc=1 Quand l&rsquo;aveuglement et la rage remplace l\u2019intelligence et la raison, attends toi [&hellip;]<\/p>\n","protected":false},"author":1,"featured_media":0,"comment_status":"open","ping_status":"open","sticky":false,"template":"","format":"standard","meta":{"sfsi_plus_gutenberg_text_before_share":"","sfsi_plus_gutenberg_show_text_before_share":"","sfsi_plus_gutenberg_icon_type":"","sfsi_plus_gutenberg_icon_alignemt":"","sfsi_plus_gutenburg_max_per_row":"","site-sidebar-layout":"default","site-content-layout":"","ast-site-content-layout":"default","site-content-style":"default","site-sidebar-style":"default","ast-global-header-display":"","ast-banner-title-visibility":"","ast-main-header-display":"","ast-hfb-above-header-display":"","ast-hfb-below-header-display":"","ast-hfb-mobile-header-display":"","site-post-title":"","ast-breadcrumbs-content":"","ast-featured-img":"","footer-sml-layout":"","ast-disable-related-posts":"","theme-transparent-header-meta":"","adv-header-id-meta":"","stick-header-meta":"","header-above-stick-meta":"","header-main-stick-meta":"","header-below-stick-meta":"","astra-migrate-meta-layouts":"default","ast-page-background-enabled":"default","ast-page-background-meta":{"desktop":{"background-color":"var(--ast-global-color-4)","background-image":"","background-repeat":"repeat","background-position":"center center","background-size":"auto","background-attachment":"scroll","background-type":"","background-media":"","overlay-type":"","overlay-color":"","overlay-opacity":"","overlay-gradient":""},"tablet":{"background-color":"","background-image":"","background-repeat":"repeat","background-position":"center center","background-size":"auto","background-attachment":"scroll","background-type":"","background-media":"","overlay-type":"","overlay-color":"","overlay-opacity":"","overlay-gradient":""},"mobile":{"background-color":"","background-image":"","background-repeat":"repeat","background-position":"center center","background-size":"auto","background-attachment":"scroll","background-type":"","background-media":"","overlay-type":"","overlay-color":"","overlay-opacity":"","overlay-gradient":""}},"ast-content-background-meta":{"desktop":{"background-color":"var(--ast-global-color-5)","background-image":"","background-repeat":"repeat","background-position":"center center","background-size":"auto","background-attachment":"scroll","background-type":"","background-media":"","overlay-type":"","overlay-color":"","overlay-opacity":"","overlay-gradient":""},"tablet":{"background-color":"var(--ast-global-color-5)","background-image":"","background-repeat":"repeat","background-position":"center center","background-size":"auto","background-attachment":"scroll","background-type":"","background-media":"","overlay-type":"","overlay-color":"","overlay-opacity":"","overlay-gradient":""},"mobile":{"background-color":"var(--ast-global-color-5)","background-image":"","background-repeat":"repeat","background-position":"center center","background-size":"auto","background-attachment":"scroll","background-type":"","background-media":"","overlay-type":"","overlay-color":"","overlay-opacity":"","overlay-gradient":""}},"footnotes":""},"categories":[16],"tags":[],"class_list":["post-1146","post","type-post","status-publish","format-standard","hentry","category-archives-cms"],"_links":{"self":[{"href":"https:\/\/lavoiedessansvoix.fr\/lavoie\/wp-json\/wp\/v2\/posts\/1146","targetHints":{"allow":["GET"]}}],"collection":[{"href":"https:\/\/lavoiedessansvoix.fr\/lavoie\/wp-json\/wp\/v2\/posts"}],"about":[{"href":"https:\/\/lavoiedessansvoix.fr\/lavoie\/wp-json\/wp\/v2\/types\/post"}],"author":[{"embeddable":true,"href":"https:\/\/lavoiedessansvoix.fr\/lavoie\/wp-json\/wp\/v2\/users\/1"}],"replies":[{"embeddable":true,"href":"https:\/\/lavoiedessansvoix.fr\/lavoie\/wp-json\/wp\/v2\/comments?post=1146"}],"version-history":[{"count":0,"href":"https:\/\/lavoiedessansvoix.fr\/lavoie\/wp-json\/wp\/v2\/posts\/1146\/revisions"}],"wp:attachment":[{"href":"https:\/\/lavoiedessansvoix.fr\/lavoie\/wp-json\/wp\/v2\/media?parent=1146"}],"wp:term":[{"taxonomy":"category","embeddable":true,"href":"https:\/\/lavoiedessansvoix.fr\/lavoie\/wp-json\/wp\/v2\/categories?post=1146"},{"taxonomy":"post_tag","embeddable":true,"href":"https:\/\/lavoiedessansvoix.fr\/lavoie\/wp-json\/wp\/v2\/tags?post=1146"}],"curies":[{"name":"wp","href":"https:\/\/api.w.org\/{rel}","templated":true}]}}