{"id":1145,"date":"2015-02-14T15:39:00","date_gmt":"2015-02-14T14:39:00","guid":{"rendered":"https:\/\/lavoiedessansvoix.fr\/lavoie\/2015\/02\/14\/archive-esprit-es-tu-la\/"},"modified":"2026-04-26T22:23:52","modified_gmt":"2026-04-26T20:23:52","slug":"archive-esprit-es-tu-la","status":"publish","type":"post","link":"https:\/\/lavoiedessansvoix.fr\/lavoie\/2015\/02\/14\/archive-esprit-es-tu-la\/","title":{"rendered":"ESPRIT, ES TU LA ?"},"content":{"rendered":"<p>ESPRIT, ES TU LA ?   \u00ab L\u2019esprit du 11 janvier \u00bb, ce souffle national  qui a regonfl\u00e9 un peu la Baudruche de Hollande, et auquel celui-ci s\u2019accroche d\u00e9sesp\u00e9r\u00e9ment s\u2019est d\u00e9j\u00e0 \u00e9vanoui dans le souffle tellement plus puissant de la r\u00e9alit\u00e9 et de l\u2019Histoire. De plus en plus de voix discordantes font entendre leurs diff\u00e9rences. Tout particuli\u00e8rement en ce qui  concerne les orientations fondamentales de la politique \u00e9trang\u00e8re de la France. Cela va du Parti communiste et du Front de gauche jusqu\u2019au Front National, en passant par de nombreuses individualit\u00e9, non des moindres, telles que Fran\u00e7ois Fillon ou Jacques Attali.  Bien s\u00fbr, nous ne partageons que peu de choses avec Fran\u00e7ois Fillon ou Jacques Attali, mais nous aurions tort, aux raisons de tout ce qui nous s\u00e9pare, voire nous oppose, de ne pas reconnaitre les convergences qui existent. Nous aurions tort, d\u2019autant plus qu\u2019il y a au bout, des enjeux majeurs, civilisationnels, ceux de la guerre ou de la paix, des catastrophes humanitaires de plus ou moins grande ampleur. Nous voil\u00e0 rendu \u00e0 l\u2019heure noire ou \u00ab des malades \u00bb envisages froidement l\u2019hypoth\u00e8se d\u2019une confrontation militaire prochaine avec la Russie. Comment \u00e0 cette heure tous les concours qui pourraient contribuer \u00e0 arr\u00eater \u00ab ces fous \u00bb ne seraient-ils pas bien venus ? Ne faudrait-il pas \u00eatre fou soi-m\u00eame pour d\u00e9daigner telle ou telle contribution au pr\u00e9texte que les consid\u00e9rations qui guident tel contributeur ne sont pas de la m\u00eame nature que les n\u00f4tres ?  Les consid\u00e9rations de politique \u00e9trang\u00e8re qui justifient le positionnement de Jacques Attali &#8211; lutte contre le terrorisme par quoi il se range de facto dans la logique am\u00e9ricaine de guerre des civilisations, bien qu\u2019il en tire des cons\u00e9quences inverses, la question linguistique, l\u2019Incomp\u00e9tence suppos\u00e9e du gouvernement ukrainien. Qui \u00ab est incapable de proposer un plan de reconstruction de l\u2019\u00c9tat \u00bb, etc. ne nous paraissent pas des plus pertinents. D\u2019autres tels que l\u2019origine fautive du pouvoir actuel forg\u00e9 dans le chaudron de Ma\u00efdan, le non-respect, par l\u2019Europe, les USA et l\u2019OTAN, des \u00e9quilibres strat\u00e9giques, l\u2019agression \u00e0 l\u2019\u00e9gard de l\u2019Histoire qui a scell\u00e9 de longtemps la proximit\u00e9 ind\u00e9fectible de l\u2019Ukraine et de la Russie, nous paraissent bien plus op\u00e9rationnels. Qu\u2019importe ? L\u2019important pour l\u2019heure, c\u2019est que Jacques Attali dit ouvertement trois choses essentielles qui justifient largement que nous lui fassions \u00e9cho.  1) \u00a0\u00bb Ne nous laissons pas entrainer par ceux qui pr\u00e9tendre que la Russie voudrait ensuite se saisir de la Pologne ou des pays baltes,\u2026 \u00ab\u00a0.   2) \u00a0\u00bb  Ne nous laissons pas non plus entrainer par ceux qui pr\u00e9tendent inviolables les fronti\u00e8res de l\u2019Europe quand cela les arrange et qui ne se sont pas oppos\u00e9s \u00e0 la s\u00e9cession de la Slovaquie, \u00e0 la partition de la Yougoslavie ni m\u00eame au red\u00e9coupage des fronti\u00e8res lors de la naissance du Kosovo !\u00a0\u00bb  3)\u00a0\u00bb La France doit donc pousser les Europ\u00e9ens \u00e0 se d\u00e9gager de l\u2019influence ici d\u00e9l\u00e9t\u00e8re de ceux qui, aux \u00c9tats-Unis et en Europe, en particulier en Pologne, continuent de confondre Poutine avec Hitler. Et de ceux qui, comme dans les organes de direction de l\u2019OTAN, sont heureux d\u2019inventer un ennemi imaginaire pour justifier leur existence.\u00a0\u00bb  Se d\u00e9gager de ceux qui en Europe, en Pologne bien s\u00fbr, dans les pays baltes, en Ukraine le gouvernement fantoche h\u00e9ritier du coup d\u2019\u00c9tat du Ma\u00efdan. Mais comment ne pas voir que cette formule visent aussi Fran\u00e7ois Hollande, qui \u00e9pouse jusqu\u2019\u00e0 les devancer, les th\u00e8ses des fauteurs de guerre.   Il nous tient \u00e0 c\u0153ur de respecter la pens\u00e9e d\u2019autrui. L\u2019appeler en renfort, comme nous le faisons aujourd\u2019hui, ou la combattre d\u2019autres fois, n\u2019autorise pas \u00e0 la falsifier en ne citant des textes que les extraits qui nous arrangent ou ceux qui nous d\u00e9rangent \u00e0 dessein de les fustiger. C\u2019est pourquoi, dans un souci d\u2019honn\u00eatet\u00e9 intellectuelle nous avons d\u00e9cid\u00e9 de publier la totalit\u00e9 de l\u2019article de Jacques Attali paru dans l\u2019express, et dont nous vous laissons juge. Samedi 14 f\u00e9vrier 2015.  La Russie doit \u00eatre notre alli\u00e9e  Paru dans L&rsquo;Express | Publi\u00e9 dans G\u00e9opolitique &#8211; 9 f\u00e9vrier 2015 |   Une fois de plus, nous pouvons \u00eatre entra\u00een\u00e9s dans une guerre absurde, contre ceux qui devraient \u00eatre nos alli\u00e9s dans d\u2019autres combats infiniment plus importants.  Il est en effet totalement absurde de se poser en d\u00e9fenseur d\u2019un gouvernement ukrainien aussi incoh\u00e9rent que les pr\u00e9c\u00e9dents, incapable de proposer un programme de reconstruction de l\u2019\u00c9tat, et qui ne trouve pas mieux pour exister que de r\u00e9affirmer que le russe, langue maternelle d\u2019une partie significative de sa population, n\u2019est plus langue nationale.Alors, faut-il s\u2019indigner de voir la Russie se poser en d\u00e9fenseur des droits de ces minorit\u00e9s ? Nous opposerions nous aux Hollandais s\u2019ils volaient au secours des Flamands \u00e0 qui un gouvernement belge aurait interdit de parler leur langue ? Et nous, Fran\u00e7ais, ne r\u00e9agirions nous pas si le gouvernement suisse interdisait \u00e0 ses citoyens de parler le fran\u00e7ais ?Si l\u2019Ukraine ne veut pas donner \u00e0 ses russophones un statut d\u00e9cent, il est normal que ceux-ci veuillent l\u2019obtenir, et qu\u2019ils appellent \u00e0 l\u2019aide la Russie voisine, o\u00f9 beaucoup d\u2019entre eux se sont d\u00e9j\u00e0 r\u00e9fugi\u00e9s.  Ne nous laissons pas entrainer par ceux qui pr\u00e9tendre que la Russie voudrait ensuite se saisir de la Pologne ou des pays baltes, en r\u00e9alit\u00e9 invuln\u00e9rables parce que membres ind\u00e9fectibles de nos alliances. Ne nous laissons pas non plus entrainer par ceux qui pr\u00e9tendent inviolables les fronti\u00e8res de l\u2019Europe quand cela les arrange et qui ne se sont pas oppos\u00e9s \u00e0 la s\u00e9cession de la Slovaquie, \u00e0 la partition de la Yougoslavie ni m\u00eame au red\u00e9coupage des fronti\u00e8res lors de la naissance du Kosovo !  Enfin, le conflit qui menace d\u00e9sormais avec la Russie, pour la d\u00e9fense d\u2019un gouvernement ukrainien incomp\u00e9tent, est d\u2019autant plus absurde que nous avons bien des combats essentiels \u00e0 mener en commun avec les Russes.Ne voit-on pas que le terrorisme fondamentaliste est en train de tenter de s\u2019organiser en un \u00e9tat islamiste unique, qui irait du Nig\u00e9ria \u00e0 la Tch\u00e9tch\u00e9nie, en passant par le Mali, la Libye, la Syrie, l\u2019Irak, l\u2019Afghanistan et une partie du Pakistan ? Ne voit-on pas que ce qui se joue avec le terrorisme en Europe renvoie en \u00e9cho \u00e0 cette m\u00eame bataille ? Ne voit-on pas que les comp\u00e9tences de l\u2019arm\u00e9e russe en mati\u00e8re de lutte antiterroriste nous seraient fort utiles dans cet affrontement majeur ?La France doit donc pousser les Europ\u00e9ens \u00e0 se d\u00e9gager de l\u2019influence ici d\u00e9l\u00e9t\u00e8re de ceux qui, aux \u00c9tats-Unis et en Europe, en particulier en Pologne, continuent de confondre Poutine avec Hitler. Et de ceux qui, comme dans les organes de direction de l\u2019OTAN, sont heureux d\u2019inventer un ennemi imaginaire pour justifier leur existence.  Il est urgent de proposer \u00e0 nos partenaires europ\u00e9ens de parler \u00e0 la Russie comme un alli\u00e9 potentiel et non comme un ennemi imaginaire. Ce serait, d\u2019ailleurs, la seule fa\u00e7on de pousser ce pays vers la d\u00e9mocratie.Il est en cons\u00e9quence aussi urgent de repenser notre loi de programmation militaire. Et en particulier nos strat\u00e9gies de d\u00e9fense.La France est l\u2019un des rares pays au monde \u00e0 maitriser la dissuasion nucl\u00e9aire, les op\u00e9rations sp\u00e9ciales, et la projection de forces conventionnelles et d\u2019entr\u00e9e en premier sur un th\u00e9\u00e2tre. Elle est par ailleurs le seul pays d\u2019Europe \u00e0 poss\u00e9der un porte-avion nucl\u00e9aire. Mais son effort de d\u00e9fense n\u2019est pas adapt\u00e9 \u00e0 la nature des menaces \u00e0 venir, et il d\u00e9cline depuis 1995 (avec notamment une baisse de 30% des effectifs en vingt ans). L\u2019op\u00e9ration Serval au Mali a ainsi r\u00e9v\u00e9l\u00e9 les failles de nos \u00e9quipements de renseignement (drones), de logistique (transporteurs), et de ravitaillement en vol, o\u00f9 certains de nos mat\u00e9riels en service le sont depuis plus de 50 ans ! Alors que nous d\u00e9pensons des sommes indues, depuis trop longtemps, pour maintenir la chaine de production du Rafale, pour le seul b\u00e9n\u00e9fice de l\u2019entreprise qui le produit.  Tout cela serait \u00e0 repenser. D\u2019urgence. Il faudrait pour cela, en toute priorit\u00e9, d\u00e9battre, au Parlement, de notre vision du monde et de ses menaces. Beau d\u00e9bat. Bien plus int\u00e9ressant et important que tous ceux qui agitent aujourd\u2019hui notre classe politique.  j@attali.com<\/p>\n","protected":false},"excerpt":{"rendered":"<p>ESPRIT, ES TU LA ? \u00ab L\u2019esprit du 11 janvier \u00bb, ce souffle national qui a regonfl\u00e9 un peu la [&hellip;]<\/p>\n","protected":false},"author":1,"featured_media":4903,"comment_status":"open","ping_status":"open","sticky":false,"template":"","format":"standard","meta":{"sfsi_plus_gutenberg_text_before_share":"","sfsi_plus_gutenberg_show_text_before_share":"","sfsi_plus_gutenberg_icon_type":"","sfsi_plus_gutenberg_icon_alignemt":"","sfsi_plus_gutenburg_max_per_row":"","site-sidebar-layout":"default","site-content-layout":"","ast-site-content-layout":"default","site-content-style":"default","site-sidebar-style":"default","ast-global-header-display":"","ast-banner-title-visibility":"","ast-main-header-display":"","ast-hfb-above-header-display":"","ast-hfb-below-header-display":"","ast-hfb-mobile-header-display":"","site-post-title":"","ast-breadcrumbs-content":"","ast-featured-img":"","footer-sml-layout":"","ast-disable-related-posts":"","theme-transparent-header-meta":"","adv-header-id-meta":"","stick-header-meta":"","header-above-stick-meta":"","header-main-stick-meta":"","header-below-stick-meta":"","astra-migrate-meta-layouts":"default","ast-page-background-enabled":"default","ast-page-background-meta":{"desktop":{"background-color":"var(--ast-global-color-4)","background-image":"","background-repeat":"repeat","background-position":"center center","background-size":"auto","background-attachment":"scroll","background-type":"","background-media":"","overlay-type":"","overlay-color":"","overlay-opacity":"","overlay-gradient":""},"tablet":{"background-color":"","background-image":"","background-repeat":"repeat","background-position":"center center","background-size":"auto","background-attachment":"scroll","background-type":"","background-media":"","overlay-type":"","overlay-color":"","overlay-opacity":"","overlay-gradient":""},"mobile":{"background-color":"","background-image":"","background-repeat":"repeat","background-position":"center center","background-size":"auto","background-attachment":"scroll","background-type":"","background-media":"","overlay-type":"","overlay-color":"","overlay-opacity":"","overlay-gradient":""}},"ast-content-background-meta":{"desktop":{"background-color":"var(--ast-global-color-5)","background-image":"","background-repeat":"repeat","background-position":"center center","background-size":"auto","background-attachment":"scroll","background-type":"","background-media":"","overlay-type":"","overlay-color":"","overlay-opacity":"","overlay-gradient":""},"tablet":{"background-color":"var(--ast-global-color-5)","background-image":"","background-repeat":"repeat","background-position":"center center","background-size":"auto","background-attachment":"scroll","background-type":"","background-media":"","overlay-type":"","overlay-color":"","overlay-opacity":"","overlay-gradient":""},"mobile":{"background-color":"var(--ast-global-color-5)","background-image":"","background-repeat":"repeat","background-position":"center center","background-size":"auto","background-attachment":"scroll","background-type":"","background-media":"","overlay-type":"","overlay-color":"","overlay-opacity":"","overlay-gradient":""}},"footnotes":""},"categories":[16],"tags":[],"class_list":["post-1145","post","type-post","status-publish","format-standard","has-post-thumbnail","hentry","category-archives-cms"],"_links":{"self":[{"href":"https:\/\/lavoiedessansvoix.fr\/lavoie\/wp-json\/wp\/v2\/posts\/1145","targetHints":{"allow":["GET"]}}],"collection":[{"href":"https:\/\/lavoiedessansvoix.fr\/lavoie\/wp-json\/wp\/v2\/posts"}],"about":[{"href":"https:\/\/lavoiedessansvoix.fr\/lavoie\/wp-json\/wp\/v2\/types\/post"}],"author":[{"embeddable":true,"href":"https:\/\/lavoiedessansvoix.fr\/lavoie\/wp-json\/wp\/v2\/users\/1"}],"replies":[{"embeddable":true,"href":"https:\/\/lavoiedessansvoix.fr\/lavoie\/wp-json\/wp\/v2\/comments?post=1145"}],"version-history":[{"count":1,"href":"https:\/\/lavoiedessansvoix.fr\/lavoie\/wp-json\/wp\/v2\/posts\/1145\/revisions"}],"predecessor-version":[{"id":4904,"href":"https:\/\/lavoiedessansvoix.fr\/lavoie\/wp-json\/wp\/v2\/posts\/1145\/revisions\/4904"}],"wp:featuredmedia":[{"embeddable":true,"href":"https:\/\/lavoiedessansvoix.fr\/lavoie\/wp-json\/wp\/v2\/media\/4903"}],"wp:attachment":[{"href":"https:\/\/lavoiedessansvoix.fr\/lavoie\/wp-json\/wp\/v2\/media?parent=1145"}],"wp:term":[{"taxonomy":"category","embeddable":true,"href":"https:\/\/lavoiedessansvoix.fr\/lavoie\/wp-json\/wp\/v2\/categories?post=1145"},{"taxonomy":"post_tag","embeddable":true,"href":"https:\/\/lavoiedessansvoix.fr\/lavoie\/wp-json\/wp\/v2\/tags?post=1145"}],"curies":[{"name":"wp","href":"https:\/\/api.w.org\/{rel}","templated":true}]}}