{"id":1144,"date":"2015-02-16T01:56:00","date_gmt":"2015-02-16T00:56:00","guid":{"rendered":"https:\/\/lavoiedessansvoix.fr\/lavoie\/2015\/02\/16\/archive-liberte-d-expression-ont-ils-dit-oui-mais-de-la-pensee-unique\/"},"modified":"2015-02-16T01:56:00","modified_gmt":"2015-02-16T00:56:00","slug":"archive-liberte-d-expression-ont-ils-dit-oui-mais-de-la-pensee-unique","status":"publish","type":"post","link":"https:\/\/lavoiedessansvoix.fr\/lavoie\/2015\/02\/16\/archive-liberte-d-expression-ont-ils-dit-oui-mais-de-la-pensee-unique\/","title":{"rendered":"LIBERT\u00c9 D\u2019EXPRESSION, ONT-ILS DIT ?  OUI, MAIS DE LA PENS\u00c9E UNIQUE"},"content":{"rendered":"<p>LIBERT\u00c9 D\u2019EXPRESSION, ONT-ILS DIT ?OUI, MAIS DE LA PENS\u00c9E UNIQUE   Vous n\u2019avez pas \u00e9t\u00e9 sans remarquer, chers amis visiteurs, que \u00ab La voie des sans voix \u00bb est un Site s\u00e9rieux, poli et respectueux. Je n\u2019ai pas dit \u00ab tendre \u00bb. Il est au contraire tr\u00e8s souvent s\u00e9v\u00e8re, voire m\u00eame dur avec certains acteurs de l\u2019actualit\u00e9, mais toujours \u00e0 bon escient et avec la mesure qui convient \u00e0 chaque cas ou sujet.  Mais m\u00eame sous cette forme cela ne convient pas \u00e0 tout le monde. Certains savent trop bien l\u2019efficacit\u00e9 de  nos arguments ac\u00e9r\u00e9s, de nos mots choisis, de notre dialectique affut\u00e9e. Ils redoutent les effets d\u00e9vastateurs que nos articles et pamphlets pourraient avoir, s\u2019ils \u00e9taient largement connus, sur le pathos trop bien huil\u00e9 de l\u2019information de commande, sur le mensonge obs\u00e9quieux de la propagande officielle, sur la pens\u00e9e unique atrophi\u00e9e de l\u2019id\u00e9ologie du syst\u00e8me. Alors, comme \u00ab ils \u00bb sont, chacun le sait, les champions de \u00ab la libert\u00e9 d\u2019expression de la pens\u00e9e unique \u00bb, ils voudraient faire taire, \u00e0 d\u00e9faut rendre inaudible les voix discordantes et contestataires.  C\u2019est ainsi que notre Domaine, nonobstant sa petite taille, est malgr\u00e9 tout l\u2019objet de manipulations mal intentionn\u00e9es, d\u2019attaques silencieuses, d\u2019agressions insidieuses visant \u00e0 contenir sa progression. Cela n\u2019y fait rien. La voie des sans voix progresse quand m\u00eame, mais lentement, laborieusement, et bien moins qu\u2019elle le devrait. Ainsi, dans le temps m\u00eame o\u00f9 le nombre de nos visiteurs diff\u00e9rends a tripl\u00e9, le nombre des visites totale c\u2019est r\u00e9duit d\u2019un cinqui\u00e8me. On pouvait compter pr\u00e9c\u00e9demment 4 visites mensuelles en moyenne par visiteurs, nous n\u2019en comptons approximativement plus que 2. Ce qui parait signifier  que des obstacles techniques divers ont \u00e9t\u00e9 accumul\u00e9s sur les acc\u00e8s \u00e0 notre domaine qui dissuadent les internautes. Les liens que nous mettons sur Google, la plupart du temps, n\u2019apparaissent nulle part. Et, comme nous venons de le dire, malgr\u00e9 cela, le nombre de nos visiteurs diff\u00e9rends ne cesse pour l\u2019instant d\u2019augmenter, et le nombre des membres inscrits, progresse aussi, au compte-goutte certes, mais progresse tout de m\u00eame. Il est ais\u00e9e d\u2019en d\u00e9duire ce que devrait \u00eatre notre progression si des freins, entraves, obstacles et tracasseries diverses ne venaient la contrarier.  Nous avons publi\u00e9 ces derniers jours deux articles sensibles. Le 8 f\u00e9vrier \u00ab Apocalypse Hollande \u00bb et le 11 \u00ab Mais o\u00f9 va donc se nicher l\u2019antis\u00e9mitisme ? \u00bb   Nous sommes durs parfois avons-nous admis. Dans le premier de ces articles nous sugg\u00e9rions de neutraliser Fran\u00e7ois Hollande en le camisolant et l\u2019enfermant dans un pavillon s\u00e9curis\u00e9 d\u2019un c\u00e9l\u00e8bre h\u00f4pital psychiatrique de Paris. C\u2019est dur certes, mais n\u2019est-ce pas justifi\u00e9 ? Quand un homme, investit des plus haute fonctions de l\u2019\u00c9tat, au demeurant celui de la cinqui\u00e8me puissance, envisage de pr\u00e9cipiter le monde dans l\u2019horreur d\u2019une guerre aussi inutile que destructrice, ne convient-ils pas que des citoyens conscients se redressent et l\u2019emp\u00eache d\u2019agir plus avant ? Les Fran\u00e7ais, qui ont manifest\u00e9 en masse le 11 janvier, qui veulent combattre le terrorisme pour la s\u00e9curit\u00e9 de leurs enfants, de leurs concitoyens et d\u2019eux-m\u00eames, croyez-vous que ces Fran\u00e7ais-l\u00e0 veulent d\u2019une guerre des milliers de fois plus d\u00e9vastatrice que ne le sera jamais le terrorisme fondamentaliste ? Croyez-vous que ces Fran\u00e7ais ne tomberont pas d\u2019accord avec nous pour prot\u00e9ger leurs enfants, leurs prochains et eux-m\u00eames, qu\u2019il convient de neutraliser les anges de l\u2019Apocalypse ? A cet aune il apparait que notre duret\u00e9 est en v\u00e9rit\u00e9 parfaitement mesur\u00e9e et proportionn\u00e9e \u00e0 la nature du danger qui nous menace.  Nous sommes d\u2019autres fois, en fonction de la nature des sujets, plus incisifs que durs. C\u2019est probablement le cas du deuxi\u00e8me de ces articles o\u00f9 nous \u00e9pinglons G\u00e9rard Darmon \u00e0 propos d\u2019antis\u00e9mitisme imaginaire, maladif. Dans les plaisanteries faites \u00e0 propos des frasques financi\u00e8res de Gad Elmaleh, G\u00e9rard Darmon voulait voir des postures \u00ab malsaines \u00bb, \u00ab antis\u00e9mites \u00bb, au fait que Gad Elmaleh est juif et Cahuzac ne l\u2019est pas. Nous avons mis en lumi\u00e8re l\u2019absurdit\u00e9 de cette posture. Notre article est habilement tourn\u00e9, malgr\u00e9 le terrain ultra-sensible sur lequel il ose s\u2019aventurer, bien malin serait celui qui r\u00e9ussirait \u00e0 le stigmatiser \u00ab antis\u00e9mite \u00bb. Mais les parano\u00efaques de commande qui voient expr\u00e8s de l\u2019antis\u00e9mitisme partout, jusqu\u2019\u00e0 risquer le ridicule ou l\u2019ineptie o\u00f9 c\u2019est laiss\u00e9 aller G\u00e9rard Darmon, ne vont probablement pas se laisser stopper par des d\u00e9tails de style. Ils comprennent trop le pouvoir d\u00e9vastateur de nos tournures cisel\u00e9es pour l\u2019op\u00e9ration de propagande sioniste liberticide, dont ils sont les artisans plus ou moins conscients.  Lequel de ces deux articles, ou serait-ce les deux, nous valent quelques d\u00e9boires ? Aujourd\u2019hui encore le nombre des visites sur \u00ab La voie des sans voix \u00bb a \u00e9t\u00e9 r\u00e9duit comme peau de chagrin, et cette fois le nombre de visiteurs diff\u00e9rends s\u2019en ressent aussi.  Nous vous exhortons amis internautes \u00e0 ne pas vous laisser d\u00e9courager par les embuches que vous pourriez rencontrer dans la recherche de notre Site Web. Insistez, contournez, donnez tort aux dictateurs de conscience de la pens\u00e9e unique.  Quant \u00e0 ceux-ci et \u00e0 leurs petites mains du Web, nous leur disons ceci. Sachez que la pens\u00e9e, aussi paradoxal que cela puisse paraitre, est un fluide qui a d\u2019\u00e9tonnantes similitudes avec l\u2019eau. Comme elle il n\u2019est pas ais\u00e9 de l\u2019endiguer et de la contenir, encore moins de la mettre en prison dans des barrages. Elle contourne, d\u00e9borde, sape les digues et finit par les emporter. Elle emporte, parfois aussi avec, les petits malins qui voulaient l\u2019embastiller.  Patrick Seignon. \u00ab lavoiedessansvoix.fr \u00bb. Lundi 16 f\u00e9vrier 2015.<\/p>\n","protected":false},"excerpt":{"rendered":"<p>LIBERT\u00c9 D\u2019EXPRESSION, ONT-ILS DIT ?OUI, MAIS DE LA PENS\u00c9E UNIQUE Vous n\u2019avez pas \u00e9t\u00e9 sans remarquer, chers amis visiteurs, que [&hellip;]<\/p>\n","protected":false},"author":1,"featured_media":0,"comment_status":"open","ping_status":"open","sticky":false,"template":"","format":"standard","meta":{"sfsi_plus_gutenberg_text_before_share":"","sfsi_plus_gutenberg_show_text_before_share":"","sfsi_plus_gutenberg_icon_type":"","sfsi_plus_gutenberg_icon_alignemt":"","sfsi_plus_gutenburg_max_per_row":"","site-sidebar-layout":"default","site-content-layout":"","ast-site-content-layout":"default","site-content-style":"default","site-sidebar-style":"default","ast-global-header-display":"","ast-banner-title-visibility":"","ast-main-header-display":"","ast-hfb-above-header-display":"","ast-hfb-below-header-display":"","ast-hfb-mobile-header-display":"","site-post-title":"","ast-breadcrumbs-content":"","ast-featured-img":"","footer-sml-layout":"","ast-disable-related-posts":"","theme-transparent-header-meta":"","adv-header-id-meta":"","stick-header-meta":"","header-above-stick-meta":"","header-main-stick-meta":"","header-below-stick-meta":"","astra-migrate-meta-layouts":"default","ast-page-background-enabled":"default","ast-page-background-meta":{"desktop":{"background-color":"var(--ast-global-color-4)","background-image":"","background-repeat":"repeat","background-position":"center center","background-size":"auto","background-attachment":"scroll","background-type":"","background-media":"","overlay-type":"","overlay-color":"","overlay-opacity":"","overlay-gradient":""},"tablet":{"background-color":"","background-image":"","background-repeat":"repeat","background-position":"center center","background-size":"auto","background-attachment":"scroll","background-type":"","background-media":"","overlay-type":"","overlay-color":"","overlay-opacity":"","overlay-gradient":""},"mobile":{"background-color":"","background-image":"","background-repeat":"repeat","background-position":"center center","background-size":"auto","background-attachment":"scroll","background-type":"","background-media":"","overlay-type":"","overlay-color":"","overlay-opacity":"","overlay-gradient":""}},"ast-content-background-meta":{"desktop":{"background-color":"var(--ast-global-color-5)","background-image":"","background-repeat":"repeat","background-position":"center center","background-size":"auto","background-attachment":"scroll","background-type":"","background-media":"","overlay-type":"","overlay-color":"","overlay-opacity":"","overlay-gradient":""},"tablet":{"background-color":"var(--ast-global-color-5)","background-image":"","background-repeat":"repeat","background-position":"center center","background-size":"auto","background-attachment":"scroll","background-type":"","background-media":"","overlay-type":"","overlay-color":"","overlay-opacity":"","overlay-gradient":""},"mobile":{"background-color":"var(--ast-global-color-5)","background-image":"","background-repeat":"repeat","background-position":"center center","background-size":"auto","background-attachment":"scroll","background-type":"","background-media":"","overlay-type":"","overlay-color":"","overlay-opacity":"","overlay-gradient":""}},"footnotes":""},"categories":[16],"tags":[],"class_list":["post-1144","post","type-post","status-publish","format-standard","hentry","category-archives-cms"],"_links":{"self":[{"href":"https:\/\/lavoiedessansvoix.fr\/lavoie\/wp-json\/wp\/v2\/posts\/1144","targetHints":{"allow":["GET"]}}],"collection":[{"href":"https:\/\/lavoiedessansvoix.fr\/lavoie\/wp-json\/wp\/v2\/posts"}],"about":[{"href":"https:\/\/lavoiedessansvoix.fr\/lavoie\/wp-json\/wp\/v2\/types\/post"}],"author":[{"embeddable":true,"href":"https:\/\/lavoiedessansvoix.fr\/lavoie\/wp-json\/wp\/v2\/users\/1"}],"replies":[{"embeddable":true,"href":"https:\/\/lavoiedessansvoix.fr\/lavoie\/wp-json\/wp\/v2\/comments?post=1144"}],"version-history":[{"count":0,"href":"https:\/\/lavoiedessansvoix.fr\/lavoie\/wp-json\/wp\/v2\/posts\/1144\/revisions"}],"wp:attachment":[{"href":"https:\/\/lavoiedessansvoix.fr\/lavoie\/wp-json\/wp\/v2\/media?parent=1144"}],"wp:term":[{"taxonomy":"category","embeddable":true,"href":"https:\/\/lavoiedessansvoix.fr\/lavoie\/wp-json\/wp\/v2\/categories?post=1144"},{"taxonomy":"post_tag","embeddable":true,"href":"https:\/\/lavoiedessansvoix.fr\/lavoie\/wp-json\/wp\/v2\/tags?post=1144"}],"curies":[{"name":"wp","href":"https:\/\/api.w.org\/{rel}","templated":true}]}}