{"id":1143,"date":"2015-02-16T16:30:00","date_gmt":"2015-02-16T15:30:00","guid":{"rendered":"https:\/\/lavoiedessansvoix.fr\/lavoie\/2015\/02\/16\/archive-alerte-dictature-les-institutions-juives-a-l-assaut-des-libertes-publiques\/"},"modified":"2015-02-16T16:30:00","modified_gmt":"2015-02-16T15:30:00","slug":"archive-alerte-dictature-les-institutions-juives-a-l-assaut-des-libertes-publiques","status":"publish","type":"post","link":"https:\/\/lavoiedessansvoix.fr\/lavoie\/2015\/02\/16\/archive-alerte-dictature-les-institutions-juives-a-l-assaut-des-libertes-publiques\/","title":{"rendered":"ALERTE DICTATURE  LES INSTITUTIONS JUIVES A L\u2019ASSAUT DES LIBERT\u00c9S PUBLIQUES"},"content":{"rendered":"<p>ALERTE DICTATURE  LES INSTITUTIONS JUIVES A L\u2019ASSAUT DES LIBERT\u00c9S PUBLIQUES     Une campagne liberticide s\u00e9vit en France depuis le 11 janvier. Des voix nombreuses se sont fait entendre depuis qui r\u00e9clament des mesures drastiques voire coercitives, fusse au d\u00e9triment des libert\u00e9s publiques. Est-ce bien un hasard si parmi celles-ci les voix des institutions et associations juives se font entendre plus et plus fort que les autres ?   Cela fait plusieurs ann\u00e9es, sous l\u2019impulsion d\u2019abord du gouvernement d\u2019Ariel Charon, que les lobbies isra\u00e9liens, \u00e0 coups de campagnes sur m\u00e9diatis\u00e9es contre un antis\u00e9mitisme renaissant r\u00e9el, imaginaire, ou parfois m\u00eame fabriqu\u00e9, entendent faire taire toute critique internationale de la politique isra\u00e9lienne. Leur cr\u00e9do, pour parvenir \u00e0 leur fin ? L\u2019\u00e9galit\u00e9 qu\u2019ils entendent imposer entre antisionisme et antis\u00e9mitisme. Or les gouvernements occidentaux, ceux de la France font le dos rond, se pr\u00eatent m\u00eame \u00e0 ce jeu pervers. Les lobbies Isra\u00e9liens sont tout pr\u00e8s d\u2019atteindre leur but, de dicter leur volont\u00e9 \u00e0 l\u2019\u00c9tat Fran\u00e7ais et de gendarmer l\u2019opinion publique fran\u00e7aise. Pourquoi s\u2019arr\u00eateraient-ils en si bonne voie ?  Les attaques terroristes de Copenhague avant-hier, ont donn\u00e9 un second souffle \u00e0 cette campagne qui a pris des proportions inqui\u00e9tantes. Les institutions et associations Juives de France, y ont trouv\u00e9 l\u2019occasion de franchir un degr\u00e9 suppl\u00e9mentaire dans leur offensive. Les voil\u00e0 qui r\u00e9clament \u00e0 pr\u00e9sent ouvertement la limitation de nos libert\u00e9s publiques, et s\u2019\u00e9rigent en donneuses de le\u00e7ons quant \u00e0 l\u2019\u00e9ducation de notre jeunesse. Voir l\u2019extrait ci-dessous de l\u2019article du Figaro, que nous reproduisons.  .Citoyens, citoyennes, Fran\u00e7ais (es), jaloux des libert\u00e9s qui sont l\u2019\u00e2me de notre R\u00e9publique, accepterez-vous, que celles-ci soient restreintes pour satisfaire aux oukases de la dictature sioniste ?  Lundi 16 f\u00e9vrier 2015.  Le grand rabbin de France r\u00e9clame des \u00ab\u00a0actes forts\u00a0\u00bb contre le terrorisme  HomeACTUALITEFlash ActuPar Le Figaro.fr avec AFPMis \u00e0 jour le 15\/02\/2015 \u00e0       17:09Publi\u00e9 le 15\/02\/2015 \u00e0 17:05  Le grand rabbin de France, Ha\u00efm Korsia, s&rsquo;est dit dimanche \u00ab\u00a0boulevers\u00e9\u00a0\u00bb et \u00ab\u00a0scandalis\u00e9\u00a0\u00bb par les attentats de Copenhague et r\u00e9clame des \u00ab\u00a0actes forts\u00a0\u00bb pour lutter contre le terrorisme et ceux qui \u00ab\u00a0instrumentalisent la religion pour tuer au nom de Dieu\u00a0\u00bb.Le Conseil repr\u00e9sentatif des institutions juives de France (Crif) a, de son c\u00f4t\u00e9, condamn\u00e9 \u00ab\u00a0avec la plus grande fermet\u00e9\u00a0\u00bb des \u00ab\u00a0attentats odieux\u00a0\u00bb et appelle dans un communiqu\u00e9 les dirigeants europ\u00e9ens \u00ab\u00a0au renforcement de leur coop\u00e9ration dans la lutte contre les jihadistes\u00a0\u00bb, au lendemain de ces attaques contre un d\u00e9bat sur la libert\u00e9 d&rsquo;expression et la principale synagogue de la capitale danoise.Ha\u00efm Korsia, dans un communiqu\u00e9, a d\u00e9plor\u00e9 que \u00ab\u00a0un mois seulement apr\u00e8s les dramatiques \u00e9v\u00e9nements survenus \u00e0 Paris, la libert\u00e9 d&rsquo;expression, symbole par excellence de la d\u00e9mocratie, et la communaut\u00e9 juive, ont \u00e9t\u00e9 \u00e0 nouveau prises pour cibles, les r\u00e9unissant ainsi dans un destin tragique\u00a0\u00bb, au lendemain de ces attaques contre un d\u00e9bat sur la libert\u00e9 d&rsquo;expression et la principale synagogue de la capitale danoise.Le grand rabbin de France r\u00e9clame \u00ab\u00a0une v\u00e9ritable prise de conscience de la communaut\u00e9 internationale, \u00e0 l&rsquo;image du 11 janvier\u00a0\u00bb \u00e0 Paris, apr\u00e8s les attentats contre Charlie Hebdo et une sup\u00e9rette casher. Mais, pr\u00e9vient-il, cette prise de conscience \u00ab\u00a0devra d\u00e9passer les d\u00e9clarations d&rsquo;intention et se traduire enfin en actes forts et en mesures concr\u00e8tes en mati\u00e8re de r\u00e9pression et d&rsquo;\u00e9ducation\u00a0\u00bb.C&rsquo;est alors que l&rsquo;on pourra \u00ab\u00a0lutter, dans un front uni, contre le terrorisme et tous ceux qui instrumentalisent et d\u00e9voient la religion pour tuer au nom de Dieu\u00a0\u00bb.  Le Figaro.fr avec AFP<\/p>\n","protected":false},"excerpt":{"rendered":"<p>ALERTE DICTATURE LES INSTITUTIONS JUIVES A L\u2019ASSAUT DES LIBERT\u00c9S PUBLIQUES Une campagne liberticide s\u00e9vit en France depuis le 11 janvier. [&hellip;]<\/p>\n","protected":false},"author":1,"featured_media":0,"comment_status":"open","ping_status":"open","sticky":false,"template":"","format":"standard","meta":{"sfsi_plus_gutenberg_text_before_share":"","sfsi_plus_gutenberg_show_text_before_share":"","sfsi_plus_gutenberg_icon_type":"","sfsi_plus_gutenberg_icon_alignemt":"","sfsi_plus_gutenburg_max_per_row":"","site-sidebar-layout":"default","site-content-layout":"","ast-site-content-layout":"default","site-content-style":"default","site-sidebar-style":"default","ast-global-header-display":"","ast-banner-title-visibility":"","ast-main-header-display":"","ast-hfb-above-header-display":"","ast-hfb-below-header-display":"","ast-hfb-mobile-header-display":"","site-post-title":"","ast-breadcrumbs-content":"","ast-featured-img":"","footer-sml-layout":"","ast-disable-related-posts":"","theme-transparent-header-meta":"","adv-header-id-meta":"","stick-header-meta":"","header-above-stick-meta":"","header-main-stick-meta":"","header-below-stick-meta":"","astra-migrate-meta-layouts":"default","ast-page-background-enabled":"default","ast-page-background-meta":{"desktop":{"background-color":"var(--ast-global-color-4)","background-image":"","background-repeat":"repeat","background-position":"center center","background-size":"auto","background-attachment":"scroll","background-type":"","background-media":"","overlay-type":"","overlay-color":"","overlay-opacity":"","overlay-gradient":""},"tablet":{"background-color":"","background-image":"","background-repeat":"repeat","background-position":"center center","background-size":"auto","background-attachment":"scroll","background-type":"","background-media":"","overlay-type":"","overlay-color":"","overlay-opacity":"","overlay-gradient":""},"mobile":{"background-color":"","background-image":"","background-repeat":"repeat","background-position":"center center","background-size":"auto","background-attachment":"scroll","background-type":"","background-media":"","overlay-type":"","overlay-color":"","overlay-opacity":"","overlay-gradient":""}},"ast-content-background-meta":{"desktop":{"background-color":"var(--ast-global-color-5)","background-image":"","background-repeat":"repeat","background-position":"center center","background-size":"auto","background-attachment":"scroll","background-type":"","background-media":"","overlay-type":"","overlay-color":"","overlay-opacity":"","overlay-gradient":""},"tablet":{"background-color":"var(--ast-global-color-5)","background-image":"","background-repeat":"repeat","background-position":"center center","background-size":"auto","background-attachment":"scroll","background-type":"","background-media":"","overlay-type":"","overlay-color":"","overlay-opacity":"","overlay-gradient":""},"mobile":{"background-color":"var(--ast-global-color-5)","background-image":"","background-repeat":"repeat","background-position":"center center","background-size":"auto","background-attachment":"scroll","background-type":"","background-media":"","overlay-type":"","overlay-color":"","overlay-opacity":"","overlay-gradient":""}},"footnotes":""},"categories":[16],"tags":[],"class_list":["post-1143","post","type-post","status-publish","format-standard","hentry","category-archives-cms"],"_links":{"self":[{"href":"https:\/\/lavoiedessansvoix.fr\/lavoie\/wp-json\/wp\/v2\/posts\/1143","targetHints":{"allow":["GET"]}}],"collection":[{"href":"https:\/\/lavoiedessansvoix.fr\/lavoie\/wp-json\/wp\/v2\/posts"}],"about":[{"href":"https:\/\/lavoiedessansvoix.fr\/lavoie\/wp-json\/wp\/v2\/types\/post"}],"author":[{"embeddable":true,"href":"https:\/\/lavoiedessansvoix.fr\/lavoie\/wp-json\/wp\/v2\/users\/1"}],"replies":[{"embeddable":true,"href":"https:\/\/lavoiedessansvoix.fr\/lavoie\/wp-json\/wp\/v2\/comments?post=1143"}],"version-history":[{"count":0,"href":"https:\/\/lavoiedessansvoix.fr\/lavoie\/wp-json\/wp\/v2\/posts\/1143\/revisions"}],"wp:attachment":[{"href":"https:\/\/lavoiedessansvoix.fr\/lavoie\/wp-json\/wp\/v2\/media?parent=1143"}],"wp:term":[{"taxonomy":"category","embeddable":true,"href":"https:\/\/lavoiedessansvoix.fr\/lavoie\/wp-json\/wp\/v2\/categories?post=1143"},{"taxonomy":"post_tag","embeddable":true,"href":"https:\/\/lavoiedessansvoix.fr\/lavoie\/wp-json\/wp\/v2\/tags?post=1143"}],"curies":[{"name":"wp","href":"https:\/\/api.w.org\/{rel}","templated":true}]}}