{"id":1139,"date":"2015-02-19T03:32:00","date_gmt":"2015-02-19T02:32:00","guid":{"rendered":"https:\/\/lavoiedessansvoix.fr\/lavoie\/2015\/02\/19\/archive-la-democratie-tombe-le-masque\/"},"modified":"2026-04-26T22:19:34","modified_gmt":"2026-04-26T20:19:34","slug":"archive-la-democratie-tombe-le-masque","status":"publish","type":"post","link":"https:\/\/lavoiedessansvoix.fr\/lavoie\/2015\/02\/19\/archive-la-democratie-tombe-le-masque\/","title":{"rendered":"LA \u00ab D\u00c9MOCRATIE \u00bb TOMBE LE MASQUE"},"content":{"rendered":"<p>LA \u00ab D\u00c9MOCRATIE \u00bb TOMBE LE MASQUE   Nous avons dit \u00e0 maintes reprises, vous pouvez lire ou relire plusieurs articles o\u00f9 nous le martelons (dans notre page \u00ab forum \u00bb sous le titre \u00ab l\u2019horreur d\u00e9mocratique \u00bb.) nos pr\u00e9tendues d\u00e9mocraties occidentales, au nombre d\u2019elles la France, sont en v\u00e9rit\u00e9 des dictatures qui avancent masqu\u00e9es. Or, ces derni\u00e8res heures le voile s\u2019est d\u00e9chir\u00e9, les masques sont tomb\u00e9s, derri\u00e8res les phrases ronflantes sur la d\u00e9mocratie, l\u2019amour d\u00e9clar\u00e9 des libert\u00e9s publiques, de la libert\u00e9 de conscience, la\u2026libert\u00e9 de la presse, la libert\u00e9 d\u2019expression, c\u2019est le visage blafard de la dictature qui est apparu.  La dictature d\u2019un seul homme est un fantasme qui rel\u00e8ve de la litt\u00e9rature de fiction, o\u00f9 et quand que ce soit dans le monde cela n\u2019a jamais exist\u00e9; une dictature, fut-elle \u00ab la plus personnelle \u00bb est en v\u00e9rit\u00e9 une question d\u2019\u00e9quipe. Le dictateur \u00ab nominal \u00bb S\u2019appuie toujours sur un clan, un parti, une ethnie ou une classe sociale. Ainsi, notre dictature Fran\u00e7aise, \u00e9lective, qui vient de tomber le voile, avec le \u00ab Pr\u00e9sident \u00bb \u00e0 sa t\u00eate, est-elle celle d\u2019une \u00e9quipe rapproch\u00e9e form\u00e9e par Manuel Valls, Manuel Macron, Laurent Fabius, et St\u00e9phane Le Fol, mais qui s\u2019appuie plus largement sur des institutions taill\u00e9es tout expr\u00e8s, et la classe des capitalistes financiers dont ils sont les serviteurs z\u00e9l\u00e9s.  Nous avons d\u00e9j\u00e0 rapport\u00e9 (\u00ab La dictature des fourbes \u00bb &#8211; 18 f\u00e9vrier) la sortie de Manuel Macron au 20 heures de la 2 la veille 17 f\u00e9vrier, qui a affirm\u00e9 \u00ab le gouvernement continuera \u00e0 r\u00e9former plus vite et plus fort \u00bb, confirmant de la sorte son m\u00e9pris du parlement et des parlementaires.  Vous avez entendu Manuel Valls vocif\u00e9rant, \u00ab nous continuerons malgr\u00e9-vous ! \u00bb d\u00e9licieuse d\u00e9mocratie en effet o\u00f9 le chef du gouvernement dit clairement aux d\u00e9put\u00e9s qu\u2019ils ne sont rien, qu\u2019il se passera d\u2019eux, de leur accord. Mais quel instant de v\u00e9rit\u00e9 terrible o\u00f9 le chef du gouvernement insulte le parlement en le renvoyant \u00e0 sa vacuit\u00e9, en lui signifiant sans d\u00e9tour qu\u2019il n\u2019est qu\u2019une \u00ab fioriture d\u00e9mocratique \u00bb pour abuser le bon peuple, qu\u2019il a la m\u00eame fonction que la guirlande du sapin.  Vous avez enfin entendu St\u00e9phane Le fol menacer de sanction et d\u2019exclusion du PS\u00ab les d\u00e9put\u00e9s frondeurs \u00bb qui s\u2019aviseraient de voter la censure. D\u00e9licieuse d\u00e9mocratie o\u00f9 les d\u00e9put\u00e9s sont somm\u00e9s de marcher au pas et dans le rang.  Le Pr\u00e9sident de la r\u00e9publique a invoqu\u00e9 cent fois ces derniers jours \u00ab\u00a0l\u2019esprit du 11 janvier\u00a0\u00bb auquel il parait vouloir se raccrocher, dernier lien avec son peuple, comme un naufrag\u00e9 \u00e0 sa bou\u00e9e. \u00ab On est tous Charlie ! \u00bb Charlie devenu par la voie sacrificielle le symbole de la libert\u00e9 de conscience. Prenez-vous la mesure amis lecteurs du degr\u00e9 de l\u2019imposture ? Se pr\u00e9tendre les champions de la libert\u00e9 de conscience quand on est les chefs d\u2019un \u00c9tat qui interdit aux d\u00e9put\u00e9s de sa propre majorit\u00e9, l\u2019exercice de leur propre libert\u00e9 de conscience. Qu\u2019elle part v\u00e9ritable de libert\u00e9 de conscience peut-on pr\u00e9tendre encore accorder aux citoyens quand on la conteste m\u00eame aux \u00ab repr\u00e9sentants \u00e9lus \u00bb en th\u00e9orie d\u00e9tenteurs d\u2019une parcelle de la souverainet\u00e9 nationale ?  Mais cela pose une autre question d\u2019ordre juridique et institutionnel. Qui est-il St\u00e9phane Le fol pour pr\u00e9tendre exclure des membres du PS. Le Parti Socialiste n-a-t-il pas ses propres instances et ne lui appartient-il pas de d\u00e9cider lui-m\u00eame de sa propre ligne de conduite? Qui est-il St\u00e9phane Le Fol et n-a-t-il pas l\u00e0  franchi le Rubicon ? Est-ce au gouvernement, ou \u00e0 l\u2019un quelconque de ses membres de donner des ordres au parti, fut-il comme on dit \u00ab le parti de la majorit\u00e9 ? Qu\u2019est-ce que c\u2019est donc que cette confusion des genres o\u00f9 ce serait \u00ab au parti \u00bb de traiter des questions de \u00ab discipline parlementaire \u00bb ? Et qu\u2019est-ce que cette notion de discipline parlementaire qui est une n\u00e9gation de la libert\u00e9 de conscience et une entrave au libre exercice de la d\u00e9mocratie ?  Certes, nous le savons de longue date (voir \u00ab Social-bonapartisme et classe ouvri\u00e8re \u00bb) sous la cinqui\u00e8me R\u00e9publique, le Parti de la majorit\u00e9 pr\u00e9sidentielle est n\u00e9cessairement un parti \u00ab godillot \u00bb, de la pi\u00e9taille au service de la dictature pr\u00e9sidentielle. Mais est-ce une raison pour le traiter de la sorte avec si peu d\u2019\u00e9gards et tant de d\u00e9sinvolture ?  St\u00e9phane Le Fol a dans cette affaire d\u00e9voil\u00e9 sa fibre de satrape  L\u2019emportement de St\u00e9phane Le Fol est une injure \u00e0 la d\u00e9mocratie, un crachat \u00e0 la face de la R\u00e9publique, une insulte au parti Socialiste. Si j\u2019\u00e9tais un de ces d\u00e9put\u00e9s PS que la presse a baptis\u00e9 \u00ab frondeurs \u00bb je me sentirai profond\u00e9ment humili\u00e9, et si j\u2019h\u00e9sitais jusque-l\u00e0 \u00e0 faire chuter le gouvernement des dictateurs aux petits pieds, j\u2019aurais pour sur cess\u00e9 d\u2019h\u00e9siter en entendant St\u00e9phane le fol et voterait sans \u00e9tats d\u2019\u00e2mes, avec mes camarades du front de gauche la motion de censure d\u00e9pos\u00e9e par l\u2019UMP.  Patrick Seignon. \u00ab lavoiedessansvoix.fr \u00bb. Jeudi 19 f\u00e9vrier 2015.<\/p>\n","protected":false},"excerpt":{"rendered":"<p>LA \u00ab D\u00c9MOCRATIE \u00bb TOMBE LE MASQUE Nous avons dit \u00e0 maintes reprises, vous pouvez lire ou relire plusieurs articles [&hellip;]<\/p>\n","protected":false},"author":1,"featured_media":4897,"comment_status":"open","ping_status":"open","sticky":false,"template":"","format":"standard","meta":{"sfsi_plus_gutenberg_text_before_share":"","sfsi_plus_gutenberg_show_text_before_share":"","sfsi_plus_gutenberg_icon_type":"","sfsi_plus_gutenberg_icon_alignemt":"","sfsi_plus_gutenburg_max_per_row":"","site-sidebar-layout":"default","site-content-layout":"","ast-site-content-layout":"default","site-content-style":"default","site-sidebar-style":"default","ast-global-header-display":"","ast-banner-title-visibility":"","ast-main-header-display":"","ast-hfb-above-header-display":"","ast-hfb-below-header-display":"","ast-hfb-mobile-header-display":"","site-post-title":"","ast-breadcrumbs-content":"","ast-featured-img":"","footer-sml-layout":"","ast-disable-related-posts":"","theme-transparent-header-meta":"","adv-header-id-meta":"","stick-header-meta":"","header-above-stick-meta":"","header-main-stick-meta":"","header-below-stick-meta":"","astra-migrate-meta-layouts":"default","ast-page-background-enabled":"default","ast-page-background-meta":{"desktop":{"background-color":"var(--ast-global-color-4)","background-image":"","background-repeat":"repeat","background-position":"center center","background-size":"auto","background-attachment":"scroll","background-type":"","background-media":"","overlay-type":"","overlay-color":"","overlay-opacity":"","overlay-gradient":""},"tablet":{"background-color":"","background-image":"","background-repeat":"repeat","background-position":"center center","background-size":"auto","background-attachment":"scroll","background-type":"","background-media":"","overlay-type":"","overlay-color":"","overlay-opacity":"","overlay-gradient":""},"mobile":{"background-color":"","background-image":"","background-repeat":"repeat","background-position":"center center","background-size":"auto","background-attachment":"scroll","background-type":"","background-media":"","overlay-type":"","overlay-color":"","overlay-opacity":"","overlay-gradient":""}},"ast-content-background-meta":{"desktop":{"background-color":"var(--ast-global-color-5)","background-image":"","background-repeat":"repeat","background-position":"center center","background-size":"auto","background-attachment":"scroll","background-type":"","background-media":"","overlay-type":"","overlay-color":"","overlay-opacity":"","overlay-gradient":""},"tablet":{"background-color":"var(--ast-global-color-5)","background-image":"","background-repeat":"repeat","background-position":"center center","background-size":"auto","background-attachment":"scroll","background-type":"","background-media":"","overlay-type":"","overlay-color":"","overlay-opacity":"","overlay-gradient":""},"mobile":{"background-color":"var(--ast-global-color-5)","background-image":"","background-repeat":"repeat","background-position":"center center","background-size":"auto","background-attachment":"scroll","background-type":"","background-media":"","overlay-type":"","overlay-color":"","overlay-opacity":"","overlay-gradient":""}},"footnotes":""},"categories":[16],"tags":[],"class_list":["post-1139","post","type-post","status-publish","format-standard","has-post-thumbnail","hentry","category-archives-cms"],"_links":{"self":[{"href":"https:\/\/lavoiedessansvoix.fr\/lavoie\/wp-json\/wp\/v2\/posts\/1139","targetHints":{"allow":["GET"]}}],"collection":[{"href":"https:\/\/lavoiedessansvoix.fr\/lavoie\/wp-json\/wp\/v2\/posts"}],"about":[{"href":"https:\/\/lavoiedessansvoix.fr\/lavoie\/wp-json\/wp\/v2\/types\/post"}],"author":[{"embeddable":true,"href":"https:\/\/lavoiedessansvoix.fr\/lavoie\/wp-json\/wp\/v2\/users\/1"}],"replies":[{"embeddable":true,"href":"https:\/\/lavoiedessansvoix.fr\/lavoie\/wp-json\/wp\/v2\/comments?post=1139"}],"version-history":[{"count":1,"href":"https:\/\/lavoiedessansvoix.fr\/lavoie\/wp-json\/wp\/v2\/posts\/1139\/revisions"}],"predecessor-version":[{"id":4898,"href":"https:\/\/lavoiedessansvoix.fr\/lavoie\/wp-json\/wp\/v2\/posts\/1139\/revisions\/4898"}],"wp:featuredmedia":[{"embeddable":true,"href":"https:\/\/lavoiedessansvoix.fr\/lavoie\/wp-json\/wp\/v2\/media\/4897"}],"wp:attachment":[{"href":"https:\/\/lavoiedessansvoix.fr\/lavoie\/wp-json\/wp\/v2\/media?parent=1139"}],"wp:term":[{"taxonomy":"category","embeddable":true,"href":"https:\/\/lavoiedessansvoix.fr\/lavoie\/wp-json\/wp\/v2\/categories?post=1139"},{"taxonomy":"post_tag","embeddable":true,"href":"https:\/\/lavoiedessansvoix.fr\/lavoie\/wp-json\/wp\/v2\/tags?post=1139"}],"curies":[{"name":"wp","href":"https:\/\/api.w.org\/{rel}","templated":true}]}}