{"id":1137,"date":"2015-02-19T08:39:00","date_gmt":"2015-02-19T07:39:00","guid":{"rendered":"https:\/\/lavoiedessansvoix.fr\/lavoie\/2015\/02\/19\/archive-l-inqualifiable-positionnement-de-j-l-melenchon\/"},"modified":"2026-04-26T22:19:11","modified_gmt":"2026-04-26T20:19:11","slug":"archive-l-inqualifiable-positionnement-de-j-l-melenchon","status":"publish","type":"post","link":"https:\/\/lavoiedessansvoix.fr\/lavoie\/2015\/02\/19\/archive-l-inqualifiable-positionnement-de-j-l-melenchon\/","title":{"rendered":"L\u2019INQUALIFIABLE POSITIONNEMENT DE J.L. MELENCHON"},"content":{"rendered":"<p>L\u2019INQUALIFIABLE POSITIONNEMENT DE J.L. MELENCHON    Le 17 f\u00e9vrier sur son Blog, Jean-Luc M\u00e9lenchon \u00e9crivait \u00ab La seule fa\u00e7on de bloquer la loi et de faire cesser le chantage comme m\u00e9thode de gouvernement, c\u2019est de voter la censure. Soit celle d\u00e9pos\u00e9e par la droite comme le fit le groupe communiste en 1992, qui n\u2019avait pas les moyens de d\u00e9poser sa propre motion, soit en en d\u00e9posant une autre, de gauche, puisque le moyen existe de le faire !\u2026\u2026. \u00bb. Ce qui semblait vouloir dire qu\u2019il fallait d\u2019abord censurer le gouvernement quoiqu\u2019il en soit, fusse en votant la motion de la droite. Mais au mot d\u2019ordre  \u00e9tait joint un raisonnement, sur le fait qu\u2019il aurait \u00e9t\u00e9 mieux encore qu\u2019une motion de censure de gauche soit d\u00e9pos\u00e9e. Jusque-l\u00e0 rien \u00e0 dire, semble-t-il. Une telle option eut sans nul doute notre agr\u00e9ment. Sauf que !  Sauf que, Jean-Luc M\u00e9lenchon, c\u2019est bien le m\u00eame, a donn\u00e9 le 18 une interview \u00e0 France info lors de laquelle il affirme qu\u2019il n\u2019aurait pas, comme s\u2019appr\u00eate \u00e0 le faire les d\u00e9put\u00e9s communistes \u00ab du Front de Gauche \u00bb \u00e0 l\u2019Assembl\u00e9e Nationale, vot\u00e9 la motion de censure de la droite avec laquelle il ne veut pas se m\u00e9langer pour faire tomber un gouvernement de gauche.  Faire tomber un pr\u00e9tendu gouvernement de gauche qui fait la politique ultra lib\u00e9rale de la droite, je dois avouer que je ne vois pas bien o\u00f9 est le probl\u00e8me. Mais soit, Jean-Luc M\u00e9lenchon est libre de ses opinions et jugements, libre m\u00eame de manquer de coh\u00e9rence. La Gauche pour lui, c\u2019est toujours la Gauche, nous ne sommes pas d\u2019accord, mais nous respectons son point de vue. D\u00e8s lors nous dit-il, s\u2019il avait \u00e9t\u00e9 d\u00e9put\u00e9, il se serait efforc\u00e9 de mettre d\u2019accord les verts, les frondeurs \u00bb et le \u00ab front de Gauche \u00bb pour \u00e9laborer ensemble une motion de censure de gauche.  Jean-Luc M\u00e9lenchon est un finasseur qui \u00e0 tort en la circonstance de se croire trop malin. Nous qui ne sommes pas bien malin non plus l\u2019avons d\u00e9crypt\u00e9 pourtant. La droite aurait pr\u00e9sent\u00e9 sa motion de censure qui aurait \u00e9t\u00e9 rejet\u00e9e, la \u00ab Gauche \u00bb aurait pr\u00e9sent\u00e9 la sienne qui aurait \u00e9t\u00e9 rejet\u00e9e \u00e0 son tour. Et au bout de l\u2019op\u00e9ration il serait apparu que sous le langage de la fermet\u00e9 et de la censure, Jean-Luc M\u00e9lenchon, en v\u00e9rit\u00e9, avait voulu sauver \u00ab la mise \u00bb au gouvernement et accompagner de facto l\u2019adoption de la loi Macron.  Bon, Jean-Luc M\u00e9lenchon n\u2019est pas d\u00e9put\u00e9, il ne sera pas appel\u00e9 \u00e0 voter la censure, il n\u2019aura donc pas besoin de voler \u00e0 la rescousse du gouvernement Valls ! Croyez-vous ? Mais il l\u2019a d\u00e9j\u00e0 fait. En prenant ainsi position contre le vote de la motion de censure de l\u2019UMP ainsi que se proposent de le faire les d\u00e9put\u00e9s du \u00ab Front de Gauche \u00bb, n-a-t-il pas voulu en dissuader certains ? N-a-t-il pas voulu conforter les d\u00e9put\u00e9s \u00ab Frondeurs \u00bb du PS dans leur refus de voter la censure.  Un service en vaut un autre, est-ce que le capitaine de p\u00e9dalo Flamby lui renverra l\u2019ascenseur bient\u00f4t ?   Jean-Luc M\u00e9lenchon se d\u00e9consid\u00e8re dans cette affaire. Nous sommes perplexes et inquiets. L\u2019occasion existait-l\u00e0 de jeter les bases d\u2019une v\u00e9ritable alternative politique. Notre camarade Jean-Luc l\u2019a encore une fois g\u00e2ch\u00e9e.  Patrick Seignon. \u00ab lavoiedessansvoix.fr. Jeudi 19 f\u00e9vrier 2015.<\/p>\n","protected":false},"excerpt":{"rendered":"<p>L\u2019INQUALIFIABLE POSITIONNEMENT DE J.L. MELENCHON Le 17 f\u00e9vrier sur son Blog, Jean-Luc M\u00e9lenchon \u00e9crivait \u00ab La seule fa\u00e7on de bloquer [&hellip;]<\/p>\n","protected":false},"author":1,"featured_media":4893,"comment_status":"open","ping_status":"open","sticky":false,"template":"","format":"standard","meta":{"sfsi_plus_gutenberg_text_before_share":"","sfsi_plus_gutenberg_show_text_before_share":"","sfsi_plus_gutenberg_icon_type":"","sfsi_plus_gutenberg_icon_alignemt":"","sfsi_plus_gutenburg_max_per_row":"","site-sidebar-layout":"default","site-content-layout":"","ast-site-content-layout":"default","site-content-style":"default","site-sidebar-style":"default","ast-global-header-display":"","ast-banner-title-visibility":"","ast-main-header-display":"","ast-hfb-above-header-display":"","ast-hfb-below-header-display":"","ast-hfb-mobile-header-display":"","site-post-title":"","ast-breadcrumbs-content":"","ast-featured-img":"","footer-sml-layout":"","ast-disable-related-posts":"","theme-transparent-header-meta":"","adv-header-id-meta":"","stick-header-meta":"","header-above-stick-meta":"","header-main-stick-meta":"","header-below-stick-meta":"","astra-migrate-meta-layouts":"default","ast-page-background-enabled":"default","ast-page-background-meta":{"desktop":{"background-color":"var(--ast-global-color-4)","background-image":"","background-repeat":"repeat","background-position":"center center","background-size":"auto","background-attachment":"scroll","background-type":"","background-media":"","overlay-type":"","overlay-color":"","overlay-opacity":"","overlay-gradient":""},"tablet":{"background-color":"","background-image":"","background-repeat":"repeat","background-position":"center center","background-size":"auto","background-attachment":"scroll","background-type":"","background-media":"","overlay-type":"","overlay-color":"","overlay-opacity":"","overlay-gradient":""},"mobile":{"background-color":"","background-image":"","background-repeat":"repeat","background-position":"center center","background-size":"auto","background-attachment":"scroll","background-type":"","background-media":"","overlay-type":"","overlay-color":"","overlay-opacity":"","overlay-gradient":""}},"ast-content-background-meta":{"desktop":{"background-color":"var(--ast-global-color-5)","background-image":"","background-repeat":"repeat","background-position":"center center","background-size":"auto","background-attachment":"scroll","background-type":"","background-media":"","overlay-type":"","overlay-color":"","overlay-opacity":"","overlay-gradient":""},"tablet":{"background-color":"var(--ast-global-color-5)","background-image":"","background-repeat":"repeat","background-position":"center center","background-size":"auto","background-attachment":"scroll","background-type":"","background-media":"","overlay-type":"","overlay-color":"","overlay-opacity":"","overlay-gradient":""},"mobile":{"background-color":"var(--ast-global-color-5)","background-image":"","background-repeat":"repeat","background-position":"center center","background-size":"auto","background-attachment":"scroll","background-type":"","background-media":"","overlay-type":"","overlay-color":"","overlay-opacity":"","overlay-gradient":""}},"footnotes":""},"categories":[16],"tags":[],"class_list":["post-1137","post","type-post","status-publish","format-standard","has-post-thumbnail","hentry","category-archives-cms"],"_links":{"self":[{"href":"https:\/\/lavoiedessansvoix.fr\/lavoie\/wp-json\/wp\/v2\/posts\/1137","targetHints":{"allow":["GET"]}}],"collection":[{"href":"https:\/\/lavoiedessansvoix.fr\/lavoie\/wp-json\/wp\/v2\/posts"}],"about":[{"href":"https:\/\/lavoiedessansvoix.fr\/lavoie\/wp-json\/wp\/v2\/types\/post"}],"author":[{"embeddable":true,"href":"https:\/\/lavoiedessansvoix.fr\/lavoie\/wp-json\/wp\/v2\/users\/1"}],"replies":[{"embeddable":true,"href":"https:\/\/lavoiedessansvoix.fr\/lavoie\/wp-json\/wp\/v2\/comments?post=1137"}],"version-history":[{"count":1,"href":"https:\/\/lavoiedessansvoix.fr\/lavoie\/wp-json\/wp\/v2\/posts\/1137\/revisions"}],"predecessor-version":[{"id":4894,"href":"https:\/\/lavoiedessansvoix.fr\/lavoie\/wp-json\/wp\/v2\/posts\/1137\/revisions\/4894"}],"wp:featuredmedia":[{"embeddable":true,"href":"https:\/\/lavoiedessansvoix.fr\/lavoie\/wp-json\/wp\/v2\/media\/4893"}],"wp:attachment":[{"href":"https:\/\/lavoiedessansvoix.fr\/lavoie\/wp-json\/wp\/v2\/media?parent=1137"}],"wp:term":[{"taxonomy":"category","embeddable":true,"href":"https:\/\/lavoiedessansvoix.fr\/lavoie\/wp-json\/wp\/v2\/categories?post=1137"},{"taxonomy":"post_tag","embeddable":true,"href":"https:\/\/lavoiedessansvoix.fr\/lavoie\/wp-json\/wp\/v2\/tags?post=1137"}],"curies":[{"name":"wp","href":"https:\/\/api.w.org\/{rel}","templated":true}]}}