{"id":1136,"date":"2015-02-21T05:40:00","date_gmt":"2015-02-21T04:40:00","guid":{"rendered":"https:\/\/lavoiedessansvoix.fr\/lavoie\/2015\/02\/21\/archive-antisemite-la-profanation-de-sarre-union-ou-syndrome-des-irlandais-de-vincennes\/"},"modified":"2026-04-26T22:19:01","modified_gmt":"2026-04-26T20:19:01","slug":"archive-antisemite-la-profanation-de-sarre-union-ou-syndrome-des-irlandais-de-vincennes","status":"publish","type":"post","link":"https:\/\/lavoiedessansvoix.fr\/lavoie\/2015\/02\/21\/archive-antisemite-la-profanation-de-sarre-union-ou-syndrome-des-irlandais-de-vincennes\/","title":{"rendered":"ANTIS\u00c9MITE LA PROFANATION DE SARRE-UNION ?  Ou \u00ab SYNDROME DES IRLANDAIS DE VINCENNES ?"},"content":{"rendered":"<p>ANTIS\u00c9MITE LA PROFANATION DE SARRE-UNION ?Ou, \u00ab SYNDROME DES IRLANDAIS DE VINCENNES ?  Mercredi 18 f\u00e9vrier, les cinq jeunes vandales qui se sont rendus coupables, selon toute vraisemblance, de la profanation du cimeti\u00e8re Juif de Sarre-Union, ont \u00e9t\u00e9 mis en examen et plac\u00e9s sous contr\u00f4le judiciaire. D\u2019autre part, une information judiciaire a \u00e9t\u00e9 ouverte, afin semble-t-il de corroborer ce que le procureur appelle \u00ab les nouveaux \u00e9l\u00e9ments \u00bb qui confirmeraient selon lui les motivations antis\u00e9mites des gar\u00e7ons.  Le procureur, Philippe Vannier, a affirm\u00e9 devant la presse : \u00ab\u00a0Malgr\u00e9 les d\u00e9n\u00e9gations des int\u00e9ress\u00e9s, la connotation et le mobile antis\u00e9mites de leur comportement apparaissent clairement\u00a0\u00bb au vu des \u00e9l\u00e9ments recueillis par l&rsquo;enqu\u00eate. \u00bb. (BFMTV)  Ainsi, les journalistes se croient-ils fond\u00e9s \u00e0 affirmer, comme ce fut fait sur les chaines de t\u00e9l\u00e9vision et la plupart des radios, que\u00ab Le mobile antis\u00e9mite est d\u00e9sormais clairement retenu, et les cinq mineurs, qui reconnaissent tous les faits, ont \u00e9t\u00e9 mis en examen. \u00bb  Faut-il le rappeler ? Le procureur, c\u2019est le parquet, c\u2019est l\u2019accusation, ce n\u2019est pas le jugement rendu. Jusqu\u2019\u00e0 la notification de celui-ci les jeunes gens comme n\u2019importe quel justiciable, ne doivent-ils pas b\u00e9n\u00e9ficier de \u00ab la pr\u00e9somption d\u2019innocence \u00bb ? Chacun a droit bien s\u00fbr, jusqu\u2019au jugement et m\u00eame apr\u00e8s d\u2019avoir tout comme Mr le procureur, son intime conviction, mais nul n\u2019est fond\u00e9 \u00e0 pr\u00e9senter son intime conviction comme la v\u00e9rit\u00e9 qui s\u2019impose \u00e0 tous. Or, c\u2019est ce que font les journalistes lorsqu\u2019ils relatent la d\u00e9cision du procureur, en affirmant \u00ab Profanation du cimeti\u00e8re de Sarre-Union, il s\u2019agissait bien d\u2019actes antis\u00e9mites \u00bb.  Les faits, ce sont sans nul doute les tombes ouvertes et les st\u00e8les renvers\u00e9s. Mais les saluts nazis, les \u00ab heil Hitler \u00bb, les crachats dont il est question, ont-ils \u00e9t\u00e9 film\u00e9s par les cam\u00e9ras de vid\u00e9o-surveillance du cimeti\u00e8re ? En quoi sont-ce des \u00ab faits \u00bb ? Parce que les jeunes les ont avou\u00e9s et reconnus ? Ne les leur a-t-on pas pr\u00eat\u00e9s, ou souffl\u00e9s ? Toute personne qui sait comment se passe une garde \u00e0 vue et comment est r\u00e9dig\u00e9 le rapport de police qui en \u00e9mane, est en droit de douter. Patrick Dils et bien d\u2019autres avant et apr\u00e8s lui n\u2019ont-ils pas reconnu des crimes qu\u2019ils n\u2019avaient pas commis ? Il est probable que ces potaches manquent cruellement de culture historique et politique, pour autant, doit-on les tenir pour \u00ab demeur\u00e9s \u00bb ? A d\u00e9faut comment expliquer que dans le m\u00eame temps o\u00f9 ils nient les motivations antis\u00e9mites qu\u2019on leur pr\u00eate, ils reconnaitraient avoir fait des saluts nazis , en criant \u00ab Heil Hitler \u00bb sur les tombes, et crach\u00e9 sur l\u2019\u00e9toile de David ?  Le procureur nous dit \u00ab Malgr\u00e9 leurs d\u00e9n\u00e9gations \u00bb et les journalistes enchainent : \u00ab les cinq mineurs qui reconnaissent tous les faits \u00bb.   Ne trouvez-vous pas que \u00e7a sent l\u2019entourloupe ?  N\u2019y aurait-il pas du syndrome \u00ab des Irlandais de Vincennes dans l\u2019air \u00bb ?  Le syndrome des Irlandais de Vincennes ? Du nom de cette affaire qui se produisit en 1982. La police et les services du minist\u00e8re de l\u2019int\u00e9rieur voulaient administrer la preuve de leur efficacit\u00e9 dans la lutte contre le terrorisme, Palestinien, Basque et Irlandais \u00e0 l\u2019\u00e9poque. A d\u00e9faut d\u2019une v\u00e9ritable affaire \u00e0 se mettre sous la dent, ils en fabriqu\u00e8rent une de toute pi\u00e8ce. Ils avis\u00e8rent un groupe d\u2019Irlandais qui r\u00e9sidaient \u00e0 Vincennes et les appr\u00e9hend\u00e8rent comme terroristes, fabriquant eux-m\u00eames les preuves n\u00e9cessaires \u00e0 incriminer les \u00ab pr\u00e9venus \u00bb. Heureusement pour ces derniers l\u2019affaire se termina en scandale d\u2019\u00c9tat et retomba droit sur \u00ab la cellule de l\u2019\u00c9lys\u00e9e \u00bb et le commandant Christian Prouteau, \u00e9pargnant de justesse Fran\u00e7ois Mitterrand, le Pr\u00e9sident de la R\u00e9publique d\u2019alors.  L\u2019affaire dans le cas pr\u00e9sent est bien entendu av\u00e9r\u00e9e. La r\u00e9alit\u00e9 des faits est incontestable et l\u2019implication des cinq jeunes gens qui se sont d\u00e9nonc\u00e9s eux-m\u00eames, le parait tout autant. Mais ces gar\u00e7ons qui reconnaissent les faits de profanation parlent \u00ab de jeu \u00bb et nient toute motivation antis\u00e9mite. Or c\u2019est cela que les enqu\u00eateurs, le procureur, et la presse sans \u00e9tats d\u2019\u00e2me veulent leur faire endosser. Les faits sont av\u00e9r\u00e9s mais les motivations pourraient bien \u00eatre invent\u00e9es.  Nous l\u2019avions annonc\u00e9 le17 f\u00e9vrier (\u00ab Le roi dit la Justice \u00bb), la veille, avant la d\u00e9claration du procureur rapport\u00e9e ci-dessus : \u00ab Les institutions juives ont qualifi\u00e9 le \u00ab crime \u00bb, le Pr\u00e9sident de la R\u00e9publique aussi, ce sont \u00ab des actes antis\u00e9mites qui font honte \u00e0 la France \u00bb. Il a certes ajout\u00e9 \u00ab que la justice dira \u00abce qui rel\u00e8ve de l\u2019inconscience, de l\u2019ignorance ou de l\u2019intol\u00e9rance\u00bb Mais en v\u00e9rit\u00e9, apr\u00e8s cela, que reste-t-il vraiment \u00e0 dire \u00e0 la justice ? Que reste-il \u00e0 faire au juge sinon \u00e0 s\u2019ex\u00e9cuter ?\u00bb  Ne faut-il pas pour sauver l\u2019honneur du Pr\u00e9sident de la R\u00e9publique, des institutions et associations Juives, de la presse, que cette profanation fusse n\u00e9cessairement \u00ab antis\u00e9mites \u00bb, s\u2019inscrivant dans la lign\u00e9 de tant d\u2019autres qui t\u00e9moigneraient de la r\u00e9surgence en France de cette \u00ab maladie mentale \u00bb ? En effet, tous ces acteurs majeurs de la vie publique s\u2019\u00e9tant engouffr\u00e9 t\u00eate baiss\u00e9e dans la th\u00e8se de \u00ab l\u2019acte antis\u00e9mite \u00bb, \u00e0 l\u2019exclusion de toute autre hypoth\u00e8se, les contredire ne serait-ce pas de facto les d\u00e9savouer et donc les ridiculiser.     Patrick Seignon. \u00ab lavoiedessansvoix.fr\u2019 Samedi 21 f\u00e9vrier 2015.<\/p>\n","protected":false},"excerpt":{"rendered":"<p>ANTIS\u00c9MITE LA PROFANATION DE SARRE-UNION ?Ou, \u00ab SYNDROME DES IRLANDAIS DE VINCENNES ? Mercredi 18 f\u00e9vrier, les cinq jeunes vandales [&hellip;]<\/p>\n","protected":false},"author":1,"featured_media":4891,"comment_status":"open","ping_status":"open","sticky":false,"template":"","format":"standard","meta":{"sfsi_plus_gutenberg_text_before_share":"","sfsi_plus_gutenberg_show_text_before_share":"","sfsi_plus_gutenberg_icon_type":"","sfsi_plus_gutenberg_icon_alignemt":"","sfsi_plus_gutenburg_max_per_row":"","site-sidebar-layout":"default","site-content-layout":"","ast-site-content-layout":"default","site-content-style":"default","site-sidebar-style":"default","ast-global-header-display":"","ast-banner-title-visibility":"","ast-main-header-display":"","ast-hfb-above-header-display":"","ast-hfb-below-header-display":"","ast-hfb-mobile-header-display":"","site-post-title":"","ast-breadcrumbs-content":"","ast-featured-img":"","footer-sml-layout":"","ast-disable-related-posts":"","theme-transparent-header-meta":"","adv-header-id-meta":"","stick-header-meta":"","header-above-stick-meta":"","header-main-stick-meta":"","header-below-stick-meta":"","astra-migrate-meta-layouts":"default","ast-page-background-enabled":"default","ast-page-background-meta":{"desktop":{"background-color":"var(--ast-global-color-4)","background-image":"","background-repeat":"repeat","background-position":"center center","background-size":"auto","background-attachment":"scroll","background-type":"","background-media":"","overlay-type":"","overlay-color":"","overlay-opacity":"","overlay-gradient":""},"tablet":{"background-color":"","background-image":"","background-repeat":"repeat","background-position":"center center","background-size":"auto","background-attachment":"scroll","background-type":"","background-media":"","overlay-type":"","overlay-color":"","overlay-opacity":"","overlay-gradient":""},"mobile":{"background-color":"","background-image":"","background-repeat":"repeat","background-position":"center center","background-size":"auto","background-attachment":"scroll","background-type":"","background-media":"","overlay-type":"","overlay-color":"","overlay-opacity":"","overlay-gradient":""}},"ast-content-background-meta":{"desktop":{"background-color":"var(--ast-global-color-5)","background-image":"","background-repeat":"repeat","background-position":"center center","background-size":"auto","background-attachment":"scroll","background-type":"","background-media":"","overlay-type":"","overlay-color":"","overlay-opacity":"","overlay-gradient":""},"tablet":{"background-color":"var(--ast-global-color-5)","background-image":"","background-repeat":"repeat","background-position":"center center","background-size":"auto","background-attachment":"scroll","background-type":"","background-media":"","overlay-type":"","overlay-color":"","overlay-opacity":"","overlay-gradient":""},"mobile":{"background-color":"var(--ast-global-color-5)","background-image":"","background-repeat":"repeat","background-position":"center center","background-size":"auto","background-attachment":"scroll","background-type":"","background-media":"","overlay-type":"","overlay-color":"","overlay-opacity":"","overlay-gradient":""}},"footnotes":""},"categories":[16],"tags":[],"class_list":["post-1136","post","type-post","status-publish","format-standard","has-post-thumbnail","hentry","category-archives-cms"],"_links":{"self":[{"href":"https:\/\/lavoiedessansvoix.fr\/lavoie\/wp-json\/wp\/v2\/posts\/1136","targetHints":{"allow":["GET"]}}],"collection":[{"href":"https:\/\/lavoiedessansvoix.fr\/lavoie\/wp-json\/wp\/v2\/posts"}],"about":[{"href":"https:\/\/lavoiedessansvoix.fr\/lavoie\/wp-json\/wp\/v2\/types\/post"}],"author":[{"embeddable":true,"href":"https:\/\/lavoiedessansvoix.fr\/lavoie\/wp-json\/wp\/v2\/users\/1"}],"replies":[{"embeddable":true,"href":"https:\/\/lavoiedessansvoix.fr\/lavoie\/wp-json\/wp\/v2\/comments?post=1136"}],"version-history":[{"count":1,"href":"https:\/\/lavoiedessansvoix.fr\/lavoie\/wp-json\/wp\/v2\/posts\/1136\/revisions"}],"predecessor-version":[{"id":4892,"href":"https:\/\/lavoiedessansvoix.fr\/lavoie\/wp-json\/wp\/v2\/posts\/1136\/revisions\/4892"}],"wp:featuredmedia":[{"embeddable":true,"href":"https:\/\/lavoiedessansvoix.fr\/lavoie\/wp-json\/wp\/v2\/media\/4891"}],"wp:attachment":[{"href":"https:\/\/lavoiedessansvoix.fr\/lavoie\/wp-json\/wp\/v2\/media?parent=1136"}],"wp:term":[{"taxonomy":"category","embeddable":true,"href":"https:\/\/lavoiedessansvoix.fr\/lavoie\/wp-json\/wp\/v2\/categories?post=1136"},{"taxonomy":"post_tag","embeddable":true,"href":"https:\/\/lavoiedessansvoix.fr\/lavoie\/wp-json\/wp\/v2\/tags?post=1136"}],"curies":[{"name":"wp","href":"https:\/\/api.w.org\/{rel}","templated":true}]}}