{"id":1135,"date":"2015-02-27T17:53:00","date_gmt":"2015-02-27T16:53:00","guid":{"rendered":"https:\/\/lavoiedessansvoix.fr\/lavoie\/2015\/02\/27\/archive-un-prete-pour-un-rendu-faut-il-rehabiliter-bachar-al-assad\/"},"modified":"2026-04-26T22:18:49","modified_gmt":"2026-04-26T20:18:49","slug":"archive-un-prete-pour-un-rendu-faut-il-rehabiliter-bachar-al-assad","status":"publish","type":"post","link":"https:\/\/lavoiedessansvoix.fr\/lavoie\/2015\/02\/27\/archive-un-prete-pour-un-rendu-faut-il-rehabiliter-bachar-al-assad\/","title":{"rendered":"\u00ab UN PR\u00caT\u00c9 POUR UN RENDU \u00bb  (FAUT-IL R\u00c9HABILITER BACHAR AL ASSAD ?)"},"content":{"rendered":"<p>\u00ab UN PR\u00caT\u00c9 POUR UN RENDU \u00bb  (FAUT-IL R\u00c9HABILITER BACHAR AL ASSAD ?)   Telle \u00e9tait la question que posait avant-hier soir au 20 heures, le journaliste vedette de \u00ab France2 \u00bb, en ouverture d\u2019un sujet sur la visite \u00ab impromptue \u00bb de 4 parlementaires fran\u00e7ais en Syrie.  La seule formulation de cette question t\u00e9moigne de l\u2019arrogance incroyable de notre pays et de nos m\u00e9dias. En quoi dites-moi, appartient-il a la France, ou \u00e0 tout autre \u00c9tat occidental, fusse le plus puissant de la plan\u00e8te, de \u00ab d\u00e9shabiliter \u00bb ou \u00ab r\u00e9habiliter \u00bb le chef d\u2019un \u00c9tat \u00e9tranger ?  Bachar Al Assad n\u2019a besoin d\u2019\u00eatre r\u00e9habiliter par personne, car il n\u2019a jamais \u00e9t\u00e9 \u00ab d\u00e9shabilit\u00e9 \u00bb. Ce capitaine-l\u00e0 est rest\u00e9 debout, digne fier et clairvoyant, aux commandes de son navire dans la pire tourmente que lui ont inflig\u00e9e les pays occidentaux avec la complicit\u00e9 de leurs alli\u00e9s arabes. Peu nombreux sont les chefs d\u2019\u00c9tat capables d\u2019une telle performance.  Nous apprenions hier, avec le compte rendu de cette visite des parlementaires fran\u00e7ais, qu\u2019une autre d\u00e9l\u00e9gation \u00ab du m\u00eame tonneau \u00bb, mais Am\u00e9ricaine celle-l\u00e0, \u00e9tait en visite en Syrie. Des voix de plus en plus nombreuses se font entendre en Occident, pour un changement global de strat\u00e9gie \u00e0 l\u2019\u00e9gard du \u00ab grand Proche-Orient \u00bb. Car la question Syrienne en v\u00e9rit\u00e9 d\u00e9passe largement les seules limites de cet \u00c9tat. La r\u00e9sistance du R\u00e9gime la\u00efque du BAAS Syrien a eu pour effet de faire de la Syrie le point d\u2019achoppement de toute la politique am\u00e9ricaine dans cette r\u00e9gion. Ce qui est en jeu en v\u00e9rit\u00e9, ce n\u2019est pas tant le maintien, c\u2019est-\u00e0-dire la victoire de Bachar Al Assad, que le basculement du rapport de force au Moyen-Orient et la lamentable d\u00e9faite d\u2019une certaine strat\u00e9gie am\u00e9ricaine.  QUE L\u2019OPPROBRE RETOMBE SUR EUX.   Imaginez quelques instants l\u2019effet Boomerang, qu\u2019aurait \u00e0 l\u2019\u00e9gard du cartel occidental et des monarchies arabes ses alli\u00e9s, un tel retournement de la situation. Apr\u00e8s avoir lev\u00e9 des troupes barbares pour mettre la Syrie \u00e0 feu et \u00e0 sang durant plus que trois longues ann\u00e9es ; Apr\u00e8s avoir plus de cent fois pr\u00e9dit la d\u00e9faite de Bachar dans les prochains jours, les prochaines semaines, puis les prochains mois ; Apr\u00e8s n\u2019avoir plus rien pr\u00e9dit du tout que la guerre \u00e0 outrance qu\u2019ils se proposaient de lui faire. Apr\u00e8s avoir cent fois intim\u00e9 l\u2019ordre \u00e0 ce chef d\u2019\u00c9tat d\u2019un pays th\u00e9oriquement souverain, de quitter le pouvoir. Apr\u00e8s avoir menac\u00e9 de le traduire devant le TPI, l\u2019avoir insult\u00e9, humili\u00e9, trait\u00e9 de massacreur, de \u00ab gazeur \u00bb de son peuple. Apr\u00e8s tant de forfaits, de provocations, contre la Syrie martyris\u00e9e et Bachar Al Assad, dont se sont rendues coupables les chefs des \u00c9tats et des diplomaties occidentales, la France toute la premi\u00e8re, ceux-l\u00e0 seraient-ils contraints de rendre les armes ? Seraient-ils contraints un jour prochain de composer \u00e0 nouveau avec le chef de l\u2019\u00c9tat Syrien, de reconnaitre sa l\u00e9gitimit\u00e9 quand ils la lui avaient contest\u00e9 pour la d\u00e9poser dans les mains de ses opposants ? Imaginez la honte et l\u2019humiliation pour eux, s\u2019ils devaient en arriver l\u00e0. Imaginez l\u2019infamie qui retomberait sur ceux, comme Fran\u00e7ois Hollande, qui se sont avis\u00e9 d\u2019aller trop loin trop vite ? Ceux-l\u00e0, bien entendu, ne veulent pas du retour en gr\u00e2ce de Bachar Al Assad, et les arguments les plus rationnels, les plus incontestables ne les feront pas changer d\u2019avis. Ils savent trop qu\u2019une telle \u00e9volution des choses serait contre eux le pire des r\u00e9quisitoires, aussi feront ils tout pour emp\u00eacher que cela advienne.  A cet \u00e9gard, la mort provoqu\u00e9e de celui qu\u2019ils ont appel\u00e9 le \u00ab dictateur \u00bb le \u00ab tyran \u00bb, ou m\u00eame le \u00ab boucher \u00bb, leur serait une d\u00e9livrance. Les services de protection rapproch\u00e9e de Bachar AL Assad, seraient bien avis\u00e9s d\u2019ouvrir l\u2019\u0153il plus que jamais, de ne surtout pas baisser la garde dans cette p\u00e9riode o\u00f9 des signes de d\u00e9tente possible s\u2019amoncellent. Nonobstant les multiples attentats dont il a d\u00e9j\u00e0 \u00e9t\u00e9 victime, la p\u00e9riode qui s\u2019ouvre ainsi, est en effet probablement la plus dangereuse qu\u2019ils aient eu \u00e0 affronter pour la survie personnelle du chef de l\u2019\u00c9tat syrien.  Nous avions \u00e9crit cela hier matin 26 f\u00e9vrier, et d\u00e8s le journal de treize heures nous e\u00fbmes connaissance de la r\u00e9action de Fran\u00e7ois hollande, en parfaite conformit\u00e9 avec ce que nous annoncions, \u00ab qui condamne fermement ces parlementaires mandat\u00e9s par personne qui osent aller discuter avec un dictateur responsable d\u2019une guerre civile qui a fait deux cent mille, deux cent mille, morts \u00bb, souligne-t-il par une r\u00e9p\u00e9tition.  Mais monsieur le Pr\u00e9sident, r\u00e9pliquons-nous, qu&rsquo;elle, qu\u2019elle soit,  on ne fait pas la guerre, tout seul. Il y a toujours, au moins deux parties au conflit. Et la partie qui attaque le R\u00e9gime Syrien, en l\u2019occurrence, c&rsquo;est le Front al-Nosra, Al Qa\u00efda, .l&rsquo;Etat islamique au levant r\u00e9cemment rebaptis\u00e9 Daesh. Ce sont vos amis, que vous appeliez l&rsquo;opposition d\u00e9mocratique syrienne. Ce sont \u00ab les forces suppl\u00e9tives et mercenaires \u00bb que vous, avec le Pr\u00e9sident Obama et le premier ministre britannique David Cameron, et avec la complicit\u00e9, il faut l\u2019ajouter, du roi d&rsquo;Arabie et de l\u2019\u00c9mir du Qatar, avez lev\u00e9es soutenues, recrut\u00e9es, financ\u00e9es, encadr\u00e9es, entrain\u00e9s et arm\u00e9s, ce sont ceux-l\u00e0, les fous de Dieu, les coupeurs de t\u00eates.   Il y a donc bien, Monsieur le Pr\u00e9sident, deux parties au conflit. Outre le r\u00e9gime l\u00e9gal syrien attaqu\u00e9, l\u2019autre partie, attaquante, c\u2019est vous ! Les chefs de guerre, les donneurs d\u2019ordres c\u2019est vous ! Vous, le cartel des trois puissances occidentales et vos alli\u00e9s arabes. Et vous le savez bien, vos troupes barbares sur le terrain, sont responsables de bien des morts, des atrocit\u00e9s, des horreurs. Qu\u2019il me soit donc permis monsieur le Pr\u00e9sident, de vous rappeler \u00e0 un peu plus de pudeur et de retenue. All\u00e9, ont fait un march\u00e9, 50\/50. La moindre des pr\u00e9cautions d\u2019un d\u00e9compte macabre qui voudrait se donner des airs \u00e9quilibr\u00e9s serait de partager les morts. Moiti\u00e9 moiti\u00e9, 100 000 pour le r\u00e9gime attaqu\u00e9s, cent mille pour les puissances attaquantes.   Vous refusez le march\u00e9 ? Vous refusez d\u2019assumer la part du sang qui vous revient ? Moiti\u00e9 moiti\u00e9 \u00e7a ne vous convient pas ? Vous vous obstinez \u00e0 vous d\u00e9fausser enti\u00e8rement sur la partie adverse ? Vous \u00eates d\u00e9cid\u00e9ment par trop arrogant Monsieur Hollande. Eh bien en ce cas soit, ce ne sera pas moiti\u00e9 moiti\u00e9 mais la totalit\u00e9 de ce bain de sang qui retombera comme une mal\u00e9diction sur vos t\u00eates \u00e0 vous et vos petits camarades.  Car il faut bien le dire, on ne saurai,t il est vrai, placer sur un pied d\u2019\u00e9galit\u00e9, renvoyer dos \u00e0 dos l\u2019agress\u00e9 et l\u2019agresseur. On n\u2019a pas le droit de vouloir partager les torts entre un r\u00e9gime l\u00e9gal, la\u00efque, qui se d\u00e9fend contre une agression ext\u00e9rieure, conduite par des puissances \u00e9trang\u00e8res qui ont enr\u00f4l\u00e9es et instrumentalis\u00e9es des hordes de barbares sous l\u2019\u00e9tendard du radicalisme religieux. Sans cette circonstance il n\u2019y aurait pas eu de \u00ab guerre civile en Syrie, tout juste des manifestations pacifiques. Sans cette circonstance, sans vos ing\u00e9rences et obstinations, il y a fort longtemps que la paix civile serait revenue en Syrie. Il est donc clair que la responsabilit\u00e9 totale des d\u00e9g\u00e2ts humains et mat\u00e9riels appartient aux agresseurs dont vous \u00eates. Une guerre civile qui a fait dites-vous 200 000 morts ? Deux cent mille dont vous \u00eates enti\u00e8rement comptable Monsieur Hollande.  Voil\u00e0 les raisons, qui sont votre, de ne pas vouloir renouer le dialogue avec le r\u00e9gime l\u00e9gal Syrien et son chef d\u2019\u00c9tat. Voil\u00e0 les raison qui sont les votre de stigmatiser les parlementaires qui osent contrevenir \u00e0 vos oukases.  Mais comme l\u2019Histoire de ces trois derni\u00e8res ann\u00e9es le prouve d\u00e9j\u00e0, vous n\u2019\u00eates pas les seuls d\u00e9cideurs et il n\u2019est pas impossible que malgr\u00e9 votre opposition farouche, cette \u00e9volution historique se produise tout de m\u00eame, que Bachar Al Assad, sorte, par le haut de l\u2019imbroglio sanglant auquel vous l\u2019avez accul\u00e9.  Nul doute en ce cas qu\u2019il sera promu par les circonstances au rang de h\u00e9ros de la cause arabe.  Quand \u00e0 vous, bien s\u00fbr, quoiqu\u2019il advienne, vous \u00eates \u00e0 l\u2019abri des rigueurs du TPI (Tribunal P\u00e9nal International) qu\u2019il serait plus propre de traduire par \u00ab Tribunal des Puissances Imp\u00e9rialistes \u00bb.  Le TPI est votre chose, il ne poursuit pas \u00ab les maitres du monde \u00bb. Il ne poursuit, comme chacun sait, s&rsquo;ils osent d\u00e9fier votre autorit\u00e9, que vos ennemis, les chefs d\u2019\u00c9tats et autres d\u00e9cideurs des nations subalternes \u00bb que vous vous arrogez le droit de r\u00e9genter. Pour autant \u00e9chapperez-vous au jugement de l\u2019Histoire ? Ne craignez-vous pas que celle-ci vous pr\u00e9cipite aux g\u00e9monies de la conscience au motif de \u00ab crimes de guerre \u00bb ?  Patrick Seignon. \u00ab lavoiedessansvoix.fr \u00bb Jeudi 27 f\u00e9vrier 2015.<\/p>\n","protected":false},"excerpt":{"rendered":"<p>\u00ab UN PR\u00caT\u00c9 POUR UN RENDU \u00bb (FAUT-IL R\u00c9HABILITER BACHAR AL ASSAD ?) Telle \u00e9tait la question que posait avant-hier [&hellip;]<\/p>\n","protected":false},"author":1,"featured_media":4889,"comment_status":"open","ping_status":"open","sticky":false,"template":"","format":"standard","meta":{"sfsi_plus_gutenberg_text_before_share":"","sfsi_plus_gutenberg_show_text_before_share":"","sfsi_plus_gutenberg_icon_type":"","sfsi_plus_gutenberg_icon_alignemt":"","sfsi_plus_gutenburg_max_per_row":"","site-sidebar-layout":"default","site-content-layout":"","ast-site-content-layout":"default","site-content-style":"default","site-sidebar-style":"default","ast-global-header-display":"","ast-banner-title-visibility":"","ast-main-header-display":"","ast-hfb-above-header-display":"","ast-hfb-below-header-display":"","ast-hfb-mobile-header-display":"","site-post-title":"","ast-breadcrumbs-content":"","ast-featured-img":"","footer-sml-layout":"","ast-disable-related-posts":"","theme-transparent-header-meta":"","adv-header-id-meta":"","stick-header-meta":"","header-above-stick-meta":"","header-main-stick-meta":"","header-below-stick-meta":"","astra-migrate-meta-layouts":"default","ast-page-background-enabled":"default","ast-page-background-meta":{"desktop":{"background-color":"var(--ast-global-color-4)","background-image":"","background-repeat":"repeat","background-position":"center center","background-size":"auto","background-attachment":"scroll","background-type":"","background-media":"","overlay-type":"","overlay-color":"","overlay-opacity":"","overlay-gradient":""},"tablet":{"background-color":"","background-image":"","background-repeat":"repeat","background-position":"center center","background-size":"auto","background-attachment":"scroll","background-type":"","background-media":"","overlay-type":"","overlay-color":"","overlay-opacity":"","overlay-gradient":""},"mobile":{"background-color":"","background-image":"","background-repeat":"repeat","background-position":"center center","background-size":"auto","background-attachment":"scroll","background-type":"","background-media":"","overlay-type":"","overlay-color":"","overlay-opacity":"","overlay-gradient":""}},"ast-content-background-meta":{"desktop":{"background-color":"var(--ast-global-color-5)","background-image":"","background-repeat":"repeat","background-position":"center center","background-size":"auto","background-attachment":"scroll","background-type":"","background-media":"","overlay-type":"","overlay-color":"","overlay-opacity":"","overlay-gradient":""},"tablet":{"background-color":"var(--ast-global-color-5)","background-image":"","background-repeat":"repeat","background-position":"center center","background-size":"auto","background-attachment":"scroll","background-type":"","background-media":"","overlay-type":"","overlay-color":"","overlay-opacity":"","overlay-gradient":""},"mobile":{"background-color":"var(--ast-global-color-5)","background-image":"","background-repeat":"repeat","background-position":"center center","background-size":"auto","background-attachment":"scroll","background-type":"","background-media":"","overlay-type":"","overlay-color":"","overlay-opacity":"","overlay-gradient":""}},"footnotes":""},"categories":[16],"tags":[],"class_list":["post-1135","post","type-post","status-publish","format-standard","has-post-thumbnail","hentry","category-archives-cms"],"_links":{"self":[{"href":"https:\/\/lavoiedessansvoix.fr\/lavoie\/wp-json\/wp\/v2\/posts\/1135","targetHints":{"allow":["GET"]}}],"collection":[{"href":"https:\/\/lavoiedessansvoix.fr\/lavoie\/wp-json\/wp\/v2\/posts"}],"about":[{"href":"https:\/\/lavoiedessansvoix.fr\/lavoie\/wp-json\/wp\/v2\/types\/post"}],"author":[{"embeddable":true,"href":"https:\/\/lavoiedessansvoix.fr\/lavoie\/wp-json\/wp\/v2\/users\/1"}],"replies":[{"embeddable":true,"href":"https:\/\/lavoiedessansvoix.fr\/lavoie\/wp-json\/wp\/v2\/comments?post=1135"}],"version-history":[{"count":1,"href":"https:\/\/lavoiedessansvoix.fr\/lavoie\/wp-json\/wp\/v2\/posts\/1135\/revisions"}],"predecessor-version":[{"id":4890,"href":"https:\/\/lavoiedessansvoix.fr\/lavoie\/wp-json\/wp\/v2\/posts\/1135\/revisions\/4890"}],"wp:featuredmedia":[{"embeddable":true,"href":"https:\/\/lavoiedessansvoix.fr\/lavoie\/wp-json\/wp\/v2\/media\/4889"}],"wp:attachment":[{"href":"https:\/\/lavoiedessansvoix.fr\/lavoie\/wp-json\/wp\/v2\/media?parent=1135"}],"wp:term":[{"taxonomy":"category","embeddable":true,"href":"https:\/\/lavoiedessansvoix.fr\/lavoie\/wp-json\/wp\/v2\/categories?post=1135"},{"taxonomy":"post_tag","embeddable":true,"href":"https:\/\/lavoiedessansvoix.fr\/lavoie\/wp-json\/wp\/v2\/tags?post=1135"}],"curies":[{"name":"wp","href":"https:\/\/api.w.org\/{rel}","templated":true}]}}