{"id":1134,"date":"2015-02-28T01:48:00","date_gmt":"2015-02-28T00:48:00","guid":{"rendered":"https:\/\/lavoiedessansvoix.fr\/lavoie\/2015\/02\/28\/archive-soutiens-a-jean-fran9ois-chazerans-post-sur-la-page-facebook-de-mon-ami-jean-pie\/"},"modified":"2015-02-28T01:48:00","modified_gmt":"2015-02-28T00:48:00","slug":"archive-soutiens-a-jean-fran9ois-chazerans-post-sur-la-page-facebook-de-mon-ami-jean-pie","status":"publish","type":"post","link":"https:\/\/lavoiedessansvoix.fr\/lavoie\/2015\/02\/28\/archive-soutiens-a-jean-fran9ois-chazerans-post-sur-la-page-facebook-de-mon-ami-jean-pie\/","title":{"rendered":"SOUTIENS A JEAN-FRAN9OIS CHAZERANS  (Post sur la page Facebook de mon ami Jean-Pierre)."},"content":{"rendered":"<p>SOUTIENS A JEAN-FRAN\u00c7OIS CHAZERANS  (Post sur la page Facebook de mon ami Jean-Pierre).   L&rsquo;actualit\u00e9 brulante nous interpelle. Quatre parlementaires Fran\u00e7ais militent pour renouer le dialogue avec le r\u00e9gime l\u00e9gal syrien de Bachar Al Assad. Alors, des hommes politiques Fran\u00e7ais, au plus haut sommet de l\u2019\u00c9tat, n&rsquo;ont pas de mots assez durs, pour fustiger ces partisans de la paix, et du dialogue. C&rsquo;est que ces \u00ab\u00a0responsables\u00a0\u00bb politiques, Pr\u00e9sident de la R\u00e9publique, Premier ministre, ancien Pr\u00e9sident, ont tous des responsabilit\u00e9s tr\u00e8s graves dans la gen\u00e8se de la situation catastrophique o\u00f9 se trouve \u00e0 pr\u00e9sent la quasi-totalit\u00e9 du Moyen-Orient arabe, et qu&rsquo;ils savent que le retour au dialogue et \u00e0 la diplomatie aurait pour effet de les mettre en accusation. .Sarkozy qui est responsable du Chaos o\u00f9 a \u00e9t\u00e9 pr\u00e9cipit\u00e9 la Libye, traite ces parlementaires de\u00a0\u00bb Gugusses\u00a0\u00bb, Hollande qui est coresponsable avec Obama, Cameron, le roi d&rsquo;Arabie et l&rsquo;Emir du Qatar de la catastrophe en Syrie, les accuse de discuter avec un \u00ab\u00a0dictateur\u00a0\u00bb et Valls surench\u00e9rit, \u00ab\u00a0un boucher\u00a0\u00bb. \u00ab\u00a0Le responsable d&rsquo;une guerre civile qui a fait Deux cent mille, deux cent mille morts\u00a0\u00bb nous dit Hollande. Mais monsieur le Pr\u00e9sident, on ne fait pas la guerre qu&rsquo;elle, qu&rsquo;elle soit, tout seul. Il y a toujours deux parties au conflit. Et la partie qui attaque le R\u00e9gime Syrien, c&rsquo;est le Front al-Nosra, Al Qa\u00efda, .l&rsquo;Etat islamique au levant, rebaptis\u00e9 Daesh. Vos amis, que vous appeliez l&rsquo;opposition d\u00e9mocratique syrienne, que vous, avec Obama et Cameron, avez soutenus, lev\u00e9s, recrut\u00e9, financ\u00e9s, entrain\u00e9s et arm\u00e9s, avec la complicit\u00e9 du roi d&rsquo;Arabie et de l&rsquo;Emir du Qatar, ce sont ceux-l\u00e0, les fous de Dieu, les coupeurs de t\u00eates.   En parfaite harmonie avec vos discours, de jeunes fran\u00e7ais sont all\u00e9s combattre \u00ab\u00a0le tyran\u00a0\u00bb que vous aviez d\u00e9sign\u00e9, et preuve de votre grande irresponsabilit\u00e9, tels des apprentis sorciers, vous prenez peur panique \u00e0 pr\u00e9sent de vos cr\u00e9atures, craigniez qu&rsquo;elles ne reviennent et fasse du d\u00e9g\u00e2t chez nous.   Voil\u00e0 pourquoi ces gens veulent faire taire toute critique, toute voix discordante. La moindre d&rsquo;entre elle qui trouverait le bout du fil et tirerait dessus ferait se d\u00e9rouler tout l&rsquo;\u00e9cheveau de leurs responsabilit\u00e9s criminelles  . Adh\u00e9rez \u00e0 l&rsquo;\u00e9motion. Comme un mainate r\u00e9p\u00e9tez autant que vous voulez: \u00ab\u00a0je suis Charlie ! Je suis Charlie!\u00a0\u00bb Vous \u00eates libre de r\u00e9p\u00e9ter sans les d\u00e9cortiquer les fadaises et mensonges que vous soufflent les pouvoirs et les m\u00e9dias \u00e0 leur solde, mais surtout ne r\u00e9fl\u00e9chissez pas, ne vous interrogez pas. Jean-Fran\u00e7ois Chazerans est professeur de philosophie. Son m\u00e9tier qu&rsquo;il prend au s\u00e9rieux c&rsquo;est de d\u00e9velopper le sens critique et le libre arbitre de ses \u00e9l\u00e8ves. C&rsquo;est pour le moins ce qu&rsquo;il croit et c&rsquo;est l\u00e0 son crime. \u00ab\u00a0La R\u00e9publique\u00a0\u00bb ne lui en demande pas tant, ce qu&rsquo;elle veut c&rsquo;est \u00ab\u00a0le formatage\u00a0\u00bb des esprits, le bourrage de cr\u00e2ne, la propagande et son pendant, la censure de guerre, que l&rsquo;on s&rsquo;en aille comme en quatorze, la fleur au fusil \u00ab\u00a0je suis Charlie\u00a0\u00bb porter \u00e0 coup de canon la civilisation aux barbares de l&rsquo;autre camp. N&rsquo;avez-vous pas remarqu\u00e9 que c&rsquo;est toujours l&rsquo;autre le \u00ab\u00a0barbare\u00a0\u00bb.  Je soutiens le sens critique et le libre arbitre, je soutiens Jean-Fran\u00e7ois Chazerans.   Patrick Seignon. \u00ab\u00a0lavoiedessansvoix.fr\u00a0\u00bb Vendredi 27 f\u00e9vrier 2015.<\/p>\n","protected":false},"excerpt":{"rendered":"<p>SOUTIENS A JEAN-FRAN\u00c7OIS CHAZERANS (Post sur la page Facebook de mon ami Jean-Pierre). L&rsquo;actualit\u00e9 brulante nous interpelle. Quatre parlementaires Fran\u00e7ais [&hellip;]<\/p>\n","protected":false},"author":1,"featured_media":0,"comment_status":"open","ping_status":"open","sticky":false,"template":"","format":"standard","meta":{"sfsi_plus_gutenberg_text_before_share":"","sfsi_plus_gutenberg_show_text_before_share":"","sfsi_plus_gutenberg_icon_type":"","sfsi_plus_gutenberg_icon_alignemt":"","sfsi_plus_gutenburg_max_per_row":"","site-sidebar-layout":"default","site-content-layout":"","ast-site-content-layout":"default","site-content-style":"default","site-sidebar-style":"default","ast-global-header-display":"","ast-banner-title-visibility":"","ast-main-header-display":"","ast-hfb-above-header-display":"","ast-hfb-below-header-display":"","ast-hfb-mobile-header-display":"","site-post-title":"","ast-breadcrumbs-content":"","ast-featured-img":"","footer-sml-layout":"","ast-disable-related-posts":"","theme-transparent-header-meta":"","adv-header-id-meta":"","stick-header-meta":"","header-above-stick-meta":"","header-main-stick-meta":"","header-below-stick-meta":"","astra-migrate-meta-layouts":"default","ast-page-background-enabled":"default","ast-page-background-meta":{"desktop":{"background-color":"var(--ast-global-color-4)","background-image":"","background-repeat":"repeat","background-position":"center center","background-size":"auto","background-attachment":"scroll","background-type":"","background-media":"","overlay-type":"","overlay-color":"","overlay-opacity":"","overlay-gradient":""},"tablet":{"background-color":"","background-image":"","background-repeat":"repeat","background-position":"center center","background-size":"auto","background-attachment":"scroll","background-type":"","background-media":"","overlay-type":"","overlay-color":"","overlay-opacity":"","overlay-gradient":""},"mobile":{"background-color":"","background-image":"","background-repeat":"repeat","background-position":"center center","background-size":"auto","background-attachment":"scroll","background-type":"","background-media":"","overlay-type":"","overlay-color":"","overlay-opacity":"","overlay-gradient":""}},"ast-content-background-meta":{"desktop":{"background-color":"var(--ast-global-color-5)","background-image":"","background-repeat":"repeat","background-position":"center center","background-size":"auto","background-attachment":"scroll","background-type":"","background-media":"","overlay-type":"","overlay-color":"","overlay-opacity":"","overlay-gradient":""},"tablet":{"background-color":"var(--ast-global-color-5)","background-image":"","background-repeat":"repeat","background-position":"center center","background-size":"auto","background-attachment":"scroll","background-type":"","background-media":"","overlay-type":"","overlay-color":"","overlay-opacity":"","overlay-gradient":""},"mobile":{"background-color":"var(--ast-global-color-5)","background-image":"","background-repeat":"repeat","background-position":"center center","background-size":"auto","background-attachment":"scroll","background-type":"","background-media":"","overlay-type":"","overlay-color":"","overlay-opacity":"","overlay-gradient":""}},"footnotes":""},"categories":[16],"tags":[],"class_list":["post-1134","post","type-post","status-publish","format-standard","hentry","category-archives-cms"],"_links":{"self":[{"href":"https:\/\/lavoiedessansvoix.fr\/lavoie\/wp-json\/wp\/v2\/posts\/1134","targetHints":{"allow":["GET"]}}],"collection":[{"href":"https:\/\/lavoiedessansvoix.fr\/lavoie\/wp-json\/wp\/v2\/posts"}],"about":[{"href":"https:\/\/lavoiedessansvoix.fr\/lavoie\/wp-json\/wp\/v2\/types\/post"}],"author":[{"embeddable":true,"href":"https:\/\/lavoiedessansvoix.fr\/lavoie\/wp-json\/wp\/v2\/users\/1"}],"replies":[{"embeddable":true,"href":"https:\/\/lavoiedessansvoix.fr\/lavoie\/wp-json\/wp\/v2\/comments?post=1134"}],"version-history":[{"count":0,"href":"https:\/\/lavoiedessansvoix.fr\/lavoie\/wp-json\/wp\/v2\/posts\/1134\/revisions"}],"wp:attachment":[{"href":"https:\/\/lavoiedessansvoix.fr\/lavoie\/wp-json\/wp\/v2\/media?parent=1134"}],"wp:term":[{"taxonomy":"category","embeddable":true,"href":"https:\/\/lavoiedessansvoix.fr\/lavoie\/wp-json\/wp\/v2\/categories?post=1134"},{"taxonomy":"post_tag","embeddable":true,"href":"https:\/\/lavoiedessansvoix.fr\/lavoie\/wp-json\/wp\/v2\/tags?post=1134"}],"curies":[{"name":"wp","href":"https:\/\/api.w.org\/{rel}","templated":true}]}}