{"id":1131,"date":"2015-03-04T03:27:00","date_gmt":"2015-03-04T02:27:00","guid":{"rendered":"https:\/\/lavoiedessansvoix.fr\/lavoie\/2015\/03\/04\/archive-israel-l-abces-purulent-de-la-guerre\/"},"modified":"2026-04-26T22:18:03","modified_gmt":"2026-04-26T20:18:03","slug":"archive-israel-l-abces-purulent-de-la-guerre","status":"publish","type":"post","link":"https:\/\/lavoiedessansvoix.fr\/lavoie\/2015\/03\/04\/archive-israel-l-abces-purulent-de-la-guerre\/","title":{"rendered":"ISRA\u00cbL, L\u2019ABC\u00c8S PURULENT DE LA GUERRE"},"content":{"rendered":"<p>ISRA\u00cbL, L\u2019ABC\u00c8S PURULENT DE LA GUERRE   Nous e\u00fbmes d\u00e9j\u00e0 l\u2019occasion de saluer la perspicacit\u00e9 de l\u2019Ayatollah Khamenei, nous nous devons de r\u00e9cidiver.  Le guide supr\u00eame de la r\u00e9volution Iranienne, l\u2019Ayatollah Ali Khamenei, a r\u00e9cemment \u00e9voqu\u00e9 la possibilit\u00e9 pour T\u00e9h\u00e9ran d\u2019user de \u00ab l\u2019arme \u00e9conomique \u00bb du gaz dont il est un des plus importants producteurs, en r\u00e9ponse \u00e0 d\u2019\u00e9ventuelles nouvelles  sanctions occidentales contre son pays. \u00ab L&rsquo;Iran pourrait couper ou r\u00e9duire les livraisons de gaz \u00e0 l&rsquo;Europe si l&rsquo;Occident durcit ses sanctions, a d\u00e9clar\u00e9 jeudi \u00e0 T\u00e9h\u00e9ran le guide supr\u00eame iranien, l&rsquo;ayatollah Ali Khamenei. \u00bbOr, ce n\u2019est pas par \u00ab pure m\u00e9chancet\u00e9 \u00bb ni tout \u00e0 fait par hasard, que le dirigeant Iranien c\u2019est livr\u00e9 maintenant \u00e0 cet exercice. C\u2019est en r\u00e9ponse \u00e0 la d\u00e9cision de l\u2019UE, \u00ab la semaine derni\u00e8re de r\u00e9inscrire la National Iranian Tanker Company (NITC) et l&rsquo;homme d&rsquo;affaires iranien Gholam-Hossein Golparvar sur la liste des entit\u00e9s et personnes faisant l&rsquo;objet de mesures restrictives. Le minist\u00e8re iranien des Affaires \u00e9trang\u00e8res a qualifi\u00e9 cette d\u00e9cision de \u00ab\u00a0d\u00e9marche politique contraire \u00e0 la nature des n\u00e9gociations sur le nucl\u00e9aire iranien\u00a0\u00bb. \u00bb   Cette d\u00e9cision, qui est une provocation en effet, a \u00e9t\u00e9 prise, on s\u2019en doute, sous la pression des isra\u00e9liens qui veulent faire capoter les n\u00e9gociations sur le nucl\u00e9aire iranien.   Aussi l&rsquo;ayatollah Khamenei a-t-il \u00e9mis des doutes \u00ab quant \u00e0 la possible lev\u00e9e des sanctions par l&rsquo;Occident en cas de succ\u00e8s des n\u00e9gociations sur le programme nucl\u00e9aire iranien. \u00ab\u00a0Je suis persuad\u00e9 que si nous faisons des concessions \u00e0 l&rsquo;Occident et c\u00e9dons aux pressions occidentales aux n\u00e9gociations, les sanctions seront maintenues, puisque les ennemis de l&rsquo;Iran sont hostiles \u00e0 l&rsquo;existence de la R\u00e9publique islamique\u00a0\u00bb.  Il a enti\u00e8rement raison de douter l\u2019Ayatollah Khamenei, des intentions r\u00e9elles du tandem isra\u00e9lo-am\u00e9ricain. Il va de soi que si le probl\u00e8me \u00e9tait v\u00e9ritablement celui du nucl\u00e9aire, la n\u00e9gociation suffirait \u00e0 le r\u00e9soudre. Mais le nucl\u00e9aire n\u2019est qu\u2019un pr\u00e9texte, comme l\u2019\u00e9taient les pr\u00e9tendues armes de destruction massives de Saddam Hussein. C\u2019est \u00e0 l\u2019int\u00e9grit\u00e9 territoriale de l\u2019Iran, \u00e0 son potentiel \u00e9conomique, \u00e0 l\u2019existence de la R\u00e9publique Islamique elle-m\u00eame, qu\u2019en veulent v\u00e9ritablement les \u00c9tats-Unis et Isra\u00ebl.  Les actuelles n\u00e9gociations sur le nucl\u00e9aire iranien n\u2019ont qu\u2019une fin tactique au regard des USA. Fissurer l\u2019unit\u00e9 Nationale Iranienne qui s\u2019\u00e9tait affirm\u00e9e autour de la question \u00ab du droit \u00bb national au nucl\u00e9aire, tenter de d\u00e9sengager l\u2019Iran de son soutien \u00e0 la Syrie de Bachar Al Assad et au Hezbollah libanais, gagner du temps pendant qu\u2019ils finissent de faire la peau \u00e0 ceux-ci, tels sont les objectifs que les USA assignent \u00e0 ces n\u00e9gociations. Puis l\u2019Iran enfin seul, ayant perdu ses derniers appuis r\u00e9gionaux et arabes, s\u2019occuper de son cas particulier, lui faire la peau \u00e0 son tour. Il va donc de soi, quand bien m\u00eame les n\u00e9gociations sur le nucl\u00e9aire aboutiraient \u00e0 un accord viable, que les USA et Isra\u00ebl trouveraient au moment opportun un pr\u00e9texte tout de m\u00eame \u00e0 leur action militaire contre la R\u00e9publique Islamique d\u2019Iran.  Dans le propos ci-dessus, l\u2019Ayatollah Khamenei, s\u2019en tient \u00e0 envisager le maintien des sanctions. Oui ou non, dirons-nous. Elles peuvent tr\u00e8s bien aussi \u00eatre lev\u00e9es, tout ou partie, pour convaincre l\u2019Iran de rentrer dans la nasse diplomatique o\u00f9 les USA voudraient bien l\u2019enfermer. Puis \u00eatre renouvel\u00e9es peu de temps apr\u00e8s comme un couperet, sous n\u2019importe quel pr\u00e9texte : pr\u00e9tendues entorses dans l\u2019application de l\u2019accord, ou le plus (usit\u00e9) et le plus r\u00e9curant, \u00ab menace pour la s\u00e9curit\u00e9 d\u2019Isra\u00ebl \u00bb, ou m\u00eame, soutien \u00e0 l\u2019opposition d\u00e9mocratique contre un r\u00e9gime autocratique, en cas de r\u00e9surgence naturelle ou provoqu\u00e9e, d\u2019une teille opposition. Mais les sanctions, maintenues, lev\u00e9es en totalit\u00e9 ou partiellement, r\u00e9introduites ou pas, ne sont qu\u2019un instrument dans les pr\u00e9paratifs de la guerre, qu\u2019au bout du compte, les USA comme Isra\u00ebl veulent faire \u00e0 la R\u00e9publique Islamique.  On a vu la semaine pass\u00e9e les tensions survenues entre Benyamin Netanyahou et Barak Obama, \u00e0 propos de l\u2019annonce de la visite actuellement en cours, du premier ministre Isra\u00e9lien aux USA, et concernant pr\u00e9cis\u00e9ment le \u00ab dossier Iranien \u00bb. Les USA sont impliqu\u00e9s dans les n\u00e9gociations qui pourrait d\u00e9boucher sur un accord sur le nucl\u00e9aire Iranien et donc sur une d\u00e9tente dans les relations de l\u2019occident avec ce pays. Or Isra\u00ebl ne veut pas de la d\u00e9tente, il veut la guerre. Mais qu\u2019on ne s\u2019y m\u00e9prenne pas. Les divergences entre les USA et Isra\u00ebl ne tiennent pas au fond de la question, celui de la guerre ou pas. Sur ce point-l\u00e0 ils sont en parfait accord : \u00ab \u2019il faut ou faudra faire la guerre \u00e0 la R\u00e9publique Islamique d\u2019Iran \u00bb. Leur diff\u00e9rend porte sur \u00ab le timing \u00bb. Les Isra\u00e9liens veulent la guerre au plus vite, tout de suite si possible. L\u2019administration Obama voudraient se donner du temps pour achever l\u2019isolement de l\u2019Iran redoutant avec l\u2019ouverture de ce nouveau front, de parachever l\u2019embrasement de tout le grand Moyen-Orient et de l\u2019Asie mineure et de cr\u00e9er ainsi une situation totalement incontr\u00f4lable.  Mais Isra\u00ebl inquiet de la r\u00e9sistance du r\u00e9gime de Bachar Al Assad craint que le temps au contraire ne joue contre eux, et qu\u2019en guise d\u2019isolement, le renforcement des alliances Russie\/Iran\/Chine ne finissent par consolider les positions et capacit\u00e9s militaires de celui-ci.  C\u2019est pourquoi Benyamin Netanyahou qui craint que la recherche d\u2019un accord sur le nucl\u00e9aire ne fasse perdre un temps pr\u00e9cieux \u00e0 son sens, est all\u00e9 dire ouvertement devant le Congr\u00e8s am\u00e9ricain, hier3 mars, qu\u2019il faut faire la guerre \u00e0 l\u2019Iran sans plus tarder.  Alors bien s\u00fbr, il y a ceux qui, nous ne cessons de le r\u00e9p\u00e9ter, veulent faire taire toute critique de la politique Isra\u00e9lienne au pr\u00e9texte que critiquer Isra\u00ebl ce serait de l\u2019antis\u00e9mitisme. Consciemment ou non, ceux-l\u00e0 sont complices des men\u00e9es bellicistes de l\u2019\u00c9tat d\u2019Isra\u00ebl et de ses alli\u00e9s am\u00e9ricains. Ce serait criminel dans de pareilles circonstances que de prendre peur et de se taire. Nous ne nous tairons pas.  Comment pourrait-on se taire quand le premier Ministre Isra\u00e9lien va aux USA pour pr\u00eacher la guerre au risque de pr\u00e9cipiter le monde dans le cataclysme d\u2019un troisi\u00e8me conflit mondial g\u00e9n\u00e9ralis\u00e9 ? Ce ne sont pas des intentions que nous pr\u00eatons \u00e0 Isra\u00ebl, mais bien la r\u00e9alit\u00e9 factuelle ind\u00e9niable. Les interventions de Benyamin Netanyahou le prouvent une nouvelle fois et doivent finir de convaincre ceux qui ne l\u2019\u00e9taient pas encore : la politique Isra\u00e9lienne, voil\u00e0 le danger du monde, voil\u00e0 l&rsquo;horrible menace, voil\u00e0 l\u2019abc\u00e8s purulent de la guerre qui contaminera la plan\u00e8te si on ne le neutralise au plus vite.  Patrick Seignon. \u00ab lavoiedessansvoix.fr \u00bb. Mercredi 4 mars 2015.<\/p>\n","protected":false},"excerpt":{"rendered":"<p>ISRA\u00cbL, L\u2019ABC\u00c8S PURULENT DE LA GUERRE Nous e\u00fbmes d\u00e9j\u00e0 l\u2019occasion de saluer la perspicacit\u00e9 de l\u2019Ayatollah Khamenei, nous nous devons [&hellip;]<\/p>\n","protected":false},"author":1,"featured_media":4883,"comment_status":"open","ping_status":"open","sticky":false,"template":"","format":"standard","meta":{"sfsi_plus_gutenberg_text_before_share":"","sfsi_plus_gutenberg_show_text_before_share":"","sfsi_plus_gutenberg_icon_type":"","sfsi_plus_gutenberg_icon_alignemt":"","sfsi_plus_gutenburg_max_per_row":"","site-sidebar-layout":"default","site-content-layout":"","ast-site-content-layout":"default","site-content-style":"default","site-sidebar-style":"default","ast-global-header-display":"","ast-banner-title-visibility":"","ast-main-header-display":"","ast-hfb-above-header-display":"","ast-hfb-below-header-display":"","ast-hfb-mobile-header-display":"","site-post-title":"","ast-breadcrumbs-content":"","ast-featured-img":"","footer-sml-layout":"","ast-disable-related-posts":"","theme-transparent-header-meta":"","adv-header-id-meta":"","stick-header-meta":"","header-above-stick-meta":"","header-main-stick-meta":"","header-below-stick-meta":"","astra-migrate-meta-layouts":"default","ast-page-background-enabled":"default","ast-page-background-meta":{"desktop":{"background-color":"var(--ast-global-color-4)","background-image":"","background-repeat":"repeat","background-position":"center center","background-size":"auto","background-attachment":"scroll","background-type":"","background-media":"","overlay-type":"","overlay-color":"","overlay-opacity":"","overlay-gradient":""},"tablet":{"background-color":"","background-image":"","background-repeat":"repeat","background-position":"center center","background-size":"auto","background-attachment":"scroll","background-type":"","background-media":"","overlay-type":"","overlay-color":"","overlay-opacity":"","overlay-gradient":""},"mobile":{"background-color":"","background-image":"","background-repeat":"repeat","background-position":"center center","background-size":"auto","background-attachment":"scroll","background-type":"","background-media":"","overlay-type":"","overlay-color":"","overlay-opacity":"","overlay-gradient":""}},"ast-content-background-meta":{"desktop":{"background-color":"var(--ast-global-color-5)","background-image":"","background-repeat":"repeat","background-position":"center center","background-size":"auto","background-attachment":"scroll","background-type":"","background-media":"","overlay-type":"","overlay-color":"","overlay-opacity":"","overlay-gradient":""},"tablet":{"background-color":"var(--ast-global-color-5)","background-image":"","background-repeat":"repeat","background-position":"center center","background-size":"auto","background-attachment":"scroll","background-type":"","background-media":"","overlay-type":"","overlay-color":"","overlay-opacity":"","overlay-gradient":""},"mobile":{"background-color":"var(--ast-global-color-5)","background-image":"","background-repeat":"repeat","background-position":"center center","background-size":"auto","background-attachment":"scroll","background-type":"","background-media":"","overlay-type":"","overlay-color":"","overlay-opacity":"","overlay-gradient":""}},"footnotes":""},"categories":[16],"tags":[],"class_list":["post-1131","post","type-post","status-publish","format-standard","has-post-thumbnail","hentry","category-archives-cms"],"_links":{"self":[{"href":"https:\/\/lavoiedessansvoix.fr\/lavoie\/wp-json\/wp\/v2\/posts\/1131","targetHints":{"allow":["GET"]}}],"collection":[{"href":"https:\/\/lavoiedessansvoix.fr\/lavoie\/wp-json\/wp\/v2\/posts"}],"about":[{"href":"https:\/\/lavoiedessansvoix.fr\/lavoie\/wp-json\/wp\/v2\/types\/post"}],"author":[{"embeddable":true,"href":"https:\/\/lavoiedessansvoix.fr\/lavoie\/wp-json\/wp\/v2\/users\/1"}],"replies":[{"embeddable":true,"href":"https:\/\/lavoiedessansvoix.fr\/lavoie\/wp-json\/wp\/v2\/comments?post=1131"}],"version-history":[{"count":1,"href":"https:\/\/lavoiedessansvoix.fr\/lavoie\/wp-json\/wp\/v2\/posts\/1131\/revisions"}],"predecessor-version":[{"id":4884,"href":"https:\/\/lavoiedessansvoix.fr\/lavoie\/wp-json\/wp\/v2\/posts\/1131\/revisions\/4884"}],"wp:featuredmedia":[{"embeddable":true,"href":"https:\/\/lavoiedessansvoix.fr\/lavoie\/wp-json\/wp\/v2\/media\/4883"}],"wp:attachment":[{"href":"https:\/\/lavoiedessansvoix.fr\/lavoie\/wp-json\/wp\/v2\/media?parent=1131"}],"wp:term":[{"taxonomy":"category","embeddable":true,"href":"https:\/\/lavoiedessansvoix.fr\/lavoie\/wp-json\/wp\/v2\/categories?post=1131"},{"taxonomy":"post_tag","embeddable":true,"href":"https:\/\/lavoiedessansvoix.fr\/lavoie\/wp-json\/wp\/v2\/tags?post=1131"}],"curies":[{"name":"wp","href":"https:\/\/api.w.org\/{rel}","templated":true}]}}