{"id":1130,"date":"2015-03-09T03:19:00","date_gmt":"2015-03-09T02:19:00","guid":{"rendered":"https:\/\/lavoiedessansvoix.fr\/lavoie\/2015\/03\/09\/archive-le-vrai-sens-du-discours-hysterique-de-netanyahou\/"},"modified":"2026-04-26T22:17:55","modified_gmt":"2026-04-26T20:17:55","slug":"archive-le-vrai-sens-du-discours-hysterique-de-netanyahou","status":"publish","type":"post","link":"https:\/\/lavoiedessansvoix.fr\/lavoie\/2015\/03\/09\/archive-le-vrai-sens-du-discours-hysterique-de-netanyahou\/","title":{"rendered":"LE VRAI SENS DU DISCOURS HYST\u00c9RIQUE DE NETANYAHOU"},"content":{"rendered":"<p>LE VRAI SENS DU DISCOURS HYST\u00c9RIQUE DE NETANYAHOU   Le premier Ministre Isra\u00e9lien c\u2019est fendu sans fr\u00e9mir des propos qui suivent :   Parlant de l\u2019Iran \u00ab \u00ab  Un r\u00e9gime mena\u00e7ant, \u00ab non seulement Isra\u00ebl, mais la paix du monde \u00bb. Un \u00ab r\u00e9gime plus radical que jamais \u00bb, qui a d\u00e9j\u00e0 \u00ab d\u00e9vor\u00e9 \u00bb quatre pays (l\u2019Irak, la Syrie, le Liban et le Y\u00e9men) et qui \u00ab sera toujours un ennemi de l\u2019Am\u00e9rique \u00bb. O\u00f9 il n\u2019h\u00e9site pas \u00e0 pr\u00e9senter l\u2019Iran agress\u00e9 comme l\u2019agresseur. O\u00f9 il ne craint pas d\u2019\u00e9noncer des mensonges et contre-v\u00e9rit\u00e9s aussi \u00e9normes que la soi-disant responsabilit\u00e9 de l\u2019Iran dans le sort fait \u00e0 l\u2019Irak, la Syrie ou le Y\u00e9men, quand chacun sait que l\u2019Irak a \u00e9t\u00e9 d\u2019abord la victime de l\u2019intervention militaire am\u00e9ricaine directe, que la Syrie et le Y\u00e9men ont \u00e9t\u00e9, comme la Libye, des victimes des pr\u00e9tendues r\u00e9volutions d\u00e9mocratiques \u00ab du printemps arabe \u00bb, tous \u00e9v\u00e8nements auxquels l\u2019Iran n\u2019a aucune part. En v\u00e9rit\u00e9 des agressions ext\u00e9rieures commandit\u00e9es par les USA avec la complicit\u00e9 du Qatar et de l\u2019Arabie Saoudite, et la contribution active de l\u2019Angleterre et de la France. Comment dans ces conditions peut-on, comme Monsieur Netanyahou le fait, oser \u00e9noncer de tels mensonges, sinon sous l\u2019empire de la rage et de l\u2019hyst\u00e9rie meurtri\u00e8re.  \u00ab Le premier ministre isra\u00e9lien a ajout\u00e9 que la bataille en cours en Irak entre l\u2019\u00c9tat islamique et l\u2019Iran ne visait qu\u2019\u00e0 d\u00e9partager celui qui serait le mieux \u00e0 m\u00eame d\u2019imposer \u00ab l\u2019islamisme \u00bb et \u00ab la terreur \u00bb. Mais Monsieur Netanyahou aurait-t-il oubli\u00e9 que cette bataille ne se r\u00e9sume pas \u00e0 l\u2019engagement de l\u2019Iran contre l\u2019EI  mais qu\u2019elle concerne aussi les Kurdes Irakiens, et la \u00ab coalition occidentale \u00bb ? Comment peut-il avoir l\u2019incongruit\u00e9 d\u2019occulter cette r\u00e9alit\u00e9, que ce sont les occidentaux le Qatar et l\u2019Arabie Saoudite, qui ont g\u00e9n\u00e9r\u00e9 le monstre \u00ab EI \u00bb qu\u2019ils sont contraint de combattre aujourd\u2019hui, et que ce monstre qui leur \u00e9chappe en partie, ils l\u2019avaient pr\u00e9cis\u00e9ment con\u00e7u et arm\u00e9 \u00ab\u00a0de pied en cap\u00a0\u00bb pour faire la guerre au \u00ab chiisme \u00bb, c\u2019est-\u00e0-dire \u00e0 leur sens \u00e0 la Syrie au Hezbollah et \u00e0 l\u2019Iran. Comment peut-on reprocher dans ces conditions, sans une immense dose de mauvaise foi, l\u2019engagement de l\u2019Iran pour combattre les l\u00e9gions de l\u2019Apocalypse que l\u2019Occident avait sp\u00e9cialement invent\u00e9es pour l\u2019ex\u00e9cuter ?  \u00ab Dans cette situation, l\u2019ennemi de votre ennemi est votre ennemi \u00bb, a tonn\u00e9 M. N\u00e9tanyahou, qui s\u2019est ensuite attach\u00e9 \u00e0 prouver que le projet d\u2019accord (toujours en discussion) entre l\u2019Iran et les grandes puissances \u00ab garantit \u00bb selon lui que l\u2019Iran parviendra au cocktail destructeur qui allie \u00ab l\u2019islamisme militant \u00e0 l\u2019arme nucl\u00e9aire \u00bb et qu\u2019on ne doit pas \u00ab tol\u00e9rer \u00bb.  Mais qu\u2019est-ce que c\u2019est que cet embrouillamini ? En quoi l\u2019Islamisme et le nucl\u00e9aire formeraient-ils un cocktail plus destructeur que \u00ab le sionisme et le nucl\u00e9aire \u00bb ? Car l\u2019arrogance guerri\u00e8re d\u2019Isra\u00ebl ne tient-elle pas pour une part \u00e0 ceci, que cette nation de 6 millions d\u2019\u00e2mes poss\u00e8de l\u2019arme nucl\u00e9aire ? Qu\u2019est-ce que c\u2019est que cet amalgame insultant entre l\u2019islamisme radical sunnite instrumentalis\u00e9 par les Monarchies arabes et l\u2019imp\u00e9rialisme occidental, et la R\u00e9publique Islamique d\u2019Iran, chiite, qui n\u2019a jamais eu recours aux m\u00e9thodes terroristes ni \u00e0 l\u2019intervention ext\u00e9rieure, contrairement \u00e0 Isra\u00ebl, ses missiles et ses drones ; Qui n\u2019a jamais bombard\u00e9 personne hors de ses fronti\u00e8res sinon contrainte par les circonstances qu\u2019on lui a impos\u00e9es comme durant la guerre Iran\/Irak, o\u00f9 \u00e0 pr\u00e9sent avec l\u2019agression occidentale contre la Syrie et l\u2019apparition de l\u2019EI. Et cela, encore une fois, contrairement \u00e0 Isra\u00ebl, qui s\u2019arroge le droit de bombarder n\u2019importe quel pays de la r\u00e9gion, comme il le fit en Tunisie, comme il le fait en Syrie, \u00e0 Gaza ou au Liban. Comment peut-on vouloir interdire l\u2019acc\u00e8s \u00e0 la \u00ab dissuasion nucl\u00e9aire \u00bb \u00e0 une Nation plus vaste et plus peupl\u00e9e que la France, et qui a toutes raisons de se sentir en danger, vu qu\u2019elle fait depuis trente ans l\u2019objet de toutes les manigances agressives et les rh\u00e9toriques guerri\u00e8re d\u2019Isra\u00ebl et des USA. En quoi la possession de l\u2019arme nucl\u00e9aire par la R\u00e9publique Islamique d\u2019Iran \u00bb serait-il un cocktail plus destructeur que sa possession par \u00ab la d\u00e9mocratie am\u00e9ricaine \u00bb ? Car jusqu\u2019\u00e0 preuve du contraire, les seuls malades, jusqu\u2019ici, qui ont os\u00e9 faire usage de l\u2019arme nucl\u00e9aire, \u00e0 peine la poss\u00e9dait-ils, ce sont tout de m\u00eame les grands d\u00e9mocrates am\u00e9ricains. Et ce sont eux encore \u00e0 pr\u00e9sent, qui usent et abusent de leur pr\u00e9dominance militaire et nucl\u00e9aire pour faire r\u00e9gner la terreur et imposer leur loi au monde.  Le premier ministre isra\u00e9lien a invit\u00e9 son auditoire \u00ab \u00e0 ne pas r\u00e9p\u00e9ter les erreurs du pass\u00e9 \u00bb, tout en affirmant que \u00ab les jours o\u00f9 les juifs restaient passifs face au g\u00e9nocide sont r\u00e9volus \u00bb. \u00ab Nous, les juifs, pouvons, nous d\u00e9fendre nous-m\u00eames \u00bb, \u00ab mais je sais que l\u2019Am\u00e9rique se tiendra aux c\u00f4t\u00e9s d\u2019Isra\u00ebl \u00bb, a conclu M. N\u00e9tanyahou.   O\u00f9 l\u2019on voit que le provocateur Netanyahou roule surtout des m\u00e9caniques parce qu\u2019il sait pouvoir compter, quoiqu\u2019en disent certains, sur le soutien sans faille des USA, dont il ne rechigne pas \u00e0 abuser en les mettant en demeure de couvrir sa politique belliciste.  \u00ab On ne parie pas avec notre futur et celui de nos enfants \u00bb, a poursuivi le premier ministre, qui a demand\u00e9 qu\u2019il soit exig\u00e9 de l\u2019Iran l\u2019arr\u00eat \u00ab de ses agressions vis-\u00e0-vis de ses voisins et du Moyen-Orient \u00bb, de son soutien au terrorisme et qu\u2019il cesse \u00ab de menacer d\u2019annihiler mon pays \u00bb. Cet homme est plus qu\u2019un menteur cynique, c\u2019est un terrible fou.  Isra\u00ebl intervient massivement contre le petit territoire martyre de Gaza, bombarde des objectifs en Syrie, tue dans des attentats multiples des scientifiques et ing\u00e9nieurs en charge du programme nucl\u00e9aire de l\u2019Iran, les pays occidentaux avec les complicit\u00e9s d\u2019Isra\u00ebl, de l\u2019Arabie Saoudite et du Qatar, recrutent et lancent des hordes terroristes pour mette la Syrie \u00e0 feu et \u00e0 sang, et il faudrait demander \u00e0 l\u2019Iran de \u00ab cesser ses agressions \u00bb, et c\u2019est lui, une des victimes, qui le combattent, qui serait accus\u00e9 de \u00ab soutien au terrorisme ? \u00bb   Cessez donc vous-m\u00eames vos agressions et votre propre soutien, il faudrait dire \u00ab recours \u00bb au terrorisme  messieurs d\u2019Isra\u00ebl et d\u2019Occident, et ravalez votre morgue arrogante !   \u00ab Ce ne sera pas un adieu aux armes mais un adieu au contr\u00f4le des armes \u00bb, avait ass\u00e9n\u00e9 Monsieur Netanyahou : \u00ab un Moyen-Orient nucl\u00e9aris\u00e9 \u00bb et \u00ab une fois qu\u2019on sera au bout de la route, le compte \u00e0 rebours pour un cauchemar nucl\u00e9aire \u00bb.  Mais le compte \u00e0 rebours, pour le cauchemar de la guerre n\u2019est-ce pas cette politique folle et agressive d\u2019Isra\u00ebl qui le cadence ? N\u2019est-ce pas Isra\u00ebl qui veut ainsi clairement pr\u00e9cipiter toute la r\u00e9gion et probablement le monde dans la guerre ? Si la menace isra\u00e9lienne cessait, si l\u2019agression Am\u00e9ricano-isra\u00e9lienne, qui vise \u00e0 balkaniser le Moyen-Orient pour mieux le placer sous tutelle am\u00e9ricaine et sous la f\u00e9rule d\u2019Isra\u00ebl, cessait, la menace induite ne cesserait-elle pas ? Car si par quelques raisons l\u2019Iran constitue v\u00e9ritablement une menace pour Isra\u00ebl, n\u2019est-ce pas dans la seule mesure o\u00f9 il est contraint de se mettre en d\u00e9fense contre les intentions belliqueuses du pitbull enrag\u00e9 de l\u2019Am\u00e9rique, ici si clairement assum\u00e9es et revendiqu\u00e9es par Benyamin Netanyahou ? Et si c\u2019\u00e9tait tout le contraire, si la possession de la dissuasion nucl\u00e9aire par l\u2019Iran faisait taire d\u00e9finitivement la rh\u00e9torique guerri\u00e8re des Netanyahou et consorts, ne se r\u00e9v\u00e8lerait-elle pas comme un facteur de paix et d\u2019apaisement dans la r\u00e9gion ?  Alors, ce discours hyst\u00e9rique qui devrait faire fr\u00e9mir de terreur les gens normaux et glacer les  sangs des peuples, qui vaudrait \u00e0 tout autre la condamnation unanime \u00ab de la communaut\u00e9 internationale \u00bb, comme ils disent ; ils s\u2019efforcent de nous l\u2019empaqueter de mani\u00e8re pr\u00e9sentable, la fureur guerri\u00e8re d\u2019Isra\u00ebl Netanyahou, ils s\u2019efforce d\u2019en amortir le sens et la port\u00e9e. Il conviendrait de ne pas s\u2019alarmer trop, veulent-ils nous faire accroire, Benyamin Netanyahou est en campagne \u00e9lectorale et ceci  explique cela, explique sa propension \u00e0 la surench\u00e8re guerri\u00e8re Et puis, ne r\u00e9p\u00e8te-t-il pas les m\u00eames choses depuis pr\u00e8s de vingt ans, ne s\u2019est-il pas d\u00e9j\u00e0 tromp\u00e9 dans le pass\u00e9 \u00e0 propos de l\u2019imminence de la menace iranienne ? Enfin, de toute fa\u00e7on n\u2019est-il pas en froid avec la maison Blanche ? \u00ab Vivement critiqu\u00e9 pour avoir organis\u00e9 sa visite avec le \u00ab speaker \u00bb r\u00e9publicain de la Chambre des repr\u00e9sentants, John Boehner, dans le dos de la Maison Blanche, M. N\u00e9tanyahou entretient de notori\u00e9t\u00e9 publique des relations glaciales avec le pr\u00e9sident Barack Obama. \u00bb Est-il ainsi \u00e9crit dans \u00ab Le Monde.fr \u00bb en date du 3 mars 2015. Des commentateurs vont m\u00eame jusqu\u2019\u00e0 parler &#8211; le grand mot (ndlr) &#8211; de \u00ab fracture au congr\u00e8s am\u00e9ricain o\u00f9 le discours a \u00e9t\u00e9 Boycott\u00e9 &#8211; seulement (ndlr) &#8211; par 4o \u00e9lus de la chambre des repr\u00e9sentants et 8 s\u00e9nateurs et diverses personnalit\u00e9s dont Barak Obama. Dans ces conditions il conviendrait de ne pas apporter une trop grande attention \u00e0 l\u2019hyst\u00e9rie guerri\u00e8re de Netanyahou, qui ne concernerait que lui et ne pr\u00e9sente donc gu\u00e8re de danger r\u00e9el. N\u2019est-elle pas \u00e9tonnante la bonne disposition des m\u00e9dias Occidentaux \u00e0 l\u2019\u00e9gard de Mr Netanyahou ? Eux qui eurent baptis\u00e9 du nom infamant de \u00ab nouvel Hitler \u00bb tout autre, non juif, imaginez par exemple Assad ou Ahmadinejad, se fut permis de tenir un discours \u00e9quivalent.  Revenons donc, sans voile, aux r\u00e9alit\u00e9s angoissantes et cruelles. Cet homme veut la guerre, mais cet homme n\u2019est pas un quelconque quidam, c\u2019est le premier ministre de l\u2019\u00c9tat d\u2019Isra\u00ebl au nom duquel l\u2019Occident a justifi\u00e9es toutes les guerres du Moyen-Orient depuis 1947. Il convient de ne pas prendre par-dessus la jambe les discours hyst\u00e9riques de Benyamin Netanyahou, au pr\u00e9texte qu\u2019il r\u00e9p\u00e8te les m\u00eames depuis vingt ans \u00e0 intervalles r\u00e9guliers ou \u00e0 la raison que le contexte de campagne \u00e9lectorale l\u00e9gislatives en Isra\u00ebl  expliquerait une certaine propension \u00e0 la surench\u00e8re. La campagne d\u2019hyst\u00e9rie quasi plan\u00e9taire, au pr\u00e9texte de la \u00ab s\u00e9curit\u00e9 d\u2019Isra\u00ebl \u00bb, qui conduisit \u00e0 la destruction de l\u2019Irak par un embargo et deux guerres \u00e0 dix ans d\u2019intervalles, dura aussi plusieurs d\u00e9cennies au bout desquelles Isra\u00ebl parvint \u00e0 ses fins. Durant cette p\u00e9riode on entendit souvent le reproche fait \u00e0 Georges Bush \u00ab s\u00e9nior \u00bb de n\u2019avoir pas en 1991 pouss\u00e9 l\u2019avantage jusqu\u2019\u00e0 Bagdad et la pusillanimit\u00e9 suppos\u00e9 de l\u2019administration am\u00e9ricaine qui ne voulait \u00ab pas finir le bouleau \u00bb en pr\u00e9cipitant la chute de Saddam Hussein. La suite a prouv\u00e9 combien ces all\u00e9gations manquaient de fondements et leurs auteurs de jugement. Quant \u00e0 la campagne \u00e9lectorale, nous ne voyons pas en quoi le fait de devoir satisfaire les app\u00e9tits bellicistes d\u2019un corps \u00e9lectoral d\u00e9montrerait que le discours est de peu de cons\u00e9quence. Quand c\u2019est tout un peuple, ou pour le moins une large fraction de celui-ci, qui adh\u00e8re \u00e0 l\u2019Hyst\u00e9rie guerri\u00e8re de ses dirigeants, c\u2019est le contraire qui nous parait vrai.  Netanyahou est sans nul doute un fou et un malade comme le furent dans le pass\u00e9 et comme le sont au pr\u00e9sent la plupart de ceux qui ne rechignent pas \u00e0 envisager froidement  le sacrifice de millions d\u2019hommes \u00e0 une cause, injuste de surcroit. Mais il est surtout le premier Ministre de ce petit \u00c9tat parano\u00efaque et belliqueux, alli\u00e9 privil\u00e9gi\u00e9 de la premi\u00e8re puissance militaire mondiale et qui sert fid\u00e8lement les int\u00e9r\u00eats de celle-ci. Les paroles d\u2019Isra\u00ebl ne sont pas des paroles en l\u2019air, comme le roulement du tonnerre qui annonce l\u2019orage, ce sont les pr\u00e9 annonces de la foudre imp\u00e9rialiste.  Les simulacres de f\u00e2cheries entre le Pr\u00e9sident am\u00e9ricain et le premier ministre Isra\u00e9lien, sont de simples pr\u00e9cautions tactiques de fa\u00e7ade pour pr\u00e9server la cr\u00e9dibilit\u00e9 des n\u00e9gociations en cours sur le nucl\u00e9aire iranien. Elles  ne doivent pas \u00e9garer le bon sens, ni amortir la vigilance des peuples.   N\u2019oubliez pas que Benyamin Netanyahou est all\u00e9 pour prononcer son discours de haine, devant le Congr\u00e8s am\u00e9ricain, \u00e0 la demande du Parti R\u00e9publicain, sur fond de Chaos au Moyen-Orient et de multiplication des foyers de guerre, et dans un contexte de fin de mandat de  Barak Obama et de pr\u00e9campagne \u00e9lectorale pr\u00e9sidentielle aux USA. L\u2019alternance am\u00e9ricaine fonctionne depuis la nuit des temps avec la r\u00e9gularit\u00e9 d\u2019un coucou d\u2019Horloge, un d\u00e9mocrate succ\u00e9dant toujours \u00e0 un R\u00e9publicain ou un R\u00e9publicain \u00e0 un d\u00e9mocrate \u00bb, au terme des 2 mandats \u00ab statutaires \u00bb du sortant. En toute logique, un R\u00e9publicain succ\u00e9dera \u00e0 Obama en 2016 &#8211;  soit, l\u2019ann\u00e9e prochaine ! &#8211;  et c\u2019est la campagne \u00e9lectorale am\u00e9ricaine qui conduira \u00e0 l\u2019\u00e9lection du prochain pr\u00e9sident des \u00c9tats-Unis qui a ainsi \u00e9t\u00e9 plac\u00e9e sous le signe de \u00ab la guerre n\u00e9cessaire \u00e0 l\u2019Iran \u00bb.  Patrick Seignon. \u00ab lavoiedessansvoix.fr \u00bb.Lundi 9 mars 2015.<\/p>\n","protected":false},"excerpt":{"rendered":"<p>LE VRAI SENS DU DISCOURS HYST\u00c9RIQUE DE NETANYAHOU Le premier Ministre Isra\u00e9lien c\u2019est fendu sans fr\u00e9mir des propos qui suivent [&hellip;]<\/p>\n","protected":false},"author":1,"featured_media":4881,"comment_status":"open","ping_status":"open","sticky":false,"template":"","format":"standard","meta":{"sfsi_plus_gutenberg_text_before_share":"","sfsi_plus_gutenberg_show_text_before_share":"","sfsi_plus_gutenberg_icon_type":"","sfsi_plus_gutenberg_icon_alignemt":"","sfsi_plus_gutenburg_max_per_row":"","site-sidebar-layout":"default","site-content-layout":"","ast-site-content-layout":"default","site-content-style":"default","site-sidebar-style":"default","ast-global-header-display":"","ast-banner-title-visibility":"","ast-main-header-display":"","ast-hfb-above-header-display":"","ast-hfb-below-header-display":"","ast-hfb-mobile-header-display":"","site-post-title":"","ast-breadcrumbs-content":"","ast-featured-img":"","footer-sml-layout":"","ast-disable-related-posts":"","theme-transparent-header-meta":"","adv-header-id-meta":"","stick-header-meta":"","header-above-stick-meta":"","header-main-stick-meta":"","header-below-stick-meta":"","astra-migrate-meta-layouts":"default","ast-page-background-enabled":"default","ast-page-background-meta":{"desktop":{"background-color":"var(--ast-global-color-4)","background-image":"","background-repeat":"repeat","background-position":"center center","background-size":"auto","background-attachment":"scroll","background-type":"","background-media":"","overlay-type":"","overlay-color":"","overlay-opacity":"","overlay-gradient":""},"tablet":{"background-color":"","background-image":"","background-repeat":"repeat","background-position":"center center","background-size":"auto","background-attachment":"scroll","background-type":"","background-media":"","overlay-type":"","overlay-color":"","overlay-opacity":"","overlay-gradient":""},"mobile":{"background-color":"","background-image":"","background-repeat":"repeat","background-position":"center center","background-size":"auto","background-attachment":"scroll","background-type":"","background-media":"","overlay-type":"","overlay-color":"","overlay-opacity":"","overlay-gradient":""}},"ast-content-background-meta":{"desktop":{"background-color":"var(--ast-global-color-5)","background-image":"","background-repeat":"repeat","background-position":"center center","background-size":"auto","background-attachment":"scroll","background-type":"","background-media":"","overlay-type":"","overlay-color":"","overlay-opacity":"","overlay-gradient":""},"tablet":{"background-color":"var(--ast-global-color-5)","background-image":"","background-repeat":"repeat","background-position":"center center","background-size":"auto","background-attachment":"scroll","background-type":"","background-media":"","overlay-type":"","overlay-color":"","overlay-opacity":"","overlay-gradient":""},"mobile":{"background-color":"var(--ast-global-color-5)","background-image":"","background-repeat":"repeat","background-position":"center center","background-size":"auto","background-attachment":"scroll","background-type":"","background-media":"","overlay-type":"","overlay-color":"","overlay-opacity":"","overlay-gradient":""}},"footnotes":""},"categories":[16],"tags":[],"class_list":["post-1130","post","type-post","status-publish","format-standard","has-post-thumbnail","hentry","category-archives-cms"],"_links":{"self":[{"href":"https:\/\/lavoiedessansvoix.fr\/lavoie\/wp-json\/wp\/v2\/posts\/1130","targetHints":{"allow":["GET"]}}],"collection":[{"href":"https:\/\/lavoiedessansvoix.fr\/lavoie\/wp-json\/wp\/v2\/posts"}],"about":[{"href":"https:\/\/lavoiedessansvoix.fr\/lavoie\/wp-json\/wp\/v2\/types\/post"}],"author":[{"embeddable":true,"href":"https:\/\/lavoiedessansvoix.fr\/lavoie\/wp-json\/wp\/v2\/users\/1"}],"replies":[{"embeddable":true,"href":"https:\/\/lavoiedessansvoix.fr\/lavoie\/wp-json\/wp\/v2\/comments?post=1130"}],"version-history":[{"count":1,"href":"https:\/\/lavoiedessansvoix.fr\/lavoie\/wp-json\/wp\/v2\/posts\/1130\/revisions"}],"predecessor-version":[{"id":4882,"href":"https:\/\/lavoiedessansvoix.fr\/lavoie\/wp-json\/wp\/v2\/posts\/1130\/revisions\/4882"}],"wp:featuredmedia":[{"embeddable":true,"href":"https:\/\/lavoiedessansvoix.fr\/lavoie\/wp-json\/wp\/v2\/media\/4881"}],"wp:attachment":[{"href":"https:\/\/lavoiedessansvoix.fr\/lavoie\/wp-json\/wp\/v2\/media?parent=1130"}],"wp:term":[{"taxonomy":"category","embeddable":true,"href":"https:\/\/lavoiedessansvoix.fr\/lavoie\/wp-json\/wp\/v2\/categories?post=1130"},{"taxonomy":"post_tag","embeddable":true,"href":"https:\/\/lavoiedessansvoix.fr\/lavoie\/wp-json\/wp\/v2\/tags?post=1130"}],"curies":[{"name":"wp","href":"https:\/\/api.w.org\/{rel}","templated":true}]}}