{"id":113,"date":"2024-12-03T13:12:18","date_gmt":"2024-12-03T12:12:18","guid":{"rendered":"https:\/\/lavoiedessansvoix.fr\/lavoie\/?p=113"},"modified":"2026-04-26T14:19:40","modified_gmt":"2026-04-26T12:19:40","slug":"face-a-la-guerre","status":"publish","type":"post","link":"https:\/\/lavoiedessansvoix.fr\/lavoie\/2024\/12\/03\/face-a-la-guerre\/","title":{"rendered":"FACE A LA GUERRE"},"content":{"rendered":"\n<figure class=\"wp-block-image aligncenter size-large is-resized\"><img decoding=\"async\" width=\"1024\" height=\"512\" src=\"https:\/\/lavoiedessansvoix.fr\/lavoie\/wp-content\/uploads\/2024\/12\/politique-union-nationale-2919291-jpg_2561265_1250x625-1024x512.jpg\" alt=\"\" class=\"wp-image-117\" style=\"width:581px;height:auto\" srcset=\"https:\/\/lavoiedessansvoix.fr\/lavoie\/wp-content\/uploads\/2024\/12\/politique-union-nationale-2919291-jpg_2561265_1250x625-1024x512.jpg 1024w, https:\/\/lavoiedessansvoix.fr\/lavoie\/wp-content\/uploads\/2024\/12\/politique-union-nationale-2919291-jpg_2561265_1250x625-300x150.jpg 300w, https:\/\/lavoiedessansvoix.fr\/lavoie\/wp-content\/uploads\/2024\/12\/politique-union-nationale-2919291-jpg_2561265_1250x625-768x384.jpg 768w, https:\/\/lavoiedessansvoix.fr\/lavoie\/wp-content\/uploads\/2024\/12\/politique-union-nationale-2919291-jpg_2561265_1250x625.jpg 1250w\" sizes=\"(max-width: 1024px) 100vw, 1024px\" \/><\/figure>\n\n\n\n<h4 class=\"wp-block-heading has-text-align-center\">1914, quand les Fran\u00e7ais faisaient l&rsquo;Union sacr\u00e9e<\/h4>\n\n\n\n<p><\/p>\n\n\n\n<p><strong>L\u2019EFFONDREMENT POLITIQUE ET MORAL DE LA \u00ab&nbsp;GAUCHE&nbsp;\u00bb<\/strong><\/p>\n\n\n\n<p>Des manifestations, contre la guerre et pour la paix, avaient lieu dimanche 1<sup>er<\/sup> d\u00e9cembre \u00e0 Paris et dans au moins 15 autres villes de France. Appel\u00e9e par \u00ab&nbsp;Les patriotes&nbsp;\u00bb de Florian Philippot. Auxquelles s\u2019\u00e9taient joints d\u2019autres partis ou mouvements politiques gaullistes, souverainistes et diverses associations. \u00ab&nbsp;Apocalypse non&nbsp;\u00bb avait pris, elle aussi, la d\u00e9cision, lourde de sens, de se joindre \u00e0 la manifestation de Paris.<\/p>\n\n\n\n<p>Pourquoi une telle d\u00e9cision&nbsp;? En voil\u00e0 l\u2019explication.<\/p>\n\n\n\n<p>Il y en aura d\u2019autres, plus nombreuses et massives, jusqu\u2019\u00e0 l\u2019obtention du limogeage d\u2019Emmanuel Macron.<\/p>\n\n\n\n<p>Il y avait donc hier en France des manifestations contre la guerre et pour la paix&nbsp;; Mais paradoxalement les organisations et partis politiques de gauche, les syndicats de salari\u00e9s brillaient par leur absence.<\/p>\n\n\n\n<p>Des organisations qui pr\u00e9tendent repr\u00e9senter le peuple, le peuple qui est toujours la victime des guerres, comment se peut-il qu\u2019elles soient absentes de mobilisation contre la guerre et pour la paix.<\/p>\n\n\n\n<p>Ces m\u00eames organisations vous r\u00e9pondront qu\u2019elles ont fait leur travail, qu\u2019elles ont appel\u00e9 \u00e0 de nombreuses manifestations en tous genre, pour la paix. C\u2019est vrai, je suis all\u00e9 \u00e0 plusieurs. Toutes insignifiantes, quelques dizaines de pr\u00e9sents, parfois moins. Et ce sont des manifestations \u00ab&nbsp;pour la Paix&nbsp;\u00bb avec un grand \u00ab&nbsp;P&nbsp;\u00bb. Des revendications Bisounours, des v\u0153ux pieux qui n&rsquo;engagent \u00e0 rien. Tous les Papes de tous temps en ont fait de semblables (Pacem in terris) cependant que leurs \u00ab&nbsp;officiers g\u00e9n\u00e9raux&nbsp;\u00bb les \u00e9v\u00eaques b\u00e9nissaient les canons de part et d\u2019autre de la ligne de front. Des v\u0153ux pieux que contredisent leurs positions sur le fond, puisqu\u2019ils veulent soutenir l\u2019Ukraine pour qu\u2019elle puisse poursuivre sa guerre avec la Russie. La paix et la poursuite de la guerre sont des choses parfaitement contradictoires. Mais cela ne semble pas les d\u00e9ranger outre mesure.<\/p>\n\n\n\n<p>Dormaient-elles&nbsp;?<\/p>\n\n\n\n<p>Les organisations et partis de gauche fran\u00e7ais ce sont r\u00e9veill\u00e9s \u00e0 ce qu\u2019il semble le 22 f\u00e9vrier 2022 au bruit de l\u2019intervention militaire russe en Ukraine. L\u2019histoire, tout au moins cette s\u00e9quence de l\u2019Histoire, qu\u2019est la brouille russo-ukrainienne, commence pour elles \u00e0 cette date. Ainsi ce serait Poutine qui \u00ab&nbsp;aurait commenc\u00e9&nbsp;\u00bb Sans autre raison que son agressivit\u00e9 naturelle.et ses desseins imp\u00e9rialistes.<\/p>\n\n\n\n<p><strong>Les organisations et partis de gauche ce sont fourvoy\u00e9 d\u00e8s le d\u00e9but, dans une analyse fausse des causes et origines du conflit.<\/strong> Et puis ils en ont appel\u00e9 \u00e0 \u00ab&nbsp;la th\u00e9orie&nbsp;\u00bb pour \u00e9tayer leur th\u00e8se&nbsp;: \u00ab&nbsp;la Russie n\u2019est plus un pays socialiste. C\u2019est donc un pays capitaliste\u2026 imp\u00e9rialiste&nbsp;! Poutine est donc bien un envahisseur imp\u00e9rialiste, d\u2019o\u00f9 il d\u00e9coule que la \u00ab&nbsp;r\u00e9sistance&nbsp;\u00bb de l\u2019Ukraine est une lutte de lib\u00e9ration nationale, donc de ce point de vue une \u00ab&nbsp;guerre juste&nbsp;\u00bb qu\u2019il convient de soutenir.<\/p>\n\n\n\n<p>Cela semble se tenir la route. Sauf que la th\u00e9orie asservie afin de faire passer pour vraie une chose fausse, c\u2019est de la sophistique.<\/p>\n\n\n\n<p>Poutine n\u2019a pas commenc\u00e9, l\u2019Ukraine n\u2019est pas envahie, seule une r\u00e9gion est pass\u00e9e sous contr\u00f4le russe. Quand la Prusse annexa l\u2019Alsace Lorraine personne n\u2019a dit que la Prusse avait envahie la France. La guerre que m\u00e8ne l\u2019Ukraine contre la Russie est une guerre par d\u00e9l\u00e9gation de l\u2019imp\u00e9rialisme occidental et non pas une guerre de \u00ab&nbsp;lib\u00e9ration nationale&nbsp;\u00bb.<\/p>\n\n\n\n<p>Comment Les partis et organisations de gauche fran\u00e7aises ont-ils pu se fourvoyer \u00e0 ce point&nbsp;?&nbsp; Nous l\u2019avons dit, elles se sont r\u00e9veill\u00e9es le 22 f\u00e9vrier 2022, avant elles n\u2019ont rien vu ni rien entendu. Ainsi&nbsp;:<\/p>\n\n\n\n<p><strong>Quiz<\/strong> de la politique d\u2019encerclement de l\u2019OTAN et des bases am\u00e9ricaines de plus en plus proches des fronti\u00e8res de la Russie.<\/p>\n\n\n\n<p><strong>Quiz<\/strong> du coup d\u2019\u00e9tat de la place Ma\u00efdan du 23 f\u00e9vrier 2014, lequel avait pour objet, en portant au pouvoir l\u2019extr\u00eame droite nationaliste russophobe, de faire de l\u2019Ukraine une machine de guerre contre la Russie.<\/p>\n\n\n\n<p><strong>Quiz<\/strong> de l\u2019agression puis des bombardements des populations civiles du Donbass..<\/p>\n\n\n\n<p><strong>Quiz<\/strong> de l\u2019horrible agression d\u2019Odessa contre des civils oppos\u00e9s \u00e0 Ma\u00efdan et de l\u2019incendie criminel de la maison des syndicats o\u00f9 de nombreuses personnes p\u00e9rirent dans les flammes.<\/p>\n\n\n\n<p><strong>Quiz<\/strong> de l\u2019adh\u00e9sion imm\u00e9diate de l\u2019Ukraine \u00e0 l\u2019Otan qui s\u2019en serait suivit offrant ainsi la Crim\u00e9e, encore en ce temps ukrainienne, aux USA qui en auraient us\u00e9 pour y installer sans tarder des bases militaires et expulser la flotte russe de la mer noire, condamnant ainsi la Russie \u00e0 un terrible recul historique, \u00e0 l\u2019agonie \u00e9conomique et politique.<\/p>\n\n\n\n<p><strong>Quiz<\/strong> des accords de Minsk jamais respect\u00e9s durant huit ans.<\/p>\n\n\n\n<p>Alors oui, sans aucun doute la Russie actuelle est un pays d\u2019\u00e9conomie capitaliste. Oui l\u2019imp\u00e9rialisme \u00e9tant l\u2019exportation des capitaux (L\u00e9nine, \u00ab&nbsp;l\u2019imp\u00e9rialisme stade supr\u00eame du capitalisme&nbsp;\u00bb), nous pouvons l\u2019admettre, la Russie est un pays imp\u00e9rialiste. Mais les USA, le Royaume-Uni et la France le sont rest\u00e9s.<\/p>\n\n\n\n<p>Mais la \u00ab&nbsp;politique imp\u00e9rialiste qui menace la paix du monde n\u2019est pas celle de la Russie qui n\u2019aspire qu\u2019\u00e0 d\u00e9fendre son int\u00e9grit\u00e9 territoriale et sa s\u00e9curit\u00e9, c\u2019est celle, militariste et agressive des de l\u2019imp\u00e9rialiste am\u00e9ricain qui menace la s\u00e9curit\u00e9 du monde, qui veulent humilier la Russie, veulent la mettre \u00e9conomiquement \u00e0 genoux, aspirent \u00e0 la d\u00e9pecer en une foultitude d\u2019Etats, \u00e0 s\u2019emparer des gigantesques richesses de ses sous-sols.<\/p>\n\n\n\n<p>Alors oui, sans aucun doute la Russie est un pays imp\u00e9rialiste&nbsp;; Mais est-ce une raison suffisante pour que d\u2019autres pays imp\u00e9rialistes veuillent l\u2019asservir, la d\u00e9pecer et la piller&nbsp;?<\/p>\n\n\n\n<p>La Russie est un pays imp\u00e9rialiste&nbsp;; Le clan des pays occidentaux (USA, Royaume-Uni, France constitue un ensemble imp\u00e9rialiste. La guerre que se font ces deux imp\u00e9rialismes par Ukraine interpos\u00e9e, est donc bien une guerre imp\u00e9rialiste et c\u2019est l\u2019imp\u00e9rialisme Anglo-saxon qui en ait la cause.<\/p>\n\n\n\n<p>Campant sur des positions pacifistes \u00ab&nbsp;bisounours&nbsp;\u00bb la gauche Fran\u00e7aise aurait pu vouloir d\u00e9fendre \u00ab&nbsp;la paix&nbsp;\u00bb contre la guerre imp\u00e9rialiste&nbsp;? Mais elle ne s\u2019est pas limit\u00e9e \u00e0 \u00e7a.<\/p>\n\n\n\n<p>En voulant aider l\u2019Ukraine dans son combat, en v\u00e9rit\u00e9 la gauche Fran\u00e7aise n\u2019a pas choisi la paix qui n\u2019est plus dans ses bouches qu\u2019une rh\u00e9torique trompeuse, elle a en v\u00e9rit\u00e9 choisi le camp de la guerre, elle s\u2019est ralli\u00e9e et \u00e0 fait sienne la position de l\u2019imp\u00e9rialisme occidental.<\/p>\n\n\n\n<p>Macron, notre gouvernement, sous pr\u00e9texte de \u00ab&nbsp;l\u2019imp\u00e9rialisme de Poutine s\u2019est align\u00e9 sur la position de l\u2019imp\u00e9rialisme am\u00e9ricain. Et dans ses pas, la gauche politique et syndicale en a fait tout autant.<\/p>\n\n\n\n<p>C\u2019est une honte&nbsp;; C\u2019est la honte de f\u00e9vrier 2022,<\/p>\n\n\n\n<p>Aussi grande que fut celle de l\u2019effondrement moral de la gauche socialiste et syndicale de ce temps, lorsqu\u2019en juillet 1914 celle-ci se rangea dans les rangs de \u00ab&nbsp;l\u2019Union Sacr\u00e9e, pour envoyer la jeunesse de France se faire massacrer dans les tranch\u00e9es du chemin des dames ou de Verdun.<\/p>\n\n\n\n<p>Les dirigeants de la \u00ab&nbsp;gauche&nbsp;\u00bb ont trahi&nbsp;; Il ne faut plus compter sur eux pour mener le combat antiguerre. Mais le peuple de gauche, parce que c\u2019est le peuple et qu\u2019il n\u2019a pas le moindre int\u00e9r\u00eat \u00e0 la guerre, ne peut en attendre que les pires malheurs et les plus grandes calamit\u00e9s, reste fid\u00e8le \u00e0 sa tradition d\u2019attachement \u00e0 la paix.&nbsp;; C\u2019est vers celui-ci que nous nous tournons.<\/p>\n\n\n\n<p>Je suis un homme de gauche (non pas celle des traitres) mais de gauche tout de m\u00eame au sens social et politique. J\u2019ai derri\u00e8re moi plus de 60 ans d\u2019engagement syndical et politiques et de participation \u00e0 de nombreuses luttes sociales. Cela me donne une certaine l\u00e9gitimit\u00e9 morale pour me substituer aux organisations et dirigeants d\u00e9faillants, appeler tous mes amis, tout le peuple de gauche \u00e0 descendre dans la rue, \u00e0 se joindre aux manifestations appel\u00e9es par les Patriotes de Florian Philippot, et auxquelles appellent d\u2019autres gens de gauche et l\u2019Association \u00ab&nbsp;Apocalypse non&nbsp;\u00bb, contre la guerre o\u00f9 nous conduit Macron.<\/p>\n\n\n\n<p>Ne vous laissez pas impressionner par les insultes et impr\u00e9cations de ceux qui vous diront qu\u2019il ne faut pas manifester avec ce qu\u2019ils appellent \u00ab&nbsp;l\u2019extr\u00eame droite&nbsp;\u00bb<\/p>\n\n\n\n<p>Ceux qui ont raison sont ceux qui se mobilisent contre la guerre pas ceux qui ne font rien. Ceux qui ont raison sont ceux qui manifestent leur opposition \u00e0 la guerre. Je ne vois dans ces manifestations ni droite ni gauche mais des d\u00e9fenseurs de la paix&nbsp;? Face \u00e0 la catastrophe qui menace il ne saurait y avoir ni droite ni gauche, mais seulement UN peuple uni pour la conjurer.<\/p>\n\n\n\n<p>Patrick Seignon. \u00ab&nbsp;lavoiedessansvoix&nbsp;\u00bb Lundi 2 d\u00e9cembre 2024<\/p>\n","protected":false},"excerpt":{"rendered":"<p>1914, quand les Fran\u00e7ais faisaient l&rsquo;Union sacr\u00e9e L\u2019EFFONDREMENT POLITIQUE ET MORAL DE LA \u00ab&nbsp;GAUCHE&nbsp;\u00bb Des manifestations, contre la guerre et [&hellip;]<\/p>\n","protected":false},"author":1,"featured_media":348,"comment_status":"open","ping_status":"open","sticky":false,"template":"","format":"standard","meta":{"sfsi_plus_gutenberg_text_before_share":"","sfsi_plus_gutenberg_show_text_before_share":"","sfsi_plus_gutenberg_icon_type":"","sfsi_plus_gutenberg_icon_alignemt":"","sfsi_plus_gutenburg_max_per_row":"","site-sidebar-layout":"default","site-content-layout":"","ast-site-content-layout":"default","site-content-style":"default","site-sidebar-style":"default","ast-global-header-display":"","ast-banner-title-visibility":"","ast-main-header-display":"","ast-hfb-above-header-display":"","ast-hfb-below-header-display":"","ast-hfb-mobile-header-display":"","site-post-title":"","ast-breadcrumbs-content":"","ast-featured-img":"","footer-sml-layout":"","ast-disable-related-posts":"","theme-transparent-header-meta":"","adv-header-id-meta":"","stick-header-meta":"","header-above-stick-meta":"","header-main-stick-meta":"","header-below-stick-meta":"","astra-migrate-meta-layouts":"default","ast-page-background-enabled":"default","ast-page-background-meta":{"desktop":{"background-color":"var(--ast-global-color-4)","background-image":"","background-repeat":"repeat","background-position":"center center","background-size":"auto","background-attachment":"scroll","background-type":"","background-media":"","overlay-type":"","overlay-color":"","overlay-opacity":"","overlay-gradient":""},"tablet":{"background-color":"","background-image":"","background-repeat":"repeat","background-position":"center center","background-size":"auto","background-attachment":"scroll","background-type":"","background-media":"","overlay-type":"","overlay-color":"","overlay-opacity":"","overlay-gradient":""},"mobile":{"background-color":"","background-image":"","background-repeat":"repeat","background-position":"center center","background-size":"auto","background-attachment":"scroll","background-type":"","background-media":"","overlay-type":"","overlay-color":"","overlay-opacity":"","overlay-gradient":""}},"ast-content-background-meta":{"desktop":{"background-color":"var(--ast-global-color-5)","background-image":"","background-repeat":"repeat","background-position":"center center","background-size":"auto","background-attachment":"scroll","background-type":"","background-media":"","overlay-type":"","overlay-color":"","overlay-opacity":"","overlay-gradient":""},"tablet":{"background-color":"var(--ast-global-color-5)","background-image":"","background-repeat":"repeat","background-position":"center center","background-size":"auto","background-attachment":"scroll","background-type":"","background-media":"","overlay-type":"","overlay-color":"","overlay-opacity":"","overlay-gradient":""},"mobile":{"background-color":"var(--ast-global-color-5)","background-image":"","background-repeat":"repeat","background-position":"center center","background-size":"auto","background-attachment":"scroll","background-type":"","background-media":"","overlay-type":"","overlay-color":"","overlay-opacity":"","overlay-gradient":""}},"footnotes":""},"categories":[1],"tags":[],"class_list":["post-113","post","type-post","status-publish","format-standard","has-post-thumbnail","hentry","category-analyse-politique"],"_links":{"self":[{"href":"https:\/\/lavoiedessansvoix.fr\/lavoie\/wp-json\/wp\/v2\/posts\/113","targetHints":{"allow":["GET"]}}],"collection":[{"href":"https:\/\/lavoiedessansvoix.fr\/lavoie\/wp-json\/wp\/v2\/posts"}],"about":[{"href":"https:\/\/lavoiedessansvoix.fr\/lavoie\/wp-json\/wp\/v2\/types\/post"}],"author":[{"embeddable":true,"href":"https:\/\/lavoiedessansvoix.fr\/lavoie\/wp-json\/wp\/v2\/users\/1"}],"replies":[{"embeddable":true,"href":"https:\/\/lavoiedessansvoix.fr\/lavoie\/wp-json\/wp\/v2\/comments?post=113"}],"version-history":[{"count":3,"href":"https:\/\/lavoiedessansvoix.fr\/lavoie\/wp-json\/wp\/v2\/posts\/113\/revisions"}],"predecessor-version":[{"id":120,"href":"https:\/\/lavoiedessansvoix.fr\/lavoie\/wp-json\/wp\/v2\/posts\/113\/revisions\/120"}],"wp:featuredmedia":[{"embeddable":true,"href":"https:\/\/lavoiedessansvoix.fr\/lavoie\/wp-json\/wp\/v2\/media\/348"}],"wp:attachment":[{"href":"https:\/\/lavoiedessansvoix.fr\/lavoie\/wp-json\/wp\/v2\/media?parent=113"}],"wp:term":[{"taxonomy":"category","embeddable":true,"href":"https:\/\/lavoiedessansvoix.fr\/lavoie\/wp-json\/wp\/v2\/categories?post=113"},{"taxonomy":"post_tag","embeddable":true,"href":"https:\/\/lavoiedessansvoix.fr\/lavoie\/wp-json\/wp\/v2\/tags?post=113"}],"curies":[{"name":"wp","href":"https:\/\/api.w.org\/{rel}","templated":true}]}}