{"id":1128,"date":"2015-03-14T03:48:00","date_gmt":"2015-03-14T02:48:00","guid":{"rendered":"https:\/\/lavoiedessansvoix.fr\/lavoie\/2015\/03\/14\/archive-metaphore-rurale-le-grand-plantage-de-manuel-valls\/"},"modified":"2026-04-26T22:17:39","modified_gmt":"2026-04-26T20:17:39","slug":"archive-metaphore-rurale-le-grand-plantage-de-manuel-valls","status":"publish","type":"post","link":"https:\/\/lavoiedessansvoix.fr\/lavoie\/2015\/03\/14\/archive-metaphore-rurale-le-grand-plantage-de-manuel-valls\/","title":{"rendered":"M\u00c9TAPHORE RURALE  LE GRAND PLANTAGE DE MANUEL VALLS"},"content":{"rendered":"<p>M\u00c9TAPHORE RURALE,  LE GRAND PLANTAGE DE MANUEL VALLS   Manuel Valls se d\u00e9m\u00e8ne comme un beau diable. Il ratisse la campagne \u00ab l\u2019EXPRESS.fr \u00bb, \u00e9crit \u00ab laboure \u00bb. C\u2019est exag\u00e9r\u00e9. Le labour pr\u00e9pare la semence et assure l\u2019avenir de la r\u00e9colte. Mais en mati\u00e8re \u00ab d\u2019\u00e9lections d\u00e9partementales \u00bb, le simple bon sens l\u2019indique, il est trop tard pour la semence, \u00e0 fortiori pour la r\u00e9colte. Donc, le premier Ministre grattouille la campagne \u00e9lectorale, par ci par l\u00e0, de mani\u00e8re d\u00e9sordonn\u00e9e, et tentant d\u2019imiter le geste auguste du semeur en jouant du menton \u00e0 la mani\u00e8re des dictateurs, il s\u00e8me \u00e0 tous vent mauvais. Mais que s\u00e8me-t-il ? Il n\u2019a pas m\u00eame pris la peine de s\u00e9lectionner sa semence, il ne s\u00e8me que l\u2019ivraie.   La ruralit\u00e9 souffre. Elle souffre de quoi la ruralit\u00e9 ? Elle souffre de la chute du revenu agricole, de la mort des exploitations, de la mont\u00e9e en puissance de l\u2019agriculture industrielle, de la mort des commerces, de la fermeture des \u00e9coles et des services publics, etc. Et que dit Manuel Valls ? Que le gouvernement va prendre des mesures pour enrayer cette \u00e9volution, qu\u2019il va interdire la fermeture des classes, des postes, des petits h\u00f4pitaux et petites maternit\u00e9s, qu\u2019il va prendre des dispositions, des incitative valorisantes, pour lutter contre les d\u00e9serts m\u00e9dicaux, la fermeture des gares, des petites perceptions, des gendarmeries, des tribunaux d\u2019instance, qu\u2019il va l\u00e9gif\u00e9rer pour limiter le pouvoir destructeur des grandes surfaces et redonner de l\u2019air au commerce local, qu\u2019il va encourager le d\u00e9veloppement d\u2019un secteur agricole de qualit\u00e9 rouvrant des perspectives \u00e0 l\u2019exploitation agricole familiale ?NON ! Il ne dit rien de tout cela. Il dit seulement qu\u2019il va Tripler le nombre des \u00ab maisons de services au public \u00bb et promet la fin \u00ab des zones blanches pour le t\u00e9l\u00e9phone 2G et 3G \u00bb. Or de telles annonces sont compl\u00e9tement contre productives, les \u00e9lecteurs de la ruralit\u00e9 ne sont pas dupes. Certes la fin des \u00ab Zones blanches \u00bb peut faire plaisir aux usagers locaux ou en transit, mais en quoi est-elle un moyen de lutte contre la d\u00e9sertification des campagnes ? Quant au \u00ab Maisons de services au public (attention \u00e0 la nuance, service \u00ab au public \u00bb et non pas \u00ab service public \u00bb), leur sens est tout \u00e0 l\u2019oppos\u00e9 de la lutte contre la d\u00e9sertification des campagnes et le mal vivre des populations rurales, puisqu\u2019il s\u2019agit, non pas de lutter contre la disparition des services publics, mais au contraire de \u00ab les accompagner \u00bb et donc de les encourager.  Manuel Valls est donc all\u00e9 \u00ab semer \u00bb dans l\u2019Aisne. Il y a sem\u00e9 la d\u00e9solation, il r\u00e9coltera des sauterelles.  Patrick Seignon. \u00ab lavoiedessansvoix.fr \u00bb. Samedi 14 mars 2015.<\/p>\n","protected":false},"excerpt":{"rendered":"<p>M\u00c9TAPHORE RURALE, LE GRAND PLANTAGE DE MANUEL VALLS Manuel Valls se d\u00e9m\u00e8ne comme un beau diable. Il ratisse la campagne [&hellip;]<\/p>\n","protected":false},"author":1,"featured_media":4877,"comment_status":"open","ping_status":"open","sticky":false,"template":"","format":"standard","meta":{"sfsi_plus_gutenberg_text_before_share":"","sfsi_plus_gutenberg_show_text_before_share":"","sfsi_plus_gutenberg_icon_type":"","sfsi_plus_gutenberg_icon_alignemt":"","sfsi_plus_gutenburg_max_per_row":"","site-sidebar-layout":"default","site-content-layout":"","ast-site-content-layout":"default","site-content-style":"default","site-sidebar-style":"default","ast-global-header-display":"","ast-banner-title-visibility":"","ast-main-header-display":"","ast-hfb-above-header-display":"","ast-hfb-below-header-display":"","ast-hfb-mobile-header-display":"","site-post-title":"","ast-breadcrumbs-content":"","ast-featured-img":"","footer-sml-layout":"","ast-disable-related-posts":"","theme-transparent-header-meta":"","adv-header-id-meta":"","stick-header-meta":"","header-above-stick-meta":"","header-main-stick-meta":"","header-below-stick-meta":"","astra-migrate-meta-layouts":"default","ast-page-background-enabled":"default","ast-page-background-meta":{"desktop":{"background-color":"var(--ast-global-color-4)","background-image":"","background-repeat":"repeat","background-position":"center center","background-size":"auto","background-attachment":"scroll","background-type":"","background-media":"","overlay-type":"","overlay-color":"","overlay-opacity":"","overlay-gradient":""},"tablet":{"background-color":"","background-image":"","background-repeat":"repeat","background-position":"center center","background-size":"auto","background-attachment":"scroll","background-type":"","background-media":"","overlay-type":"","overlay-color":"","overlay-opacity":"","overlay-gradient":""},"mobile":{"background-color":"","background-image":"","background-repeat":"repeat","background-position":"center center","background-size":"auto","background-attachment":"scroll","background-type":"","background-media":"","overlay-type":"","overlay-color":"","overlay-opacity":"","overlay-gradient":""}},"ast-content-background-meta":{"desktop":{"background-color":"var(--ast-global-color-5)","background-image":"","background-repeat":"repeat","background-position":"center center","background-size":"auto","background-attachment":"scroll","background-type":"","background-media":"","overlay-type":"","overlay-color":"","overlay-opacity":"","overlay-gradient":""},"tablet":{"background-color":"var(--ast-global-color-5)","background-image":"","background-repeat":"repeat","background-position":"center center","background-size":"auto","background-attachment":"scroll","background-type":"","background-media":"","overlay-type":"","overlay-color":"","overlay-opacity":"","overlay-gradient":""},"mobile":{"background-color":"var(--ast-global-color-5)","background-image":"","background-repeat":"repeat","background-position":"center center","background-size":"auto","background-attachment":"scroll","background-type":"","background-media":"","overlay-type":"","overlay-color":"","overlay-opacity":"","overlay-gradient":""}},"footnotes":""},"categories":[16],"tags":[],"class_list":["post-1128","post","type-post","status-publish","format-standard","has-post-thumbnail","hentry","category-archives-cms"],"_links":{"self":[{"href":"https:\/\/lavoiedessansvoix.fr\/lavoie\/wp-json\/wp\/v2\/posts\/1128","targetHints":{"allow":["GET"]}}],"collection":[{"href":"https:\/\/lavoiedessansvoix.fr\/lavoie\/wp-json\/wp\/v2\/posts"}],"about":[{"href":"https:\/\/lavoiedessansvoix.fr\/lavoie\/wp-json\/wp\/v2\/types\/post"}],"author":[{"embeddable":true,"href":"https:\/\/lavoiedessansvoix.fr\/lavoie\/wp-json\/wp\/v2\/users\/1"}],"replies":[{"embeddable":true,"href":"https:\/\/lavoiedessansvoix.fr\/lavoie\/wp-json\/wp\/v2\/comments?post=1128"}],"version-history":[{"count":1,"href":"https:\/\/lavoiedessansvoix.fr\/lavoie\/wp-json\/wp\/v2\/posts\/1128\/revisions"}],"predecessor-version":[{"id":4878,"href":"https:\/\/lavoiedessansvoix.fr\/lavoie\/wp-json\/wp\/v2\/posts\/1128\/revisions\/4878"}],"wp:featuredmedia":[{"embeddable":true,"href":"https:\/\/lavoiedessansvoix.fr\/lavoie\/wp-json\/wp\/v2\/media\/4877"}],"wp:attachment":[{"href":"https:\/\/lavoiedessansvoix.fr\/lavoie\/wp-json\/wp\/v2\/media?parent=1128"}],"wp:term":[{"taxonomy":"category","embeddable":true,"href":"https:\/\/lavoiedessansvoix.fr\/lavoie\/wp-json\/wp\/v2\/categories?post=1128"},{"taxonomy":"post_tag","embeddable":true,"href":"https:\/\/lavoiedessansvoix.fr\/lavoie\/wp-json\/wp\/v2\/tags?post=1128"}],"curies":[{"name":"wp","href":"https:\/\/api.w.org\/{rel}","templated":true}]}}