{"id":1127,"date":"2015-03-15T17:42:00","date_gmt":"2015-03-15T16:42:00","guid":{"rendered":"https:\/\/lavoiedessansvoix.fr\/lavoie\/2015\/03\/15\/archive-la-france-de-jean-ferrat\/"},"modified":"2026-04-26T22:17:30","modified_gmt":"2026-04-26T20:17:30","slug":"archive-la-france-de-jean-ferrat","status":"publish","type":"post","link":"https:\/\/lavoiedessansvoix.fr\/lavoie\/2015\/03\/15\/archive-la-france-de-jean-ferrat\/","title":{"rendered":"LA FRANCE DE JEAN FERRAT"},"content":{"rendered":"<p>LA FRANCE DE JEAN FERRAT   J\u2019\u00e9tais Samedi soir, sur France 2, \u00e0 l\u2019\u00e9coute de l\u2019\u00e9mission de Michel Drucker en hommage \u00e0 Jean Ferrat. Nostalgie et \u00e9motion \u00e9taient au rendez-vous. Nostalgie de l\u2019homme, du chanteur, du po\u00e8te, du militant, du r\u00e9volt\u00e9, mais nostalgie aussi \u00ab d\u2019un temps que les moins de vingt ans ne peuvent pas connaitre \u00bb, quand les valeurs du socialisme, de la lutte des classes des combats \u00e9mancipateurs des peuples, allumaient encore les esp\u00e9rances et faisaient vibrer les c\u0153urs. Quand Jean Ferrat chantait.    Avec la chute du mur de Berlin et la disparition de l\u2019URSS, les USA, chef de file du capitalisme mondial, se sont r\u00e9joui d\u2019avoir \u00ab gagn\u00e9e la guerre froide \u00bb, d\u2019\u00eatre venu \u00e0 bout \u00ab du communisme \u00bb, leur b\u00eate noire. Ils promettaient alors \u00ab un monde meilleur, pacifique, unipolaire, un \u00ab nouvel ordre mondial \u00bb.  Ils n\u2019ont fait en v\u00e9rit\u00e9 que donner libre cours \u00e0 leurs pr\u00e9tentions imp\u00e9riales allumant des foyers de guerre partout et r\u00e9pandant la d\u00e9solation et le chaos sur une grande partie de la plan\u00e8te. Un temps, ai-je paraphras\u00e9 en commen\u00e7ant, \u00ab que les moins de vingt ans ne peuvent pas connaitre ? \u00bb En \u00bb tuant le communisme r\u00e9el \u00bb s\u2019\u00e9tait-il est vrai la flamme de l\u2019esp\u00e9rance des peuples en un avenir meilleur qu\u2019ils avaient ainsi souffl\u00e9e. Mais pour un temps seulement, croyez-moi. Elle couve sous la cendre, elle rejaillira bient\u00f4t, allumera de nouveaux brasiers. Et les g\u00e9n\u00e9rations futures renoueront avec l\u2019esprit des grands combats de leurs anciens.    Mais pour l\u2019heure nous sommes encore sous le r\u00e8gne de la r\u00e9action blanche triomphante. Il ne s\u2019\u00e9coule gu\u00e8re de jours sans que les m\u00e9dias officiels ne se trouvent un pr\u00e9texte d\u2019insulter le communisme et les g\u00e9n\u00e9rations qui l\u2019ont magnifi\u00e9. Le communisme pensez, ce grand r\u00eave de l\u2019humanit\u00e9 fond\u00e9 de partage, de solidarit\u00e9 et de g\u00e9n\u00e9rosit\u00e9, class\u00e9 par leurs soins dans la cat\u00e9gorie des \u00ab totalitarismes \u00bb de l\u2019Histoire, renvoy\u00e9 dos \u00e0 dos avec l\u2019hitl\u00e9risme d\u00e9clar\u00e9 son alter-ego. Le communisme, id\u00e9al de libert\u00e9 d\u2019\u00e9mancipation pour lequel se sont lev\u00e9s des hommes et femmes par millions, insult\u00e9, train\u00e9 dans la boue, assimil\u00e9 par certain \u00e0 un crime contre l\u2019humanit\u00e9. Et puis tout \u00e0 coup, allez savoir pourquoi, au milieu de cette nuit et de ces brouillards de la pens\u00e9e et de la propagande r\u00e9actionnaire, nonobstant tant d\u2019injures faites, Anne Hidalgo maire de Paris inaugure une place \u00ab Jean Ferrat \u00bb, un hommage est rendu par une chaine de t\u00e9l\u00e9 nationale \u00e0 ce communiste fid\u00e8le. Que se passe-t-il donc, on est en droit de s\u2019interroger, pour que Jean-Ferrat, soit ainsi tout coup reconnu et encens\u00e9 ?    Pourquoi pas \u00ab Un \u00bb ou \u00ab Deux \u00bb, ou \u00ab Dix \u00bb c\u2019est plus courant mais Cinq ans apr\u00e8s ? Le pr\u00e9texte est mauvais. Pourquoi cet hommage au communiste Jean Ferrat ? Le troubadour merveilleux qui chantait Aragon, un des plus grands po\u00e8tes de la langue fran\u00e7aise, auquel la France aux temps de sa mort fit l\u2019injure  de refuser les honneurs qui lui \u00e9taient d\u00fb, au pr\u00e9texte pr\u00e9cis\u00e9ment qu\u2019il \u00e9tait un autre communiste, peut-\u00eatre trop fid\u00e8le. S\u2019il avait \u00e9t\u00e9 l\u00e0, samedi soir, sur le plateau de l\u2019\u00e9mission qui lui rendait hommage \u00e0 lui Jean Ferrat, il ne fait aucun doute qu\u2019il aurait demand\u00e9 r\u00e9paration \u00e0 la m\u00e9moire nationale, pour son ami et camarade le grand po\u00e8te Louis Aragon.    L\u2019explication, la voil\u00e0. Jean Ferrat, c\u2019est totalement ind\u00e9pendant de sa volont\u00e9, a rejoint hier le club des rebelles que la Nation, apr\u00e8s les avoir censur\u00e9 et parfois rejet\u00e9s, s\u2019efforce de \u00ab dig\u00e9rer \u00bb et d\u2019assimiler, pour se les \u00ab approprier \u00bb en revisitant leur message \u00e0 la sauce r\u00e9publicaine. A cet effet la personnalit\u00e9 et l\u2019\u0153uvre de Jean Ferrat, le petit juif cach\u00e9 dans la montagne, victime collat\u00e9rale de la Shoah, l\u2019auteur interpr\u00e8te de \u00ab nuit et brouillard \u00bb, leur offrait une \u00ab cl\u00e9 \u00bb facile pour proc\u00e9der \u00e0 sa \u00ab Panth\u00e9onisation culturelle \u00bb    \u00ab Nuits et brouillard \u00bb. Apres que cette chanson magistrale eut \u00e9t\u00e9 interpr\u00e9t\u00e9e Michel Drucker fit \u00e0 peu pr\u00e8s le commentaire suivant. Que s\u2019\u00e9tait d\u2019autant plus \u00e9mouvant  de chanter cette chanson maintenant, alors que l\u2019on vient de c\u00e9l\u00e9brer, il y a peu, le 70\u00e8me  anniversaire de la lib\u00e9ration des camps o\u00f9 ont p\u00e9ri six millions de Juifs. C\u2019est exact. Mais ce n\u2019est pourtant pas ce que dit la chanson de Jean Ferrat. Ce n\u2019est en tout cas pas ce qu\u2019elle dit seulement. Lui \u00e9voque toutes les victimes de l\u2019univers concentrationnaire nazi, les juifs et les autres : \u00ab ils s\u2019appelaient Jean-Pierre, Natacha, Samuel certains priaient J\u00e9sus J\u00e9hovah ou Vichnou, d\u2019autres ne priaient pas \u2026 \u00ab  lui ne commet pas l\u2019erreur de r\u00e9duire la question \u00e0 la seule \u00ab shoah \u00bb. Lui qui avait \u00e9t\u00e9 prot\u00e9g\u00e9 par des r\u00e9sistants communistes savait trop, le lourd tribut, lequel se compte en millions aussi, que le communisme martyre, les communistes, parmi lesquels de nombreux juifs, avaient consentie au combat contre la tyrannie nazie.    Mais une autre chanson de Jean Ferrat chant\u00e9e et comment\u00e9e hier soir, m\u00e9rite que l\u2019on s\u2019y arr\u00eate pour une petite explication de texte \u00e9galement. Il s\u2019agit de \u00ab Ma France \u00bb    Au tout d\u00e9but de l\u2019\u00e9mission, Marc Lavoine je crois, disait en accord avec Michel Drucker que cette chanson m\u00e9riterait d\u2019\u00eatre le second hymne national de notre pays. Cela pourrait-\u00eatre vrai en effet, mais \u00e0 la condition expresse que l\u2019on tienne compte des r\u00e9alit\u00e9s de la lutte des classes que certains nient obstin\u00e9ment.     La lutte des classes. A cette aune, il n\u2019y a pas une France mais bien deux. La France imp\u00e9riale et coloniale, celle des poss\u00e9dants et des exploiteurs, et l\u2019autre celle du travail de la souffrance et des luttes. Et Quand Jean-Ferrat chante \u00ab MA France \u00bb, c\u2019est de celle-l\u00e0 qu\u2019il parle sans nul doute.    Sa d\u00e9claration d\u2019amour \u00e0 la France n\u2019est pas, mais alors pas du tout de la m\u00eame nature que celle fade et \u00ab faux-cul \u00bb que lui ont r\u00e9cemment faite des Sarkozy ou Valls. Elle n\u2019est pas du genre \u00ab la France m\u2019a tout donn\u00e9 \u00bb, magnifiant les valeurs autoproclam\u00e9es et creuses, \u00ab libert\u00e9, \u00e9galit\u00e9, fraternit\u00e9 \u00bb que la R\u00e9publique ostentatoire affiche aux frontons de ses \u00e9difices publics. Que l\u2019on ne s\u2019y m\u2019\u00e9prenne pas, Dans \u00ab Ma France \u00bb le chanteur po\u00e8te n\u2019a pas fait une d\u00e9claration d\u2019all\u00e9geance vulgaire aux \u00ab valeurs de la r\u00e9publique \u00bb. Son amour d\u00e9clar\u00e9 ne va pas \u00e0 la France \u00e9ternelle et magmatique qui r\u00e9unirait dans le m\u00eame creuset du m\u00eame destin national les mar\u00e9chaux et les poilus, les ouvriers et les maitres de forges ; il ne va pas \u00e0 la France unie dans \u00ab un pr\u00e9tendu esprit du 11 janvier \u00bb, mais \u00e0 l\u2019autre France, celle qui de Robespierre \u00e0 36 et 68, en passant par la commune r\u00e9sonne des combats de l\u2019\u00e9mancipation, et le vent de libert\u00e9 que souffle \u00ab sa France \u00bb est celui des luttes..     Alors oui, pourquoi pas, laissant \u00ab la glorieuse Marseillaise \u00bb \u00e0 ceux qui l\u2019ont pervertie et d\u00e9shonor\u00e9e dans la boue des tranch\u00e9es et dans les combats  coloniaux iniques, \u00ab Ma France \u00bb de Jean Ferrat pourrait faire pour les classes populaires un \u00ab hymne \u00bb national, en tout cas une belle chanson \u00e0 ajouter aux floril\u00e8ges des luttes \u00e0 cot\u00e9 de \u00ab la jeune garde \u00bb du \u00ab drapeau rouge \u00bb ou de l\u2019internationale \u00bb.    Dimanche 15 mars 2015.<\/p>\n","protected":false},"excerpt":{"rendered":"<p>LA FRANCE DE JEAN FERRAT J\u2019\u00e9tais Samedi soir, sur France 2, \u00e0 l\u2019\u00e9coute de l\u2019\u00e9mission de Michel Drucker en hommage [&hellip;]<\/p>\n","protected":false},"author":1,"featured_media":4875,"comment_status":"open","ping_status":"open","sticky":false,"template":"","format":"standard","meta":{"sfsi_plus_gutenberg_text_before_share":"","sfsi_plus_gutenberg_show_text_before_share":"","sfsi_plus_gutenberg_icon_type":"","sfsi_plus_gutenberg_icon_alignemt":"","sfsi_plus_gutenburg_max_per_row":"","site-sidebar-layout":"default","site-content-layout":"","ast-site-content-layout":"default","site-content-style":"default","site-sidebar-style":"default","ast-global-header-display":"","ast-banner-title-visibility":"","ast-main-header-display":"","ast-hfb-above-header-display":"","ast-hfb-below-header-display":"","ast-hfb-mobile-header-display":"","site-post-title":"","ast-breadcrumbs-content":"","ast-featured-img":"","footer-sml-layout":"","ast-disable-related-posts":"","theme-transparent-header-meta":"","adv-header-id-meta":"","stick-header-meta":"","header-above-stick-meta":"","header-main-stick-meta":"","header-below-stick-meta":"","astra-migrate-meta-layouts":"default","ast-page-background-enabled":"default","ast-page-background-meta":{"desktop":{"background-color":"var(--ast-global-color-4)","background-image":"","background-repeat":"repeat","background-position":"center center","background-size":"auto","background-attachment":"scroll","background-type":"","background-media":"","overlay-type":"","overlay-color":"","overlay-opacity":"","overlay-gradient":""},"tablet":{"background-color":"","background-image":"","background-repeat":"repeat","background-position":"center center","background-size":"auto","background-attachment":"scroll","background-type":"","background-media":"","overlay-type":"","overlay-color":"","overlay-opacity":"","overlay-gradient":""},"mobile":{"background-color":"","background-image":"","background-repeat":"repeat","background-position":"center center","background-size":"auto","background-attachment":"scroll","background-type":"","background-media":"","overlay-type":"","overlay-color":"","overlay-opacity":"","overlay-gradient":""}},"ast-content-background-meta":{"desktop":{"background-color":"var(--ast-global-color-5)","background-image":"","background-repeat":"repeat","background-position":"center center","background-size":"auto","background-attachment":"scroll","background-type":"","background-media":"","overlay-type":"","overlay-color":"","overlay-opacity":"","overlay-gradient":""},"tablet":{"background-color":"var(--ast-global-color-5)","background-image":"","background-repeat":"repeat","background-position":"center center","background-size":"auto","background-attachment":"scroll","background-type":"","background-media":"","overlay-type":"","overlay-color":"","overlay-opacity":"","overlay-gradient":""},"mobile":{"background-color":"var(--ast-global-color-5)","background-image":"","background-repeat":"repeat","background-position":"center center","background-size":"auto","background-attachment":"scroll","background-type":"","background-media":"","overlay-type":"","overlay-color":"","overlay-opacity":"","overlay-gradient":""}},"footnotes":""},"categories":[16],"tags":[],"class_list":["post-1127","post","type-post","status-publish","format-standard","has-post-thumbnail","hentry","category-archives-cms"],"_links":{"self":[{"href":"https:\/\/lavoiedessansvoix.fr\/lavoie\/wp-json\/wp\/v2\/posts\/1127","targetHints":{"allow":["GET"]}}],"collection":[{"href":"https:\/\/lavoiedessansvoix.fr\/lavoie\/wp-json\/wp\/v2\/posts"}],"about":[{"href":"https:\/\/lavoiedessansvoix.fr\/lavoie\/wp-json\/wp\/v2\/types\/post"}],"author":[{"embeddable":true,"href":"https:\/\/lavoiedessansvoix.fr\/lavoie\/wp-json\/wp\/v2\/users\/1"}],"replies":[{"embeddable":true,"href":"https:\/\/lavoiedessansvoix.fr\/lavoie\/wp-json\/wp\/v2\/comments?post=1127"}],"version-history":[{"count":1,"href":"https:\/\/lavoiedessansvoix.fr\/lavoie\/wp-json\/wp\/v2\/posts\/1127\/revisions"}],"predecessor-version":[{"id":4876,"href":"https:\/\/lavoiedessansvoix.fr\/lavoie\/wp-json\/wp\/v2\/posts\/1127\/revisions\/4876"}],"wp:featuredmedia":[{"embeddable":true,"href":"https:\/\/lavoiedessansvoix.fr\/lavoie\/wp-json\/wp\/v2\/media\/4875"}],"wp:attachment":[{"href":"https:\/\/lavoiedessansvoix.fr\/lavoie\/wp-json\/wp\/v2\/media?parent=1127"}],"wp:term":[{"taxonomy":"category","embeddable":true,"href":"https:\/\/lavoiedessansvoix.fr\/lavoie\/wp-json\/wp\/v2\/categories?post=1127"},{"taxonomy":"post_tag","embeddable":true,"href":"https:\/\/lavoiedessansvoix.fr\/lavoie\/wp-json\/wp\/v2\/tags?post=1127"}],"curies":[{"name":"wp","href":"https:\/\/api.w.org\/{rel}","templated":true}]}}