{"id":1126,"date":"2015-03-17T10:51:00","date_gmt":"2015-03-17T09:51:00","guid":{"rendered":"https:\/\/lavoiedessansvoix.fr\/lavoie\/2015\/03\/17\/archive-syrie-il-faut-cong2dier-hollande-fabius-et-valls\/"},"modified":"2026-04-26T22:17:22","modified_gmt":"2026-04-26T20:17:22","slug":"archive-syrie-il-faut-cong2dier-hollande-fabius-et-valls","status":"publish","type":"post","link":"https:\/\/lavoiedessansvoix.fr\/lavoie\/2015\/03\/17\/archive-syrie-il-faut-cong2dier-hollande-fabius-et-valls\/","title":{"rendered":"SYRIE  IL FAUT CONG2DIER HOLLANDE FABIUS ET VALLS"},"content":{"rendered":"<p>SYRIE :  IL FAUT CONG\u00c9DIER HOLLANDE FABIUS ET VALLS  \u00ab Les autorit\u00e9s am\u00e9ricaines doivent dialoguer avec le pr\u00e9sident syrien Bachar el-Assad pour mettre un terme \u00e0 la guerre civile en Syrie, a d\u00e9clar\u00e9 dimanche le secr\u00e9taire d&rsquo;Etat am\u00e9ricain John Kerry \u00bb. (AFP 2015. SANA &#8211;  Le Figaro.fr). C\u2019\u00e9tait dimanche 15  mars. . Aussit\u00f4t, d\u00e8s le lundi .16  le chef du gouvernement et le \u00ab Ministre fran\u00e7ais de la guerre \u00bb, que d\u2019aucun affublent encore du sobriquet de \u00ab chef de la diplomatie \u00bb, r\u00e9agissent vertement. \u00ab  Invit\u00e9 du Grand Journal de Canal+, Manuel Valls,  interrog\u00e9 sur le fait de savoir s&rsquo;il regrette cette position, r\u00e9pond : \u00ab\u00a0Oui, bien s\u00fbr\u00a0\u00bb. Avant d&rsquo;ajouter qu&rsquo;il \u00ab\u00a0n&rsquo;y aura pas de solution tant qu&rsquo;il y aura Bachar Al-Assad \u00e0 la t\u00eate de la Syrie\u00a0\u00bb. Un peu plus t\u00f4t dans la journ\u00e9e, le ministre des Affaires \u00e9trang\u00e8res, Laurent Fabius, avait d\u00e9j\u00e0 d\u00e9clar\u00e9 que \u00ab\u00a0remettre en selle\u00a0\u00bb Bachar Al-Assad\u00a0\u00bb serait un \u00ab\u00a0cadeau scandaleux\u00a0\u00bb aux terroristes de l\u2019\u00c9tat islamique. \u00bb (FranceTVinfo. 16 mars 2015). Certes, l\u2019intention injurieuse de monsieur Fabius n\u2019injurie en v\u00e9rit\u00e9 que celui qui s\u2019y abaisse. Mais le but est atteint du c\u00f4t\u00e9 des \u00ab amis \u00bb d\u2019outre atlantique. Prenant en consid\u00e9ration l\u2019ire de la France, le d\u00e9partement d\u2019\u00c9tat am\u00e9ricain, tente la m\u00eame journ\u00e9e de mettre un peu d\u2019huile dans les rouages. Il  d\u00e9clare \u00ab\u00a0lundi que les propos du secr\u00e9taire d\u2019\u00c9tat John Kerry sur la n\u00e9cessit\u00e9 de n\u00e9gocier avec le pr\u00e9sident syrien Bachar el-Assad ont \u00e9t\u00e9 mal interpr\u00e9t\u00e9s. \u00ab\u00a0M.Assad n&rsquo;a jamais \u00e9t\u00e9 et ne sera jamais partie prenante des n\u00e9gociations et le secr\u00e9taire d&rsquo;Etat avait en vue\u00a0\u00bb les repr\u00e9sentants de Damas qui participent d\u00e9j\u00e0 aux n\u00e9gociations, a indiqu\u00e9 la porte-parole du d\u00e9partement d\u2019\u00c9tat Marie Harf\u00a0\u00bb. AFP 2015. SANA  Alors, quel est le sens de cet imbroglio ? Nonobstant les d\u00e9saccords flagrants entre la France et les USA, au-del\u00e0 des d\u00e9clarations fracassantes des uns d\u00e9menties en demi-teinte par les autres, il est une \u00e9vidence, c\u2019est que les lignes bougent au Moyen-Orient, et que la question Syrienne, sur laquelle s\u2019est fracass\u00e9e l\u2019offensive occidentale baptis\u00e9e \u00ab printemps arabes \u00bb reste \u00e0 l\u2019\u00e9picentre du s\u00e9isme qui secoue la r\u00e9gion.  L\u2019EI est devenu l\u2019ennemi n\u00b0 1 pour les USA, qui voudrait bien composer, un temps au moins, afin d\u2019en venir \u00e0 bout, avec le r\u00e9gime syrien de Bachar al Assad et l\u2019Iran son alli\u00e9. Cela ne change rien \u00e0 long termes \u00e0 l\u2019objectif strat\u00e9gique des \u00c9tats-Unis qui est de tordre le cou, tout autant au r\u00e9gime du Baas syrien qu\u2019\u00e0 la \u00ab R\u00e9publique islamique d\u2019Iran \u00bb. Mais r\u00e9al politique oblige, il faut changer l\u2019ordre des priorit\u00e9s. Or la France n\u2019est pas d\u2019accord, elle s\u2019obstine, elle ren\u00e2cle, elle refuse de voir la r\u00e9alit\u00e9 en face.  Pourquoi la France n\u2019est-elle pas d\u2019accord ?Nous l\u2019avons expliqu\u00e9 et r\u00e9p\u00e9t\u00e9 \u00e0 maintes reprises dans les pages de \u00ab lavoiedessansvoix.fr \u00bb. Parce que s\u2019\u00e9tant engag\u00e9e trop avant dans la lutte contre Bachar al Assad, toute retraite \u00e9quivaudrait pour elle \u00e0 une \u00ab B\u00e9r\u00e9zina \u00bb, une catastrophe diplomatique, une mise en exergue de l\u2019amateurisme et de la folie de ses dirigeants. Alors, plut\u00f4t que de reconnaitre leurs torts, de faire amende honorable, ceux-ci pr\u00e9f\u00e8re emporter la diplomatie de leur pays dans les abysses avec eux, dussent-ils par la m\u00eame occasion pr\u00e9cipiter le monde dans la guerre.    D\u2019o\u00f9 il faut conclure, que dans les circonstances pr\u00e9sentes, la diplomatie Fran\u00e7aise n\u2019est plus \u00e0 m\u00eame d\u2019entendre les voix de la raison et que sa motivation ne retourne plus des int\u00e9r\u00eats bien sentis de la France, mais du seul point de vue de la propre sauvegarde de ceux qui la font. La politique syrienne de la France est dict\u00e9e par une folle fuite en avant, parce que ceux qui en sont en charge ne veulent pas se d\u00e9dire. Les imb\u00e9ciles seuls ne changent pas d\u2019avis dit-on ? Alors il faut bien l\u2019admettre nous sommes dirig\u00e9s par des imb\u00e9ciles.    De tels hommes sont dangereux de surcroit. Les imb\u00e9ciles sont toujours dangereux quand ils sont aux commandes d\u2019une grande puissance. Leur politique est destructrice pour l\u2019image de la France dans le Monde. Il faut les emp\u00eacher de nuire plus longtemps \u00e0 la paix du monde et aux v\u00e9ritables int\u00e9r\u00eats de notre pays, il faut cong\u00e9dier Fran\u00e7ois Hollande Manuel Valls et Laurent Fabius.    Patrick Seignon. \u00ab lavoiedessansvoix.fr. Mardi 17 mars 2015.<\/p>\n","protected":false},"excerpt":{"rendered":"<p>SYRIE : IL FAUT CONG\u00c9DIER HOLLANDE FABIUS ET VALLS \u00ab Les autorit\u00e9s am\u00e9ricaines doivent dialoguer avec le pr\u00e9sident syrien Bachar [&hellip;]<\/p>\n","protected":false},"author":1,"featured_media":4873,"comment_status":"open","ping_status":"open","sticky":false,"template":"","format":"standard","meta":{"sfsi_plus_gutenberg_text_before_share":"","sfsi_plus_gutenberg_show_text_before_share":"","sfsi_plus_gutenberg_icon_type":"","sfsi_plus_gutenberg_icon_alignemt":"","sfsi_plus_gutenburg_max_per_row":"","site-sidebar-layout":"default","site-content-layout":"","ast-site-content-layout":"default","site-content-style":"default","site-sidebar-style":"default","ast-global-header-display":"","ast-banner-title-visibility":"","ast-main-header-display":"","ast-hfb-above-header-display":"","ast-hfb-below-header-display":"","ast-hfb-mobile-header-display":"","site-post-title":"","ast-breadcrumbs-content":"","ast-featured-img":"","footer-sml-layout":"","ast-disable-related-posts":"","theme-transparent-header-meta":"","adv-header-id-meta":"","stick-header-meta":"","header-above-stick-meta":"","header-main-stick-meta":"","header-below-stick-meta":"","astra-migrate-meta-layouts":"default","ast-page-background-enabled":"default","ast-page-background-meta":{"desktop":{"background-color":"var(--ast-global-color-4)","background-image":"","background-repeat":"repeat","background-position":"center center","background-size":"auto","background-attachment":"scroll","background-type":"","background-media":"","overlay-type":"","overlay-color":"","overlay-opacity":"","overlay-gradient":""},"tablet":{"background-color":"","background-image":"","background-repeat":"repeat","background-position":"center center","background-size":"auto","background-attachment":"scroll","background-type":"","background-media":"","overlay-type":"","overlay-color":"","overlay-opacity":"","overlay-gradient":""},"mobile":{"background-color":"","background-image":"","background-repeat":"repeat","background-position":"center center","background-size":"auto","background-attachment":"scroll","background-type":"","background-media":"","overlay-type":"","overlay-color":"","overlay-opacity":"","overlay-gradient":""}},"ast-content-background-meta":{"desktop":{"background-color":"var(--ast-global-color-5)","background-image":"","background-repeat":"repeat","background-position":"center center","background-size":"auto","background-attachment":"scroll","background-type":"","background-media":"","overlay-type":"","overlay-color":"","overlay-opacity":"","overlay-gradient":""},"tablet":{"background-color":"var(--ast-global-color-5)","background-image":"","background-repeat":"repeat","background-position":"center center","background-size":"auto","background-attachment":"scroll","background-type":"","background-media":"","overlay-type":"","overlay-color":"","overlay-opacity":"","overlay-gradient":""},"mobile":{"background-color":"var(--ast-global-color-5)","background-image":"","background-repeat":"repeat","background-position":"center center","background-size":"auto","background-attachment":"scroll","background-type":"","background-media":"","overlay-type":"","overlay-color":"","overlay-opacity":"","overlay-gradient":""}},"footnotes":""},"categories":[16],"tags":[],"class_list":["post-1126","post","type-post","status-publish","format-standard","has-post-thumbnail","hentry","category-archives-cms"],"_links":{"self":[{"href":"https:\/\/lavoiedessansvoix.fr\/lavoie\/wp-json\/wp\/v2\/posts\/1126","targetHints":{"allow":["GET"]}}],"collection":[{"href":"https:\/\/lavoiedessansvoix.fr\/lavoie\/wp-json\/wp\/v2\/posts"}],"about":[{"href":"https:\/\/lavoiedessansvoix.fr\/lavoie\/wp-json\/wp\/v2\/types\/post"}],"author":[{"embeddable":true,"href":"https:\/\/lavoiedessansvoix.fr\/lavoie\/wp-json\/wp\/v2\/users\/1"}],"replies":[{"embeddable":true,"href":"https:\/\/lavoiedessansvoix.fr\/lavoie\/wp-json\/wp\/v2\/comments?post=1126"}],"version-history":[{"count":1,"href":"https:\/\/lavoiedessansvoix.fr\/lavoie\/wp-json\/wp\/v2\/posts\/1126\/revisions"}],"predecessor-version":[{"id":4874,"href":"https:\/\/lavoiedessansvoix.fr\/lavoie\/wp-json\/wp\/v2\/posts\/1126\/revisions\/4874"}],"wp:featuredmedia":[{"embeddable":true,"href":"https:\/\/lavoiedessansvoix.fr\/lavoie\/wp-json\/wp\/v2\/media\/4873"}],"wp:attachment":[{"href":"https:\/\/lavoiedessansvoix.fr\/lavoie\/wp-json\/wp\/v2\/media?parent=1126"}],"wp:term":[{"taxonomy":"category","embeddable":true,"href":"https:\/\/lavoiedessansvoix.fr\/lavoie\/wp-json\/wp\/v2\/categories?post=1126"},{"taxonomy":"post_tag","embeddable":true,"href":"https:\/\/lavoiedessansvoix.fr\/lavoie\/wp-json\/wp\/v2\/tags?post=1126"}],"curies":[{"name":"wp","href":"https:\/\/api.w.org\/{rel}","templated":true}]}}