{"id":1123,"date":"2015-03-20T08:40:00","date_gmt":"2015-03-20T07:40:00","guid":{"rendered":"https:\/\/lavoiedessansvoix.fr\/lavoie\/2015\/03\/20\/archive-un-caricaturiste-francais-poursuivi-pour-un-dessin-antisemite-raconte-son-histoi\/"},"modified":"2026-04-26T22:16:53","modified_gmt":"2026-04-26T20:16:53","slug":"archive-un-caricaturiste-francais-poursuivi-pour-un-dessin-antisemite-raconte-son-histoi","status":"publish","type":"post","link":"https:\/\/lavoiedessansvoix.fr\/lavoie\/2015\/03\/20\/archive-un-caricaturiste-francais-poursuivi-pour-un-dessin-antisemite-raconte-son-histoi\/","title":{"rendered":"UN CARICATURISTE FRAN\u00c7AIS POURSUIVI POUR UN DESSIN \u00ab ANTISEMITE \u00bb, RACONTE SON HISTOIRE"},"content":{"rendered":"<p>UN CARICATURISTE FRAN\u00c7AIS POURSUIVI POUR UN DESSIN \u00ab ANTIS\u00c9MITE \u00bb, RACONTE SON HISTOIRE   \u00ab\u00a0Cet autre article est une information relay\u00e9 par le Site-web \u00ab fr.sputniknews.com \u00bb A propos du proc\u00e8s fait au caricaturiste Z\u00e9on, qui rappelle \u00e9trangement l\u2019origine de l\u2019affaire Dieudonn\u00e9. Ce dernier avait fait en sketches la caricature d\u2019un juif int\u00e9griste, z\u00e9on lui a voulu d\u00e9noncer, par un dessin humoristique, l\u2019instrumentalisation de la shoah et les deux poids deux mesures appliqu\u00e9 par Isra\u00ebl et ses lobbyistes \u00e0 l\u2019\u00e9valuation des souffrances pour les juifs d\u2019une part et les non juifs de l\u2019autre. Or tous ces partisans de \u00ab la bonne conscience \u00bb et de la libert\u00e9 d\u2019opinion qui criaient il y a peu \u00ab je suis Charlie \u00bb et revendiquaient haut et fort le droit au blasph\u00e8me contre le proph\u00e8te Mahomet et de critique de l\u2019Islam et des arabes, ne supportent pas que les m\u00eames r\u00e8gles soient appliqu\u00e9es au Juda\u00efsme, \u00e0 J\u00e9hovah, \u00e0 Isra\u00ebl ou au sionisme. D\u2019o\u00f9 il nous faudra conclure que toute cette engeance et bien moins \u00ab Charlie \u00bb qu\u2019elle n\u2019est \u00ab Charlot\u00a0\u00bb&lsquo;LVDSV).     Un caricaturiste fran\u00e7ais poursuivi pour un dessin \u00ab\u00a0antis\u00e9mite\u00a0\u00bb raconte son histoire     De \u00ab fr.sputniknews.com \u00bb France 11:38 19.03.2015(mis \u00e0 jour 15:41 19.03.2015)   Un dessinateur fran\u00e7ais, poursuivi actuellement pour avoir publi\u00e9 en 2011 un dessin consid\u00e9r\u00e9 par les autorit\u00e9s comme antis\u00e9mite, \u00e9voque pour Sputnik la d\u00e9gradation de la libert\u00e9 d&rsquo;expression en France.  L&rsquo;attaque contre la r\u00e9daction de l&rsquo;hebdomadaire satirique Charlie Hebdo a raviv\u00e9 le d\u00e9bat sur les \u00e9ventuelles limitations \u00e0 la libert\u00e9 d&rsquo;expression dans le monde. Cependant, la situation dans ce domaine semble assez controvers\u00e9e en France elle-m\u00eame.  Z\u00e9on, 31 ans, n\u00e9 \u00e0 Paris, se pr\u00e9sente comme le chef d&rsquo;un groupe de dessinateurs et caricaturistes boycott\u00e9s par les m\u00e9dias officiels.  \u00ab\u00a0Il y a une dizaine de jours, la police est venue me chercher chez moi \u00e0 7 heures du matin le mardi 3 mars 2015 pour me pr\u00e9senter \u00e0 la juge qui m&rsquo;a mis en examen pour un dessin contre lequel le BNVCA (bureau national de vigilance contre l&rsquo;antis\u00e9mitisme) a d\u00e9pos\u00e9 plainte en 2011. L&rsquo;enqu\u00eate est en cours actuellement\u00a0\u00bb, a fait savoir l&rsquo;interlocuteur de l&rsquo;agence.  Le dessinateur se d\u00e9clare \u00ab\u00a0surpris et choqu\u00e9\u00a0\u00bb par cette \u00ab\u00a0m\u00e9thode d&rsquo;intimidation\u00a0\u00bb.  \u00ab\u00a0A travers mes dessins, je n&rsquo;ai jamais appel\u00e9 \u00e0 la violence ou \u00e0 la haine envers qui que ce soit, au contraire je suis pour la tol\u00e9rance et la paix\u00a0\u00bb, affirme-t-il.  Soucieux d&rsquo;attirer l&rsquo;attention sur sa situation, Z\u00e9on a contact\u00e9 Plantu, c\u00e9l\u00e8bre dessinateur de presse fran\u00e7ais et cofondateur de \u00ab\u00a0Cartooning for peace\u00a0\u00bb, ainsi que le SG de l&rsquo;organisation, Laurence Lepetit, sans jamais avoir obtenu de r\u00e9ponse.  \u00ab\u00a0Depuis l&rsquo;affaire Charlie, on a entendu partout que les dessinateurs avaient le droit de critiquer tous les pouvoirs, de blasph\u00e9mer au nom de la libert\u00e9 d&rsquo;expression. En th\u00e9orie\u2026 mais dans la pratique, le combat pour la libert\u00e9 d&rsquo;expression ne fait que r\u00e9gresser\u00a0\u00bb, se plaint Zeon.  Selon lui, cela t\u00e9moigne du fait que le r\u00e9gime fran\u00e7ais est \u00ab\u00a0en train de virer vers une dictature\u00a0\u00bb.  \u00ab\u00a0Surtout quand ce gouvernement passe son temps \u00e0 attaquer et bombarder d&rsquo;autres pays comme la Lybie ou la Syrie au nom de la d\u00e9mocratie\u00a0\u00bb, indique le dessinateur.<\/p>\n","protected":false},"excerpt":{"rendered":"<p>UN CARICATURISTE FRAN\u00c7AIS POURSUIVI POUR UN DESSIN \u00ab ANTIS\u00c9MITE \u00bb, RACONTE SON HISTOIRE \u00ab\u00a0Cet autre article est une information relay\u00e9 [&hellip;]<\/p>\n","protected":false},"author":1,"featured_media":4867,"comment_status":"open","ping_status":"open","sticky":false,"template":"","format":"standard","meta":{"sfsi_plus_gutenberg_text_before_share":"","sfsi_plus_gutenberg_show_text_before_share":"","sfsi_plus_gutenberg_icon_type":"","sfsi_plus_gutenberg_icon_alignemt":"","sfsi_plus_gutenburg_max_per_row":"","site-sidebar-layout":"default","site-content-layout":"","ast-site-content-layout":"default","site-content-style":"default","site-sidebar-style":"default","ast-global-header-display":"","ast-banner-title-visibility":"","ast-main-header-display":"","ast-hfb-above-header-display":"","ast-hfb-below-header-display":"","ast-hfb-mobile-header-display":"","site-post-title":"","ast-breadcrumbs-content":"","ast-featured-img":"","footer-sml-layout":"","ast-disable-related-posts":"","theme-transparent-header-meta":"","adv-header-id-meta":"","stick-header-meta":"","header-above-stick-meta":"","header-main-stick-meta":"","header-below-stick-meta":"","astra-migrate-meta-layouts":"default","ast-page-background-enabled":"default","ast-page-background-meta":{"desktop":{"background-color":"var(--ast-global-color-4)","background-image":"","background-repeat":"repeat","background-position":"center center","background-size":"auto","background-attachment":"scroll","background-type":"","background-media":"","overlay-type":"","overlay-color":"","overlay-opacity":"","overlay-gradient":""},"tablet":{"background-color":"","background-image":"","background-repeat":"repeat","background-position":"center center","background-size":"auto","background-attachment":"scroll","background-type":"","background-media":"","overlay-type":"","overlay-color":"","overlay-opacity":"","overlay-gradient":""},"mobile":{"background-color":"","background-image":"","background-repeat":"repeat","background-position":"center center","background-size":"auto","background-attachment":"scroll","background-type":"","background-media":"","overlay-type":"","overlay-color":"","overlay-opacity":"","overlay-gradient":""}},"ast-content-background-meta":{"desktop":{"background-color":"var(--ast-global-color-5)","background-image":"","background-repeat":"repeat","background-position":"center center","background-size":"auto","background-attachment":"scroll","background-type":"","background-media":"","overlay-type":"","overlay-color":"","overlay-opacity":"","overlay-gradient":""},"tablet":{"background-color":"var(--ast-global-color-5)","background-image":"","background-repeat":"repeat","background-position":"center center","background-size":"auto","background-attachment":"scroll","background-type":"","background-media":"","overlay-type":"","overlay-color":"","overlay-opacity":"","overlay-gradient":""},"mobile":{"background-color":"var(--ast-global-color-5)","background-image":"","background-repeat":"repeat","background-position":"center center","background-size":"auto","background-attachment":"scroll","background-type":"","background-media":"","overlay-type":"","overlay-color":"","overlay-opacity":"","overlay-gradient":""}},"footnotes":""},"categories":[16],"tags":[],"class_list":["post-1123","post","type-post","status-publish","format-standard","has-post-thumbnail","hentry","category-archives-cms"],"_links":{"self":[{"href":"https:\/\/lavoiedessansvoix.fr\/lavoie\/wp-json\/wp\/v2\/posts\/1123","targetHints":{"allow":["GET"]}}],"collection":[{"href":"https:\/\/lavoiedessansvoix.fr\/lavoie\/wp-json\/wp\/v2\/posts"}],"about":[{"href":"https:\/\/lavoiedessansvoix.fr\/lavoie\/wp-json\/wp\/v2\/types\/post"}],"author":[{"embeddable":true,"href":"https:\/\/lavoiedessansvoix.fr\/lavoie\/wp-json\/wp\/v2\/users\/1"}],"replies":[{"embeddable":true,"href":"https:\/\/lavoiedessansvoix.fr\/lavoie\/wp-json\/wp\/v2\/comments?post=1123"}],"version-history":[{"count":1,"href":"https:\/\/lavoiedessansvoix.fr\/lavoie\/wp-json\/wp\/v2\/posts\/1123\/revisions"}],"predecessor-version":[{"id":4868,"href":"https:\/\/lavoiedessansvoix.fr\/lavoie\/wp-json\/wp\/v2\/posts\/1123\/revisions\/4868"}],"wp:featuredmedia":[{"embeddable":true,"href":"https:\/\/lavoiedessansvoix.fr\/lavoie\/wp-json\/wp\/v2\/media\/4867"}],"wp:attachment":[{"href":"https:\/\/lavoiedessansvoix.fr\/lavoie\/wp-json\/wp\/v2\/media?parent=1123"}],"wp:term":[{"taxonomy":"category","embeddable":true,"href":"https:\/\/lavoiedessansvoix.fr\/lavoie\/wp-json\/wp\/v2\/categories?post=1123"},{"taxonomy":"post_tag","embeddable":true,"href":"https:\/\/lavoiedessansvoix.fr\/lavoie\/wp-json\/wp\/v2\/tags?post=1123"}],"curies":[{"name":"wp","href":"https:\/\/api.w.org\/{rel}","templated":true}]}}