{"id":1122,"date":"2015-03-20T08:58:00","date_gmt":"2015-03-20T07:58:00","guid":{"rendered":"https:\/\/lavoiedessansvoix.fr\/lavoie\/2015\/03\/20\/archive-la-folle-journee-du-19-mars\/"},"modified":"2026-04-26T22:16:45","modified_gmt":"2026-04-26T20:16:45","slug":"archive-la-folle-journee-du-19-mars","status":"publish","type":"post","link":"https:\/\/lavoiedessansvoix.fr\/lavoie\/2015\/03\/20\/archive-la-folle-journee-du-19-mars\/","title":{"rendered":"LA FOLLE JOURN\u00c9E DU 19 MARS"},"content":{"rendered":"<p>LA FOLLE JOURN\u00c9E DU 19 MARS   L\u2019\u00e9clipse de lune et les grandes mar\u00e9es, les r\u00e9sultats des \u00e9lections l\u00e9gislatives en Isra\u00ebl qui, ridiculisant encore une fois les \u00ab pr\u00e9visionnistes \u00bb ont donn\u00e9 la victoire \u00e0 N\u00e9tanyahou, sous le signe de la n\u00e9gation de l\u2019Etat palestinien. Attaque contre les touristes \u00e9trangers qui visitaient le mus\u00e9e du Bardo \u00e0 Tunis, 23 morts, pendant que le parlement, juste \u00e0 c\u00f4t\u00e9 discutait de \u00ab lutte contre le terrorisme \u00bb. Annonces r\u00e9it\u00e9r\u00e9es de la catastrophe \u00e9lectorale annonc\u00e9e du PS aux tr\u00e8s prochaines \u00ab \u00e9lections d\u00e9partementales \u00bb. Pourquoi le r\u00e9p\u00e8tent-ils tant ? Pourquoi Manuel Valls, affichant sa panique ne fait-il qu\u2019encourager le vote FN qui dans ces circonstances s\u2019av\u00e8re \u00eatre \u00ab le nouveau vote utile \u00bb ? Annonce fracassante de nouvelles restrictions, une authentique d\u00e9rive s\u00e9curitaire liberticide, sous couvert de lutte contre le terrorisme. Rien de nouveau sous le soleil. \u00ab L\u2019ordre \u00bb, de tous temps, a toujours \u00e9t\u00e9 le pr\u00e9texte et la justification \u00ab morale \u00bb de toutes les dictatures. Et, sous le m\u00eame signe \u00ab de la lutte contre le terrorisme \u00bb annonce de nouvelles r\u00e8gles sur les paiements en liquide En v\u00e9rit\u00e9 l\u00e0 encore un train de mesures liberticides et un nouveau cadeau fait aux banques et au monde de la finance, ce si cher ennemi de Fran\u00e7ois Hollande, en leur donnant ainsi le privil\u00e8ge de contr\u00f4ler une plus grande masse des transactions. Et dans ce brouhaha de l\u2019actualit\u00e9, un silence toutefois, plus \u00e9loquent peut-\u00eatre que toutes les annonces assourdissantes. Hormis internet et quelques titres de la presse \u00e9crite, avez-vous entendu nos grands m\u00e9dias audiovisuels nous parler de la Gr\u00e8ce et de son nouveau premier Ministre Alexis Tsipras qui a devanc\u00e9 d\u2019un mois, au 8 avril, sa visite \u00e0 Moscou o\u00f9 il se rendra \u00e9galement le.9 mai, pour les c\u00e9r\u00e9monies de la victoire de 1945  ? Eh oui, l\u2019Europe, la France avec, jouent les gros bras avec la petite Gr\u00e8ce, multiplient les sanctions et les brimades contre la Russie, affirment en collaboration avec les USA, avoir \u00ab Isol\u00e9e \u00bb celle-ci, alors ils n\u2019ont pas tr\u00e8s envie de parler de ces signes forts de rapprochements entre la Gr\u00e8ce et la Russie qui t\u00e9moignent de r\u00e9alit\u00e9s contraires \u00e0 celles qu\u2019ils veulent faire avaler \u00e0 l\u2019opinion.    Bon, tout \u00e7a pour vous dire que nous aurions aim\u00e9 consacrer un article \u00e0 au moins 4 ou cinq des sujets \u00e9voqu\u00e9s ci-dessus, qui ont fait l\u2019actualit\u00e9 d\u00e9bordante du mardi 19 mars. Cela nous est impossible. Pour l\u2019information pure, au demeurant, le net offre suffisamment de sources. Pour notre part nous ne nous revendiquons pas \u00ab journaliste \u00bb mais \u00ab chroniqueur \u00bb, nous ne voulons pas faire un \u00ab Site d\u2019information exhaustif \u00bb mais un \u00ab Site d\u2019Opinion \u00bb.    A d\u00e9faut d\u2019intervenir nous-m\u00eame sur tous les sujets, nous vous proposons deux articles sur la question des libert\u00e9s publiques qui disent le fond de notre propre jugement.     Il s\u2019agit de  \u00ab  L\u2019argent liquide ou le prix de la libert\u00e9 \u00bb un article de Jean-Francis Pecresse paru dans \u00ab les Echos \u00bb, et de : \u00bbUn caricaturiste fran\u00e7ais poursuivi pour un dessin \u00ab\u00a0antis\u00e9mite\u00a0\u00bb raconte son histoire \u00bb, paru dans \u00ab sputnik France \u00bb le 19 mars \u00e9galement.  Vendredi 21 mars 2015.<\/p>\n","protected":false},"excerpt":{"rendered":"<p>LA FOLLE JOURN\u00c9E DU 19 MARS L\u2019\u00e9clipse de lune et les grandes mar\u00e9es, les r\u00e9sultats des \u00e9lections l\u00e9gislatives en Isra\u00ebl [&hellip;]<\/p>\n","protected":false},"author":1,"featured_media":4865,"comment_status":"open","ping_status":"open","sticky":false,"template":"","format":"standard","meta":{"sfsi_plus_gutenberg_text_before_share":"","sfsi_plus_gutenberg_show_text_before_share":"","sfsi_plus_gutenberg_icon_type":"","sfsi_plus_gutenberg_icon_alignemt":"","sfsi_plus_gutenburg_max_per_row":"","site-sidebar-layout":"default","site-content-layout":"","ast-site-content-layout":"default","site-content-style":"default","site-sidebar-style":"default","ast-global-header-display":"","ast-banner-title-visibility":"","ast-main-header-display":"","ast-hfb-above-header-display":"","ast-hfb-below-header-display":"","ast-hfb-mobile-header-display":"","site-post-title":"","ast-breadcrumbs-content":"","ast-featured-img":"","footer-sml-layout":"","ast-disable-related-posts":"","theme-transparent-header-meta":"","adv-header-id-meta":"","stick-header-meta":"","header-above-stick-meta":"","header-main-stick-meta":"","header-below-stick-meta":"","astra-migrate-meta-layouts":"default","ast-page-background-enabled":"default","ast-page-background-meta":{"desktop":{"background-color":"var(--ast-global-color-4)","background-image":"","background-repeat":"repeat","background-position":"center center","background-size":"auto","background-attachment":"scroll","background-type":"","background-media":"","overlay-type":"","overlay-color":"","overlay-opacity":"","overlay-gradient":""},"tablet":{"background-color":"","background-image":"","background-repeat":"repeat","background-position":"center center","background-size":"auto","background-attachment":"scroll","background-type":"","background-media":"","overlay-type":"","overlay-color":"","overlay-opacity":"","overlay-gradient":""},"mobile":{"background-color":"","background-image":"","background-repeat":"repeat","background-position":"center center","background-size":"auto","background-attachment":"scroll","background-type":"","background-media":"","overlay-type":"","overlay-color":"","overlay-opacity":"","overlay-gradient":""}},"ast-content-background-meta":{"desktop":{"background-color":"var(--ast-global-color-5)","background-image":"","background-repeat":"repeat","background-position":"center center","background-size":"auto","background-attachment":"scroll","background-type":"","background-media":"","overlay-type":"","overlay-color":"","overlay-opacity":"","overlay-gradient":""},"tablet":{"background-color":"var(--ast-global-color-5)","background-image":"","background-repeat":"repeat","background-position":"center center","background-size":"auto","background-attachment":"scroll","background-type":"","background-media":"","overlay-type":"","overlay-color":"","overlay-opacity":"","overlay-gradient":""},"mobile":{"background-color":"var(--ast-global-color-5)","background-image":"","background-repeat":"repeat","background-position":"center center","background-size":"auto","background-attachment":"scroll","background-type":"","background-media":"","overlay-type":"","overlay-color":"","overlay-opacity":"","overlay-gradient":""}},"footnotes":""},"categories":[16],"tags":[],"class_list":["post-1122","post","type-post","status-publish","format-standard","has-post-thumbnail","hentry","category-archives-cms"],"_links":{"self":[{"href":"https:\/\/lavoiedessansvoix.fr\/lavoie\/wp-json\/wp\/v2\/posts\/1122","targetHints":{"allow":["GET"]}}],"collection":[{"href":"https:\/\/lavoiedessansvoix.fr\/lavoie\/wp-json\/wp\/v2\/posts"}],"about":[{"href":"https:\/\/lavoiedessansvoix.fr\/lavoie\/wp-json\/wp\/v2\/types\/post"}],"author":[{"embeddable":true,"href":"https:\/\/lavoiedessansvoix.fr\/lavoie\/wp-json\/wp\/v2\/users\/1"}],"replies":[{"embeddable":true,"href":"https:\/\/lavoiedessansvoix.fr\/lavoie\/wp-json\/wp\/v2\/comments?post=1122"}],"version-history":[{"count":1,"href":"https:\/\/lavoiedessansvoix.fr\/lavoie\/wp-json\/wp\/v2\/posts\/1122\/revisions"}],"predecessor-version":[{"id":4866,"href":"https:\/\/lavoiedessansvoix.fr\/lavoie\/wp-json\/wp\/v2\/posts\/1122\/revisions\/4866"}],"wp:featuredmedia":[{"embeddable":true,"href":"https:\/\/lavoiedessansvoix.fr\/lavoie\/wp-json\/wp\/v2\/media\/4865"}],"wp:attachment":[{"href":"https:\/\/lavoiedessansvoix.fr\/lavoie\/wp-json\/wp\/v2\/media?parent=1122"}],"wp:term":[{"taxonomy":"category","embeddable":true,"href":"https:\/\/lavoiedessansvoix.fr\/lavoie\/wp-json\/wp\/v2\/categories?post=1122"},{"taxonomy":"post_tag","embeddable":true,"href":"https:\/\/lavoiedessansvoix.fr\/lavoie\/wp-json\/wp\/v2\/tags?post=1122"}],"curies":[{"name":"wp","href":"https:\/\/api.w.org\/{rel}","templated":true}]}}