{"id":1120,"date":"2015-03-24T04:07:00","date_gmt":"2015-03-24T03:07:00","guid":{"rendered":"https:\/\/lavoiedessansvoix.fr\/lavoie\/2015\/03\/24\/archive-la-peur-du-loup-petit-conte-allegorique\/"},"modified":"2026-04-26T22:16:28","modified_gmt":"2026-04-26T20:16:28","slug":"archive-la-peur-du-loup-petit-conte-allegorique","status":"publish","type":"post","link":"https:\/\/lavoiedessansvoix.fr\/lavoie\/2015\/03\/24\/archive-la-peur-du-loup-petit-conte-allegorique\/","title":{"rendered":"\u00ab LA PEUR DU LOUP \u00bb  PETIT CONTE ALL\u00c9GORIQUE"},"content":{"rendered":"<p>\u00ab LA PEUR DU LOUP \u00bb  PETIT CONTE ALL\u00c9GORIQUE   Jean Populus n\u2019aimait pas les rats et s\u2019en m\u00e9fiait. Il avait de multiples raisons de ha\u00efr cette engeance qui vivait \u00e0 ses crochets, qui d\u00e9vorait ses victuailles, tant qu\u2019il \u00e9tait contraint de travailler toujours plus pour s\u2019en procurer de nouvelles.  Jean Populus avait aussi une phobie, une peur ancestrale du loup ; Celle-ci \u00e9tait si grande, si irrationnelle, si infond\u00e9 &#8211;  il n\u2019avait jamais vu de loup ailleurs qu\u2019au jardin des plantes \u00bb &#8211; si handicapante, que devenu adulte, il se r\u00e9solut \u00e0 consulter un Psy. Il s\u2019av\u00e9ra que dans sa petite enfance d\u00e9j\u00e0, \u00e0 la veill\u00e9e, sa \u00ab m\u00e8re grand \u00bb lui contait l\u2019histoire du petit chaperon rouge et quelque autres toutes aussi horribles, qui lui faisaient faire des cauchemars et des crises de frayeur nocturne. Sa phobie venait-elle de l\u00e0 ? Le \u00ab Psy \u00bb n\u2019en paraissait pas convaincu. Il penchait plut\u00f4t pour une explication relevant de la m\u00e9tempsychose : \u00ab dans une vie ant\u00e9rieure Jean Populus avait probablement \u00e9t\u00e9 mouton. \u00bb  Un jour qu\u2019il \u00e9tait tranquillement chez lui \u00e0 faire une petite sieste apr\u00e8s le repas, il fut r\u00e9veill\u00e9 en sursaut par des appels \u00ab au loup ! \u00bb \u00ab Au loup ! \u00bb. Surpris dans son sommeil il se redressa en un bond, ne pris pas m\u00eame le temps de r\u00e9fl\u00e9chir, se r\u00e9fugia dans le placard du fond du couloir qui lui servait de garde-manger et ferma la porte sur lui. S\u2019\u00e9tait le placard aux rats, il n\u2019y avait pas m\u00eame song\u00e9. Nous \u00e9tions en hiver. Les vents mauvais rugissaient dehors, faisaient craquer les arbres et vibrer la porte de son logis, sifflaient dans les branches et dans la chemin\u00e9e. Il entendait maints bruits suspects qu\u2019il interpr\u00e9tait \u00e0 l\u2019aune de sa terreur, il entendait tr\u00e8s nettement les g\u00e9missements et les glapis du loup affam\u00e9. Il  n\u2019osait plus sortir. Aucune force au monde n\u2019aurait pu le tirer de sa retraite. Son imaginaire malade suppl\u00e9ait \u00e0 la r\u00e9alit\u00e9 pour entretenir son \u00e9pouvante. Il resta ainsi fort longtemps prisonnier de son placard et de son effroi. Nul ne sait vraiment combien de temps dura son calvaire. Plusieurs jours c\u2019est certain. Il finit par mourir de faim et de soif surtout. Alors les rats le d\u00e9vor\u00e8rent. C\u2019est Perrine, son amie, qui d\u00e9couvrit le peu qui en restait.   Bien s\u00fbr l\u2019histoire tragique fit le tour du Landerneau. Des \u00ab m\u00e8re-grand \u00bb indignes la racontaient, dit-on, le soir \u00e0 leur petits enfants pour se venger des mis\u00e8res que ceux-ci leur avait fait durant la journ\u00e9e.  En fait de loup il n\u2019y en avait probablement jamais eu. Le loup pensez un peu. Y en aurait-il eut un, Jean Populus qui \u00e9tait grand vif et fort, \u00e9tait de taille \u00e0 faire face. Mais c\u2019est le propre des phobies, qu\u2019elles ne se raisonnent pas. Son Psy inform\u00e9 pensa qu\u2019il avait fait un nouveau cauchemar et sorti du sommeil brutalement avait \u00e9t\u00e9 incapable de discerner le r\u00eave et la r\u00e9alit\u00e9. Un philosophe affirma bien longtemps apr\u00e8s que \u00ab la phobie du loup \u00bb avait \u00e9t\u00e9 \u00e0 Jean Populus, la cl\u00e9 psychique qui scella son tombeau \u00bb.   La rumeur publique elle, s\u2019empara d\u2019une autre version. Jean Populus aurait \u00e9t\u00e9 victime d\u2019un stratag\u00e8me des rats, pour l\u2019attirer et l\u2019enfermer dans leur placard. Ceux-ci auraient appris \u00e0 crier au loup \u00e0 l\u2019exemple de Pierre, le petit gar\u00e7on des voisins dont s\u2019\u00e9tait le jeu favori.  Pour ma part, moi qui vous la raconte, encore aujourd\u2019hui j\u2019ai de la peine \u00e0 croire \u00e0 la r\u00e9alit\u00e9 de cette histoire. Un ami cher m\u2019a sugg\u00e9r\u00e9 r\u00e9cemment qu\u2019il pourrait ne s\u2019agir que d\u2019un petit conte all\u00e9gorique illustrant le fonctionnement de la 5\u00e8me r\u00e9publique. Le loup dont il serait question alors serait \u00ab Le Front National \u00bb, le placard ce serait l\u2019alternance politique qui retient le peuple prisonnier du syst\u00e8me, et les rats hurleurs seraient le personnel politique et les profiteurs qui se repaissent de nos chairs et ont int\u00e9r\u00eat \u00e0 nous garder dans le placard.  Je ne suis pas certain encore que cette derni\u00e8re version soit la bonne. J\u2019attends vos avis.  Patrick Seignon. \u00ab lavoiedessansvoix.fr \u00bb Mardi 24 mars 2015.<\/p>\n","protected":false},"excerpt":{"rendered":"<p>\u00ab LA PEUR DU LOUP \u00bb PETIT CONTE ALL\u00c9GORIQUE Jean Populus n\u2019aimait pas les rats et s\u2019en m\u00e9fiait. Il avait [&hellip;]<\/p>\n","protected":false},"author":1,"featured_media":4861,"comment_status":"open","ping_status":"open","sticky":false,"template":"","format":"standard","meta":{"sfsi_plus_gutenberg_text_before_share":"","sfsi_plus_gutenberg_show_text_before_share":"","sfsi_plus_gutenberg_icon_type":"","sfsi_plus_gutenberg_icon_alignemt":"","sfsi_plus_gutenburg_max_per_row":"","site-sidebar-layout":"default","site-content-layout":"","ast-site-content-layout":"default","site-content-style":"default","site-sidebar-style":"default","ast-global-header-display":"","ast-banner-title-visibility":"","ast-main-header-display":"","ast-hfb-above-header-display":"","ast-hfb-below-header-display":"","ast-hfb-mobile-header-display":"","site-post-title":"","ast-breadcrumbs-content":"","ast-featured-img":"","footer-sml-layout":"","ast-disable-related-posts":"","theme-transparent-header-meta":"","adv-header-id-meta":"","stick-header-meta":"","header-above-stick-meta":"","header-main-stick-meta":"","header-below-stick-meta":"","astra-migrate-meta-layouts":"default","ast-page-background-enabled":"default","ast-page-background-meta":{"desktop":{"background-color":"var(--ast-global-color-4)","background-image":"","background-repeat":"repeat","background-position":"center center","background-size":"auto","background-attachment":"scroll","background-type":"","background-media":"","overlay-type":"","overlay-color":"","overlay-opacity":"","overlay-gradient":""},"tablet":{"background-color":"","background-image":"","background-repeat":"repeat","background-position":"center center","background-size":"auto","background-attachment":"scroll","background-type":"","background-media":"","overlay-type":"","overlay-color":"","overlay-opacity":"","overlay-gradient":""},"mobile":{"background-color":"","background-image":"","background-repeat":"repeat","background-position":"center center","background-size":"auto","background-attachment":"scroll","background-type":"","background-media":"","overlay-type":"","overlay-color":"","overlay-opacity":"","overlay-gradient":""}},"ast-content-background-meta":{"desktop":{"background-color":"var(--ast-global-color-5)","background-image":"","background-repeat":"repeat","background-position":"center center","background-size":"auto","background-attachment":"scroll","background-type":"","background-media":"","overlay-type":"","overlay-color":"","overlay-opacity":"","overlay-gradient":""},"tablet":{"background-color":"var(--ast-global-color-5)","background-image":"","background-repeat":"repeat","background-position":"center center","background-size":"auto","background-attachment":"scroll","background-type":"","background-media":"","overlay-type":"","overlay-color":"","overlay-opacity":"","overlay-gradient":""},"mobile":{"background-color":"var(--ast-global-color-5)","background-image":"","background-repeat":"repeat","background-position":"center center","background-size":"auto","background-attachment":"scroll","background-type":"","background-media":"","overlay-type":"","overlay-color":"","overlay-opacity":"","overlay-gradient":""}},"footnotes":""},"categories":[16],"tags":[],"class_list":["post-1120","post","type-post","status-publish","format-standard","has-post-thumbnail","hentry","category-archives-cms"],"_links":{"self":[{"href":"https:\/\/lavoiedessansvoix.fr\/lavoie\/wp-json\/wp\/v2\/posts\/1120","targetHints":{"allow":["GET"]}}],"collection":[{"href":"https:\/\/lavoiedessansvoix.fr\/lavoie\/wp-json\/wp\/v2\/posts"}],"about":[{"href":"https:\/\/lavoiedessansvoix.fr\/lavoie\/wp-json\/wp\/v2\/types\/post"}],"author":[{"embeddable":true,"href":"https:\/\/lavoiedessansvoix.fr\/lavoie\/wp-json\/wp\/v2\/users\/1"}],"replies":[{"embeddable":true,"href":"https:\/\/lavoiedessansvoix.fr\/lavoie\/wp-json\/wp\/v2\/comments?post=1120"}],"version-history":[{"count":1,"href":"https:\/\/lavoiedessansvoix.fr\/lavoie\/wp-json\/wp\/v2\/posts\/1120\/revisions"}],"predecessor-version":[{"id":4862,"href":"https:\/\/lavoiedessansvoix.fr\/lavoie\/wp-json\/wp\/v2\/posts\/1120\/revisions\/4862"}],"wp:featuredmedia":[{"embeddable":true,"href":"https:\/\/lavoiedessansvoix.fr\/lavoie\/wp-json\/wp\/v2\/media\/4861"}],"wp:attachment":[{"href":"https:\/\/lavoiedessansvoix.fr\/lavoie\/wp-json\/wp\/v2\/media?parent=1120"}],"wp:term":[{"taxonomy":"category","embeddable":true,"href":"https:\/\/lavoiedessansvoix.fr\/lavoie\/wp-json\/wp\/v2\/categories?post=1120"},{"taxonomy":"post_tag","embeddable":true,"href":"https:\/\/lavoiedessansvoix.fr\/lavoie\/wp-json\/wp\/v2\/tags?post=1120"}],"curies":[{"name":"wp","href":"https:\/\/api.w.org\/{rel}","templated":true}]}}