{"id":1118,"date":"2015-03-30T17:27:00","date_gmt":"2015-03-30T15:27:00","guid":{"rendered":"https:\/\/lavoiedessansvoix.fr\/lavoie\/2015\/03\/30\/archive-la-patee-analyse-et-consequences\/"},"modified":"2026-04-26T22:16:12","modified_gmt":"2026-04-26T20:16:12","slug":"archive-la-patee-analyse-et-consequences","status":"publish","type":"post","link":"https:\/\/lavoiedessansvoix.fr\/lavoie\/2015\/03\/30\/archive-la-patee-analyse-et-consequences\/","title":{"rendered":"LA P\u00c2T\u00c9E  Analyse et cons\u00e9quences"},"content":{"rendered":"<p>LA P\u00c2T\u00c9E  Analyse et cons\u00e9quences   Eh oui, malgr\u00e9 la volont\u00e9 de minimiser sa d\u00e9faite, en d\u00e9but de soir\u00e9e d\u2019hier, c\u2019est bien une \u00ab p\u00e2t\u00e9e \u00bb \u00e9lectorale que le PS vient de subir.  Vague bleue ? Nous l\u2019avions annonc\u00e9 sans grand peine il faut bien l\u2019avouer, ils avaient r\u00e9cit\u00e9e cette antienne d\u00e9j\u00e0 au soir du premier tour, et d\u2019ailleurs, n\u2019\u00e9tait-ce pas qu\u2019une resuc\u00e9e de celle qu\u2019ils nous avaient d\u00e9bit\u00e9e il y a un an d\u00e9j\u00e0 aux soirs de leurs d\u00e9faites des municipales ? \u00ab La vague bleue-ciel \u00bb pour occulter \u00ab la vague bleue marine \u00bb, m\u00eame les coloristes d\u00e9butants vous le diront, c\u2019est une gageure.   Sarkozy et l\u2019UMP, avec l\u2019aide active de la machine m\u00e9diatique, et la complicit\u00e9 du PS,  tentent de s\u2019approprier \u00ab la victoire \u00bb. Mais il est clair que l\u2019UMP et son chef ne sont pour rien dans ce qui est advenu. On parle fr\u00e9quemment dans les guerres \u00ab des victimes collat\u00e9rales \u00bb plus rarement des \u00ab b\u00e9n\u00e9ficiaires collat\u00e9raux \u00bb, ceux qui amassent des fortunes avec la vente des armes ou du b\u00e9ton des reconstructions. Eh bien, dans le combat \u00e9lectoral qui vient de se d\u00e9rouler sous nos yeux, l\u2019UMP est la \u00ab b\u00e9n\u00e9ficiaire collat\u00e9rale \u00bb. Elle tire les marrons du feu, non par la vertu de son propre engagement, de son programme, du g\u00e9nie suppos\u00e9 de son \u00ab mauvais g\u00e9nie \u00bb, ou de je ne sais quoi d\u2019autre, mais uniquement parce que le syst\u00e8me de l\u2019alternance veut qu\u2019il en soit ainsi. L\u2019expression \u00e9lectorale \u00e9tant pi\u00e9g\u00e9e par \u00ab l\u2019alternance \u00bb, cela fonctionne sur le mode des vases communicants, les pertes subies par l\u2019un des membres du bin\u00f4me font le b\u00e9n\u00e9fice de l\u2019autre.   Car s\u2019il est vrai que l\u2019\u00e9mergence du Front National met \u00e0 mal le fonctionnement de l\u2019alternance, il n\u2019en demeure pas moins que celui-ci, pour un temps encore au moins, demeure la r\u00e8gle, et dirige les mouvements \u00e9lectoraux.  La sanction, pour le PS, est terrible. Elle s\u2019exprime certes, en partie par la victoire de l\u2019UMP, mais elle se manifeste bien d\u2019avantage encore dans le vote FN et dans l\u2019abstention.  LA SANCTION ABSTENTIONNISTE  Manuel Valls qui se flattait lui-m\u00eame, \u00e0 l\u2019issue du premier tour, de l\u2019efficacit\u00e9 de son engagement qui croyait-il expliquait une participation meilleure que pr\u00e9vue (on se contente de peu), doit en rabattre \u00e0 l\u2019issue du deuxi\u00e8me tour, o\u00f9, malgr\u00e9 les appels au rassemblement de la gauche et \u00e0 \u00ab la mise en d\u00e9fense de la R\u00e9publique \u00bb qui serait menac\u00e9e par le loup FN, l\u2019abstention a \u00e9t\u00e9 sup\u00e9rieure \u00e0 celle du premier tour. Les \u00e9lecteurs f\u00e2ch\u00e9s n\u2019ont pas voulus entendre les appels de Manuel Valls et de ses semblables. Leur col\u00e8re est assez grande et leur d\u00e9termination assez forte pour dire, quoique qu\u2019il en advienne, qu\u2019ils veulent sanctionner et que d\u00e8s lors aucune supplications ou menace verbale n\u2019est de nature \u00e0 les faire changer d\u2019avis. Et encore ! Que l\u2019on y songe, le ph\u00e9nom\u00e8ne abstentionniste est-il l\u00e9g\u00e8rement contenu par \u00ab la tactique du front r\u00e9publicain \u00bb. Si nombre d\u2019\u00e9lecteurs de \u00ab gauche \u00bb n\u2019avait r\u00e9solu, sensibles qu\u2019ils sont encore \u00e0 la peur du loup, de voter \u00e0 droite pour faire barrage au FN, imaginez de combien plus \u00e9lev\u00e9e eut \u00e9t\u00e9 l\u2019abstention ?  Or, qu\u2019est-ce que l\u2019abstention, par-del\u00e0 bien sur sa part structurelle d\u00fb au d\u00e9sint\u00e9r\u00eat d\u2019une partie de la population pour la chose publique ? C\u2019est plus qu\u2019une simple sanction, une manifestation de rejet par des \u00e9lecteurs flou\u00e9s ou mis en marge par le syst\u00e8me. Cela pr\u00e9sage de la proximit\u00e9 d\u2019une crise institutionnelle prochaine de la 5\u00e8me R\u00e9publique, dont les conditions sont aggrav\u00e9es encore par la sous-repr\u00e9sentation de plus d\u2019un quart des \u00e9lecteurs. Cela ne m\u00e9rite-t-il pas  mieux que le d\u00e9dain pr\u00e9-affich\u00e9 du Pr\u00e9sident de la R\u00e9publique ?  LE VOTE FRONT NATIONAL  Des observateurs l\u2019ont d\u00e9j\u00e0 admis. Ils ne peuvent pas faire moins. Le vote Front National, dont la mont\u00e9e en puissance sanctionne les politiques identiques faite tour \u00e0 tour par la droite et la gauche, n\u2019est plus un vote \u00ab sanction \u00bb c\u2019est-\u00e0-dire \u00ab protestataire \u00bb, c\u2019est un vote alternatif. Nous avons expliqu\u00e9 dans un de nos articles pr\u00e9c\u00e9dents que les \u00e9lecteurs \u00ab\u00a0qui vous ont  sanctionn\u00e9, ne l\u2019ont pas fait au sens ou le maitre sanctionne le mauvais  \u00e9l\u00e8ve pour qu\u2019il s\u2019amende. Les \u00e9lecteurs qui ont choisi de vous  sanctionner n\u2019attendent plus rien de vous. Il ne vous demande pas de  vous amender. Ils savent que cela est impossible, que vous \u00eates les  charg\u00e9s d\u2019affaires des grands patrons et de la haute finance et que  c\u2019est aux injonctions de ceux-l\u00e0 que vous obtemp\u00e9rez. Les  \u00e9lecteurs ne vous ont pas sanctionn\u00e9 pour que vous appreniez \u00e0 \u00eatre  meilleurs, mais parce qu\u2019ils sont \u00e0 la recherche de solutions nouvelles  et d\u00e9sirent vous chasser \u00a0\u00bb  Or, pour vous chasser, dans le contexte politique actuel, ils n\u2019ont d\u2019autre recours que de se tourner vers le \u00ab Front National \u00bb. C\u2019est pourquoi le vote \u00ab Front National \u00bb aujourd\u2019hui est plus qu\u2019un vote sanction, plus qu\u2019un vote protestataire, c&rsquo;est un vote \u00ab alternatif \u00bb pour ouvrir \u00ab\u00a0un autre possible\u00a0\u00bb.  Alors certes on peut le regretter, et je suis de ceux-l\u00e0 qui le regrettent am\u00e8rement. Mais c\u2019est une r\u00e9alit\u00e9 objective intangible, et il ne sert de rien de se voiler la face.  Seule une v\u00e9ritable opposition de gauche, qui ne peut apparaitre comme telle, sans une rupture claire et totale avec \u00ab la gauche d\u2019alternance \u00bb, serait susceptible, \u00e0 force d\u2019efforts et d\u2019un peu de temps et de patience, de faire pi\u00e8ce \u00e0 la progression du \u00ab FN \u00bb en proposant \u00ab un autre possible alternatif \u00e0 celui-ci \u00bb.  Mais encore une fois, ce n\u2019est pas le chemin qu\u2019ont pris les forces susceptibles de composer une pareille opposition. En jouant la carte \u00ab du rassemblement \u00e0 gauche \u00bb lors du deuxi\u00e8me tour des \u00e9lections cantonales, elles ont persist\u00e9 \u00e0 brouiller leur propre message. Ce serait la pire des catastrophes qu\u2019elles persistent dans cette voie dans la perspective des \u00e9lections r\u00e9gionales de d\u00e9cembre prochain. En effet, quel message contribuent-elles \u00e0 faire passer par ce positionnement. Qu\u2019en d\u00e9finitive, \u00e0 gauche, il n\u2019y a pas, il n&rsquo;y aura pas, \u00ab d\u2019autre possible \u00bb que la voie trac\u00e9e par l\u2019\u00e9quipe gouvernementale.  Alors, s\u2019il n\u2019y a pas \u00ab\u00a0d\u2019autre possible\u00a0\u00bb en dehors de celui que propose le FN, il ne fait aucun doute que les Fran\u00e7ais exasp\u00e9r\u00e9s finiront par donner sa chance \u00e0 celui-ci.  Lundi 30 mars 2015.<\/p>\n","protected":false},"excerpt":{"rendered":"<p>LA P\u00c2T\u00c9E Analyse et cons\u00e9quences Eh oui, malgr\u00e9 la volont\u00e9 de minimiser sa d\u00e9faite, en d\u00e9but de soir\u00e9e d\u2019hier, c\u2019est [&hellip;]<\/p>\n","protected":false},"author":1,"featured_media":4857,"comment_status":"open","ping_status":"open","sticky":false,"template":"","format":"standard","meta":{"sfsi_plus_gutenberg_text_before_share":"","sfsi_plus_gutenberg_show_text_before_share":"","sfsi_plus_gutenberg_icon_type":"","sfsi_plus_gutenberg_icon_alignemt":"","sfsi_plus_gutenburg_max_per_row":"","site-sidebar-layout":"default","site-content-layout":"","ast-site-content-layout":"default","site-content-style":"default","site-sidebar-style":"default","ast-global-header-display":"","ast-banner-title-visibility":"","ast-main-header-display":"","ast-hfb-above-header-display":"","ast-hfb-below-header-display":"","ast-hfb-mobile-header-display":"","site-post-title":"","ast-breadcrumbs-content":"","ast-featured-img":"","footer-sml-layout":"","ast-disable-related-posts":"","theme-transparent-header-meta":"","adv-header-id-meta":"","stick-header-meta":"","header-above-stick-meta":"","header-main-stick-meta":"","header-below-stick-meta":"","astra-migrate-meta-layouts":"default","ast-page-background-enabled":"default","ast-page-background-meta":{"desktop":{"background-color":"var(--ast-global-color-4)","background-image":"","background-repeat":"repeat","background-position":"center center","background-size":"auto","background-attachment":"scroll","background-type":"","background-media":"","overlay-type":"","overlay-color":"","overlay-opacity":"","overlay-gradient":""},"tablet":{"background-color":"","background-image":"","background-repeat":"repeat","background-position":"center center","background-size":"auto","background-attachment":"scroll","background-type":"","background-media":"","overlay-type":"","overlay-color":"","overlay-opacity":"","overlay-gradient":""},"mobile":{"background-color":"","background-image":"","background-repeat":"repeat","background-position":"center center","background-size":"auto","background-attachment":"scroll","background-type":"","background-media":"","overlay-type":"","overlay-color":"","overlay-opacity":"","overlay-gradient":""}},"ast-content-background-meta":{"desktop":{"background-color":"var(--ast-global-color-5)","background-image":"","background-repeat":"repeat","background-position":"center center","background-size":"auto","background-attachment":"scroll","background-type":"","background-media":"","overlay-type":"","overlay-color":"","overlay-opacity":"","overlay-gradient":""},"tablet":{"background-color":"var(--ast-global-color-5)","background-image":"","background-repeat":"repeat","background-position":"center center","background-size":"auto","background-attachment":"scroll","background-type":"","background-media":"","overlay-type":"","overlay-color":"","overlay-opacity":"","overlay-gradient":""},"mobile":{"background-color":"var(--ast-global-color-5)","background-image":"","background-repeat":"repeat","background-position":"center center","background-size":"auto","background-attachment":"scroll","background-type":"","background-media":"","overlay-type":"","overlay-color":"","overlay-opacity":"","overlay-gradient":""}},"footnotes":""},"categories":[16],"tags":[],"class_list":["post-1118","post","type-post","status-publish","format-standard","has-post-thumbnail","hentry","category-archives-cms"],"_links":{"self":[{"href":"https:\/\/lavoiedessansvoix.fr\/lavoie\/wp-json\/wp\/v2\/posts\/1118","targetHints":{"allow":["GET"]}}],"collection":[{"href":"https:\/\/lavoiedessansvoix.fr\/lavoie\/wp-json\/wp\/v2\/posts"}],"about":[{"href":"https:\/\/lavoiedessansvoix.fr\/lavoie\/wp-json\/wp\/v2\/types\/post"}],"author":[{"embeddable":true,"href":"https:\/\/lavoiedessansvoix.fr\/lavoie\/wp-json\/wp\/v2\/users\/1"}],"replies":[{"embeddable":true,"href":"https:\/\/lavoiedessansvoix.fr\/lavoie\/wp-json\/wp\/v2\/comments?post=1118"}],"version-history":[{"count":1,"href":"https:\/\/lavoiedessansvoix.fr\/lavoie\/wp-json\/wp\/v2\/posts\/1118\/revisions"}],"predecessor-version":[{"id":4858,"href":"https:\/\/lavoiedessansvoix.fr\/lavoie\/wp-json\/wp\/v2\/posts\/1118\/revisions\/4858"}],"wp:featuredmedia":[{"embeddable":true,"href":"https:\/\/lavoiedessansvoix.fr\/lavoie\/wp-json\/wp\/v2\/media\/4857"}],"wp:attachment":[{"href":"https:\/\/lavoiedessansvoix.fr\/lavoie\/wp-json\/wp\/v2\/media?parent=1118"}],"wp:term":[{"taxonomy":"category","embeddable":true,"href":"https:\/\/lavoiedessansvoix.fr\/lavoie\/wp-json\/wp\/v2\/categories?post=1118"},{"taxonomy":"post_tag","embeddable":true,"href":"https:\/\/lavoiedessansvoix.fr\/lavoie\/wp-json\/wp\/v2\/tags?post=1118"}],"curies":[{"name":"wp","href":"https:\/\/api.w.org\/{rel}","templated":true}]}}