{"id":1116,"date":"2015-04-07T08:45:00","date_gmt":"2015-04-07T06:45:00","guid":{"rendered":"https:\/\/lavoiedessansvoix.fr\/lavoie\/2015\/04\/07\/archive-si-tu-me-juge-je-me-suicide\/"},"modified":"2026-04-26T22:15:53","modified_gmt":"2026-04-26T20:15:53","slug":"archive-si-tu-me-juge-je-me-suicide","status":"publish","type":"post","link":"https:\/\/lavoiedessansvoix.fr\/lavoie\/2015\/04\/07\/archive-si-tu-me-juge-je-me-suicide\/","title":{"rendered":"\u00ab SI TU ME JUGE JE ME SUICIDE ! \u00bb"},"content":{"rendered":"<p>\u00ab SI TU ME JUGE JE ME SUICIDE ! \u00bb    Le suicide est regrettable, lorsqu\u2019il s\u2019agit de l\u2019acte d\u00e9sesp\u00e9r\u00e9 d\u2019un malade sous l\u2019emprise de ses angoisses ou de sa d\u00e9mence passag\u00e8re. Il est \u00e9galement lorsqu\u2019il r\u00e9sulte d\u2019une injustice, d\u2019un acharnement arbitraire d\u2019un mal-\u00eatre social, qui pourrait-\u00eatre \u00e9vit\u00e9 par une soci\u00e9t\u00e9 moins in\u00e9galitaire, plus juste ou plus fraternelle. Dans les autres cas, et \u00e0 la condition expresse qu\u2019il n\u2019y pr\u00e9cipite pas les autres, c\u2019est un droit d\u2019autant plus inali\u00e9nable de l\u2019homme qu\u2019en l\u2019esp\u00e8ce celui qui l\u2019exerce en d\u00e9cide par lui-m\u00eame et enti\u00e8rement seul.    Le proc\u00e8s n\u2019avait pas commenc\u00e9, il \u00e9tait encore \u00ab pr\u00e9sum\u00e9 innocent \u00bb. Ce qu\u2019il redoutait, ce ne pouvait donc \u00eatre la rumeur publique ni le jugement moral de ses concitoyens, qui sont des r\u00e9alit\u00e9s d\u00e9j\u00e0 anciennes dont il s\u2019\u00e9tait accommod\u00e9 jusque-l\u00e0, mais bien les r\u00e9v\u00e9lations du proc\u00e8s et le verdict qui le conclurait. Jean Germain a choisi de ne pas comparaitre devant la justice des hommes, c\u2019est son droit le plus strict et c\u2019est probablement, enfin, une chose chez lui de nature \u00e0 nous inspirer du respect.    Manuel Valls, qui n\u2019est pas de la m\u00eame trempe que nous, s\u2019est dit boulevers\u00e9 par la disparition de \u00ab son ami \u00bb. \u00bb Dis-moi qui sont tes amis je te dirai qui tu es ! \u00bb    Bien s\u00fbr tous les politiciens v\u00e9reux qui redoutent de devoir rendre des comptes un jour ou l\u2019autre, vont s\u2019\u00e9mouvoir de sa disparition. Ils ont d\u00e9j\u00e0 commenc\u00e9. Ils accusent l\u2019acharnement des journalistes et des juges. Si cela pouvait inciter ces derniers \u00e0 les \u00ab l\u00e2cher \u00bb un peu, Ce qu\u2019ils revendiquent en v\u00e9rit\u00e9, ce n\u2019est pas la seule pr\u00e9somption d\u2019innocence, ce n\u2019est pas la protection de \u00ab l\u2019immunit\u00e9 parlementaire \u00bb, c\u2019est l\u2019impunit\u00e9 totale     Imaginez, Balkany, Sarko, Cahuzac et Gu\u00e9ant pourraient souffler un peu si les juges prenaient peur tout \u00e0 coup d\u2019\u00eatre accus\u00e9s de les pousser au suicide. Mais que les juges se tranquillisent :  lorsqu\u2019il s\u2019agit de la libre disposition de sa propre existence, de l\u2019auto-justice que s\u2019appliquent des crapules av\u00e9r\u00e9es, ou de la volont\u00e9 d\u2019\u00e9chapper \u00e0 l\u2019opprobre ou \u00e0 la justice des hommes, le suicide s\u2019apparente au droit sacr\u00e9 des individus \u00e0 choisir de mourir dans la dignit\u00e9 pour ceux qui le peuvent encore, dans l\u2019indignit\u00e9 pour ceux pour lesquels il est d\u00e9j\u00e0 trop tard. Il n\u2019appartient pas \u00e0 l\u2019opinion publique de se lamenter sur le sort de ceux qui l\u2019ont ainsi choisit, ni aux juges de suspendre leurs actions sous la pression de ce chantage odieux.    Patrick Seignon. \u00ab lavoiedessansvoix.fr \u00bb. Mardi 7 avril 2015.<\/p>\n","protected":false},"excerpt":{"rendered":"<p>\u00ab SI TU ME JUGE JE ME SUICIDE ! \u00bb Le suicide est regrettable, lorsqu\u2019il s\u2019agit de l\u2019acte d\u00e9sesp\u00e9r\u00e9 d\u2019un [&hellip;]<\/p>\n","protected":false},"author":1,"featured_media":4853,"comment_status":"open","ping_status":"open","sticky":false,"template":"","format":"standard","meta":{"sfsi_plus_gutenberg_text_before_share":"","sfsi_plus_gutenberg_show_text_before_share":"","sfsi_plus_gutenberg_icon_type":"","sfsi_plus_gutenberg_icon_alignemt":"","sfsi_plus_gutenburg_max_per_row":"","site-sidebar-layout":"default","site-content-layout":"","ast-site-content-layout":"default","site-content-style":"default","site-sidebar-style":"default","ast-global-header-display":"","ast-banner-title-visibility":"","ast-main-header-display":"","ast-hfb-above-header-display":"","ast-hfb-below-header-display":"","ast-hfb-mobile-header-display":"","site-post-title":"","ast-breadcrumbs-content":"","ast-featured-img":"","footer-sml-layout":"","ast-disable-related-posts":"","theme-transparent-header-meta":"","adv-header-id-meta":"","stick-header-meta":"","header-above-stick-meta":"","header-main-stick-meta":"","header-below-stick-meta":"","astra-migrate-meta-layouts":"default","ast-page-background-enabled":"default","ast-page-background-meta":{"desktop":{"background-color":"var(--ast-global-color-4)","background-image":"","background-repeat":"repeat","background-position":"center center","background-size":"auto","background-attachment":"scroll","background-type":"","background-media":"","overlay-type":"","overlay-color":"","overlay-opacity":"","overlay-gradient":""},"tablet":{"background-color":"","background-image":"","background-repeat":"repeat","background-position":"center center","background-size":"auto","background-attachment":"scroll","background-type":"","background-media":"","overlay-type":"","overlay-color":"","overlay-opacity":"","overlay-gradient":""},"mobile":{"background-color":"","background-image":"","background-repeat":"repeat","background-position":"center center","background-size":"auto","background-attachment":"scroll","background-type":"","background-media":"","overlay-type":"","overlay-color":"","overlay-opacity":"","overlay-gradient":""}},"ast-content-background-meta":{"desktop":{"background-color":"var(--ast-global-color-5)","background-image":"","background-repeat":"repeat","background-position":"center center","background-size":"auto","background-attachment":"scroll","background-type":"","background-media":"","overlay-type":"","overlay-color":"","overlay-opacity":"","overlay-gradient":""},"tablet":{"background-color":"var(--ast-global-color-5)","background-image":"","background-repeat":"repeat","background-position":"center center","background-size":"auto","background-attachment":"scroll","background-type":"","background-media":"","overlay-type":"","overlay-color":"","overlay-opacity":"","overlay-gradient":""},"mobile":{"background-color":"var(--ast-global-color-5)","background-image":"","background-repeat":"repeat","background-position":"center center","background-size":"auto","background-attachment":"scroll","background-type":"","background-media":"","overlay-type":"","overlay-color":"","overlay-opacity":"","overlay-gradient":""}},"footnotes":""},"categories":[16],"tags":[],"class_list":["post-1116","post","type-post","status-publish","format-standard","has-post-thumbnail","hentry","category-archives-cms"],"_links":{"self":[{"href":"https:\/\/lavoiedessansvoix.fr\/lavoie\/wp-json\/wp\/v2\/posts\/1116","targetHints":{"allow":["GET"]}}],"collection":[{"href":"https:\/\/lavoiedessansvoix.fr\/lavoie\/wp-json\/wp\/v2\/posts"}],"about":[{"href":"https:\/\/lavoiedessansvoix.fr\/lavoie\/wp-json\/wp\/v2\/types\/post"}],"author":[{"embeddable":true,"href":"https:\/\/lavoiedessansvoix.fr\/lavoie\/wp-json\/wp\/v2\/users\/1"}],"replies":[{"embeddable":true,"href":"https:\/\/lavoiedessansvoix.fr\/lavoie\/wp-json\/wp\/v2\/comments?post=1116"}],"version-history":[{"count":1,"href":"https:\/\/lavoiedessansvoix.fr\/lavoie\/wp-json\/wp\/v2\/posts\/1116\/revisions"}],"predecessor-version":[{"id":4854,"href":"https:\/\/lavoiedessansvoix.fr\/lavoie\/wp-json\/wp\/v2\/posts\/1116\/revisions\/4854"}],"wp:featuredmedia":[{"embeddable":true,"href":"https:\/\/lavoiedessansvoix.fr\/lavoie\/wp-json\/wp\/v2\/media\/4853"}],"wp:attachment":[{"href":"https:\/\/lavoiedessansvoix.fr\/lavoie\/wp-json\/wp\/v2\/media?parent=1116"}],"wp:term":[{"taxonomy":"category","embeddable":true,"href":"https:\/\/lavoiedessansvoix.fr\/lavoie\/wp-json\/wp\/v2\/categories?post=1116"},{"taxonomy":"post_tag","embeddable":true,"href":"https:\/\/lavoiedessansvoix.fr\/lavoie\/wp-json\/wp\/v2\/tags?post=1116"}],"curies":[{"name":"wp","href":"https:\/\/api.w.org\/{rel}","templated":true}]}}