{"id":1110,"date":"2015-05-03T17:28:00","date_gmt":"2015-05-03T15:28:00","guid":{"rendered":"https:\/\/lavoiedessansvoix.fr\/lavoie\/2015\/05\/03\/archive-les-raisins-de-la-colere\/"},"modified":"2026-04-26T22:15:02","modified_gmt":"2026-04-26T20:15:02","slug":"archive-les-raisins-de-la-colere","status":"publish","type":"post","link":"https:\/\/lavoiedessansvoix.fr\/lavoie\/2015\/05\/03\/archive-les-raisins-de-la-colere\/","title":{"rendered":"LES RAISINS DE LA COL\u00c8RE"},"content":{"rendered":"<p>LES RAISINS DE LA COL\u00c8RE   Cela fait fort longtemps, trois semaines que je n\u2019avais pas caress\u00e9e la souris. Ce n\u2019\u00e9tait \u00e9videmment pas qu\u2019il n\u2019y avait rien \u00e0 dire. C\u2019\u00e9tait l\u2019inverse. Il y en avait trop. Je me suis, je l\u2019avoue, laiss\u00e9 submerg\u00e9 par un  sentiment de terreur et d\u2019impuissance.  L\u2019actualit\u00e9 se pr\u00e9cipite, le monde se d\u00e9lite, \u00ab les \u00e9lites \u00bb se vautre dans la fange. De nouvelle en nouvelle le monde choit dans l\u2019ordure et l\u2019ignominie. Martine Aubry se rallie \u00e0 \u00ab la motion  majoritaire \u00bb du PS car, dit-elle, elle veut \u00ab que la gauche gagne \u00bb, qu\u2019elle gauche ? Et  qu\u2019importe si la \u00ab victoire \u00bb dont -il est question est celle d\u2019une politique quelle condamne par ailleurs, celle des nantis contre le peuple. Martine Aubry, quoiqu\u2019il en paraisse, a sa ligne de conduite et sa \u00ab morale \u00e0 elle \u00bb, elle est du c\u00f4t\u00e9 de la soupe et du manche. Manuel Valls, \u00ab le social lib\u00e9ral \u00bb, pire agresseur des droits du travail, ose cyniquement, ce premier mai, \u00e0 seule fin de faire la nique au Front National, en appeler \u00e0 l\u2019esprit des luttes qui ont amen\u00e9 ces m\u00eames progr\u00e8s sociaux, qu\u2019il d\u00e9tricote pourtant f\u00e9brilement. Najat-Vallaud Belkacem, ces gens-l\u00e0 n\u2019ont d\u00e9cid\u00e9ment aucune pudeur, d\u00e9signe Dieudonn\u00e9 comme le responsable des maux dont souffre la jeunesse des banlieues. Dieudonn\u00e9, le \u00ab diable noir \u00bb, la \u00ab t\u00eate de turc \u00bb le \u00ab li\u00e8vre \u00bb, le \u00ab leurre \u00bb qui permet de se d\u00e9fausser de ses propres responsabilit\u00e9s et d\u2019exon\u00e9rer la politique sociale r\u00e9trograde de son gouvernement et de ceux qui l\u2019ont pr\u00e9c\u00e9d\u00e9. Le ch\u00f4mage de masse, en effet, le d\u00e9s\u0153uvrement qui en r\u00e9sulte, l\u2019inconduite de nombreuses personnalit\u00e9s en vue du monde politique, l\u2019abjecte politique Isra\u00e9lienne au Moyen-Orient, et l\u2019innommable conduite de la diplomatie Fran\u00e7aise, nous paraissent \u00e0 nous, \u00eatre des explications et des causes bien plus tangibles de cet \u00e9tat moral de la jeunesse ? On patauge avec eux dans le mensonge et l\u2019ignominie. Le m\u00eame jour o\u00f9 se confirment les derniers chiffres d\u00e9sastreux du ch\u00f4mage, ils veulent nous persuader que \u00ab le moral des Fran\u00e7ais est en hausse \u00bb et que des \u00ab signaux de reprise de la consommation des m\u00e9nages s\u2019ajoutant \u00e0 la vente de 26 \u00ab Rafales \u00bb \u00e0 l\u2019Inde, augurent la reprise \u00e9conomique qui vient. On veut dans le m\u00eame temps nous \u00ab vendre \u00bb l\u2019annonce de nouveaux cadeaux fiscaux consentis aux entreprises sous pr\u00e9texte \u00abd\u2019incitations \u00e0 l\u2019investissement \u00bb, comme s\u2019il s\u2019agissait de mesures pour l\u2019emploi, puisque disent-ils sans sourciller : \u00ab les investissements d\u2019aujourd\u2019hui sont les emplois de demain \u00bb. Alors que, chacun le sait bien les investissements de modernisations sont au contraire faits pour r\u00e9duire la part de la masse salariale dans le processus de production, c\u2019est-\u00e0-dire, sp\u00e9cifiquement, pour d\u00e9truire des emplois. Et d\u2019ailleurs, quel exemple prennent-ils eux-m\u00eames, les cyniques ? Celui d\u2019une entreprise qui fabrique des objets en b\u00e9ton dont le patron a fait l\u2019acquisition d\u2019une machine de manutention, une sorte de robot qui lui a co\u00fbt\u00e9 140 000 euros. On interroge l\u2019employ\u00e9 qui sert la machine et qui explique na\u00efvement qu\u2019avant cette acquisition ils \u00e9taient quatre pour faire le m\u00eame travail. L\u2019investissement a donc supprim\u00e9 trois emplois. Heureusement pour la morale de cette histoire t\u00e9l\u00e9visuelle les trois ouvriers ont \u00e9t\u00e9 dans ce cas sp\u00e9cifique r\u00e9employ\u00e9s ailleurs dans la m\u00eame entreprise. Ce, soit dit en passant, dont personne n\u2019a jug\u00e9 utile de v\u00e9rifier la v\u00e9racit\u00e9. Bon, mais le fond de la question c\u2019est que l\u2019investissement de modernisation d\u00e9truit des emplois. Et nul ne nous fera croire, puisque le but de l\u2019op\u00e9ration est pr\u00e9cis\u00e9ment de faire chuter la masse salariale que l\u2019on va conserver tous les emplois que l\u2019on s\u2019est ing\u00e9nier \u00e0 d\u00e9truire. Quand Fran\u00e7ois Hollande s\u2019autorise \u00e0 insulter le Parti communiste Fran\u00e7ais en \u00e9tablissant un lien contre nature entre celui-ci et le FN, Caroline Fourest, \u00ab la conscience claire \u00bb qui traque le \u00ab complotisme \u00bb surtout quand il d\u00e9nonce la m\u00e9prisable  politique Moyen-Orientale Am\u00e9ricano-Isra\u00e9lienne, s\u2019autorise, elle a choir dans le mensonge et l\u2019insulte en direct. L\u2019UMP sous la conduite de Sarkozy se pr\u00e9pare \u00e0 adopter le nouveau nom de \u00ab les R\u00e9publicains \u00bb, comme pour mieux marquer la filiation et l\u2019inf\u00e9odation politique et culturelle de la France \u00e0 l\u2019Am\u00e9rique. \u00ab les R\u00e9publicains \u00bb on l\u2019a compris le parti r\u00e9publicain. Ne restera plus bient\u00f4t au PS, lorsque sous l\u2019\u00e9gide des Hollande, Macron et Valls, et avec la complicit\u00e9 de Martine Aubry,  il en aura fini avec ses derni\u00e8res vell\u00e9it\u00e9s \u00ab social-d\u00e9mocrate \u00bb, lorsqu\u2019il s\u2019assumera pleinement comme parti \u00ab \u00bbsocial-lib\u00e9ral \u00bb, d\u2019adopter lui, le patronyme de \u00ab parti d\u00e9mocrate \u00bb, et la boucle sera boucl\u00e9e. Quand la France par sa conduite s\u2019attire les inimit\u00e9s des peuples de la terre, son Pr\u00e9sident en exercice pr\u00e9tend la prot\u00e9ger du terrorisme en accordant des budgets militaires suppl\u00e9mentaires pour r\u00e9pandre encore plus d\u2019agressions d\u2019humiliations et de d\u00e9solation. La France fi\u00e8re et arrogante qui se rengorge, \u00ab la terre d\u2019asile \u00bb, \u00ab la patrie des droits de l\u2019homme \u00bb, qui oublie un peu vite et un peu ais\u00e9ment qu\u2019elle est celle aussi des Versaillais, du trait\u00e9 de Versailles, de l\u2019invasion de la Ruhr, de la colonisation barbare du Congo de l\u2019Alg\u00e9rie, de l\u2019Indochine ou du Maroc, qu\u2019elle est celle aussi d\u2019exactions et massacres innombrables, le bombardement de S\u00e9tif par exemple, commis contre les populations civiles et de brimades \u00e0 l\u2019encontre des peuples de son empire colonial. La France donneuse de le\u00e7on, docteur es-d\u00e9mocratie et es-libert\u00e9 d\u2019expression, la France \u00ab civilisatrice \u00bb qui vole en Centre Afrique, c\u2019est la th\u00e8se officielle,  au \u00ab secours \u00bb  des populations, et dont la soldatesque surarm\u00e9e viole de petits enfants mis\u00e9rables et d\u00e9pendants. Ces soldats ont-ils salit le drapeau et trahit la R\u00e9publique comme le pr\u00e9tend le ministre de la d\u00e9fense ? , Non pas, ils sont les produits d\u2019un syst\u00e8me et de\u2019 ses valeurs, celles de la force, de la domination. Ils sont de leur temps, ce sont les soldats de l\u2019imp\u00e9rialisme et de la barbarie. A l\u2019instar d\u2019autres avant eux qui en d\u2019autre lieux avaient instaur\u00e9 le \u00ab troc \u00bb \u00ab p\u00e9trole contre nourriture \u00bb ils en ont initi\u00e9 un autre, l\u2019horrible \u00e9change in\u00e9gal, \u00ab sexe contre nourriture \u00bb. Et que dit le Pr\u00e9sident de ce grand pays \u00bbd\u00e9mocratique et civilis\u00e9 \u00bb plus respect\u00e9 qu\u2019il n\u2019est respectable ? Qu\u2019il sera intraitable si les faits sont av\u00e9r\u00e9s. Parce qu\u2019ils ne le sont pas encore neuf mois apr\u00e8s avoir \u00e9t\u00e9 port\u00e9 \u00e0 la connaissance des autorit\u00e9s ? Jusque-l\u00e0 couverts par le \u00ab secret d\u00e9fense \u00bb, pour un peu ils auraient \u00e9t\u00e9 \u00e9touff\u00e9s. Cela augure mal, quoiqu\u2019il en dise,  de la r\u00e9elle volont\u00e9 de clart\u00e9 et de justice du commandant en chef de cette sordide soldatesque.  Nous voil\u00e0 donc, avec cette affaire, rendu dans le quatri\u00e8me dessous de la barbarie. Pour en arriver \u00e0 ce premier mai maussade o\u00f9 le ciel qui nous tombe sur la t\u00eate a, comme moi, lui-m\u00eame r\u00e9solu de pleurer son deuil du mouvement ouvrier moribond et d\u2019\u00e9vacuer avec des larmes am\u00e8res le d\u00e9gout et son trop plein de col\u00e8re et d\u2019indignation.   \u00ab Socialisme ou barbarie \u00bb a dit un \u00ab proph\u00e8te \u00bb. Le socialisme a \u00e9t\u00e9 momentan\u00e9ment battue, humili\u00e9, insult\u00e9, alors bien-s\u00fbr, rien d\u2019\u00e9tonnant si la barbarie se rengorge et pavane.  Je la vois narquoise, dans ses images o\u00f9 fifille et papa d\u00e9posent des gerbes en hommage \u00e0 une improbable \u00ab  pucelle \u00bb, contest\u00e9s seulement par l\u2019apparition contestable de d\u00e9g\u00e9n\u00e9r\u00e9es aux seins nus. Je la vois encore dans la triste errance de ces ombres malencontreuses qui battent le pav\u00e9 pour sacrifier \u00e0 la tradition comme on va \u00e0 l\u2019enterrement d\u2019un vieux pot que la mort seule a rappel\u00e9 \u00e0 notre souvenir. Je la vois surtout dans l\u2019avalanche de cynisme et de mauvaise foi, de mensonges et d\u2019agressions qui tombe droite comme une pluie de hallebardes sur la t\u00eate des peuples cois, fig\u00e9s par la sid\u00e9ration. J\u2019ai \u00e9t\u00e9 moi-m\u00eame victime de cette sid\u00e9ration.  Je me suis tue un temps. Croyez-moi amis j\u2019en reviens. Me voil\u00e0 apr\u00e8s un silence trop long, pris tout \u00e0 coup de logorrh\u00e9e. N\u2019\u00e9tait-ce pas en v\u00e9rit\u00e9 qu\u2019un silence avant la temp\u00eate ? N\u2019attendais-je pas pour en presser le jus que les fruits de ma vendange viennent \u00e0 maturit\u00e9 ?   Vendange, temp\u00eate ? Des mots, rien que des mots direz-vous. Et vous avez raison amis lecteurs. C\u2019est bien de cela que je souffre le plus, d\u2019en \u00eatre r\u00e9duit au verbe quand les circonstances commandent des actes et des combats, quand je voudrais contribuer \u00e0 allumer les feux de la r\u00e9volte.   Mais les mots ne sont-ils pas aussi parfois des silex d\u2019o\u00f9 jaillissent des \u00e9tincelles ? Ne suffit-il pas qu\u2019un jour ils rencontrent la mati\u00e8re inflammable des col\u00e8res accumul\u00e9es.  Cette soci\u00e9t\u00e9 du paraitre devient intol\u00e9rable. Comme la lave de l\u2019Etna qui figea Pomp\u00e9i dans l\u2019\u00e9ternit\u00e9, le plomb fondu de la \u00ab bien-pensance \u00bb coule dans les t\u00eates et menace de figer la raison que Descartes avait lib\u00e9r\u00e9e. A-t-on le droit d\u2019\u00e9crire sous l\u2019Emprire de la col\u00e8re dont ceux qui en sont cause, et pour cause, disent qu\u2019elle est mauvaise conseill\u00e8re ? Probablement, pourquoi pas ? Oui m\u00eame, je le pr\u00e9tends  Pourquoi devrait-on toujours s\u2019en tenir \u00e0 des phrases aseptis\u00e9es et \u00e0 un langage polic\u00e9 ?  La col\u00e8re est un honorable et quelquefois salutaire \u00e9tat mental qui \u00e0 l\u2019\u00e9chelle d\u2019un peule se transcende en R\u00e9volution. 1er Mai 2015 (publi\u00e9 le 3 mai)<\/p>\n","protected":false},"excerpt":{"rendered":"<p>LES RAISINS DE LA COL\u00c8RE Cela fait fort longtemps, trois semaines que je n\u2019avais pas caress\u00e9e la souris. Ce n\u2019\u00e9tait [&hellip;]<\/p>\n","protected":false},"author":1,"featured_media":4841,"comment_status":"open","ping_status":"open","sticky":false,"template":"","format":"standard","meta":{"sfsi_plus_gutenberg_text_before_share":"","sfsi_plus_gutenberg_show_text_before_share":"","sfsi_plus_gutenberg_icon_type":"","sfsi_plus_gutenberg_icon_alignemt":"","sfsi_plus_gutenburg_max_per_row":"","site-sidebar-layout":"default","site-content-layout":"","ast-site-content-layout":"default","site-content-style":"default","site-sidebar-style":"default","ast-global-header-display":"","ast-banner-title-visibility":"","ast-main-header-display":"","ast-hfb-above-header-display":"","ast-hfb-below-header-display":"","ast-hfb-mobile-header-display":"","site-post-title":"","ast-breadcrumbs-content":"","ast-featured-img":"","footer-sml-layout":"","ast-disable-related-posts":"","theme-transparent-header-meta":"","adv-header-id-meta":"","stick-header-meta":"","header-above-stick-meta":"","header-main-stick-meta":"","header-below-stick-meta":"","astra-migrate-meta-layouts":"default","ast-page-background-enabled":"default","ast-page-background-meta":{"desktop":{"background-color":"var(--ast-global-color-4)","background-image":"","background-repeat":"repeat","background-position":"center center","background-size":"auto","background-attachment":"scroll","background-type":"","background-media":"","overlay-type":"","overlay-color":"","overlay-opacity":"","overlay-gradient":""},"tablet":{"background-color":"","background-image":"","background-repeat":"repeat","background-position":"center center","background-size":"auto","background-attachment":"scroll","background-type":"","background-media":"","overlay-type":"","overlay-color":"","overlay-opacity":"","overlay-gradient":""},"mobile":{"background-color":"","background-image":"","background-repeat":"repeat","background-position":"center center","background-size":"auto","background-attachment":"scroll","background-type":"","background-media":"","overlay-type":"","overlay-color":"","overlay-opacity":"","overlay-gradient":""}},"ast-content-background-meta":{"desktop":{"background-color":"var(--ast-global-color-5)","background-image":"","background-repeat":"repeat","background-position":"center center","background-size":"auto","background-attachment":"scroll","background-type":"","background-media":"","overlay-type":"","overlay-color":"","overlay-opacity":"","overlay-gradient":""},"tablet":{"background-color":"var(--ast-global-color-5)","background-image":"","background-repeat":"repeat","background-position":"center center","background-size":"auto","background-attachment":"scroll","background-type":"","background-media":"","overlay-type":"","overlay-color":"","overlay-opacity":"","overlay-gradient":""},"mobile":{"background-color":"var(--ast-global-color-5)","background-image":"","background-repeat":"repeat","background-position":"center center","background-size":"auto","background-attachment":"scroll","background-type":"","background-media":"","overlay-type":"","overlay-color":"","overlay-opacity":"","overlay-gradient":""}},"footnotes":""},"categories":[16],"tags":[],"class_list":["post-1110","post","type-post","status-publish","format-standard","has-post-thumbnail","hentry","category-archives-cms"],"_links":{"self":[{"href":"https:\/\/lavoiedessansvoix.fr\/lavoie\/wp-json\/wp\/v2\/posts\/1110","targetHints":{"allow":["GET"]}}],"collection":[{"href":"https:\/\/lavoiedessansvoix.fr\/lavoie\/wp-json\/wp\/v2\/posts"}],"about":[{"href":"https:\/\/lavoiedessansvoix.fr\/lavoie\/wp-json\/wp\/v2\/types\/post"}],"author":[{"embeddable":true,"href":"https:\/\/lavoiedessansvoix.fr\/lavoie\/wp-json\/wp\/v2\/users\/1"}],"replies":[{"embeddable":true,"href":"https:\/\/lavoiedessansvoix.fr\/lavoie\/wp-json\/wp\/v2\/comments?post=1110"}],"version-history":[{"count":1,"href":"https:\/\/lavoiedessansvoix.fr\/lavoie\/wp-json\/wp\/v2\/posts\/1110\/revisions"}],"predecessor-version":[{"id":4842,"href":"https:\/\/lavoiedessansvoix.fr\/lavoie\/wp-json\/wp\/v2\/posts\/1110\/revisions\/4842"}],"wp:featuredmedia":[{"embeddable":true,"href":"https:\/\/lavoiedessansvoix.fr\/lavoie\/wp-json\/wp\/v2\/media\/4841"}],"wp:attachment":[{"href":"https:\/\/lavoiedessansvoix.fr\/lavoie\/wp-json\/wp\/v2\/media?parent=1110"}],"wp:term":[{"taxonomy":"category","embeddable":true,"href":"https:\/\/lavoiedessansvoix.fr\/lavoie\/wp-json\/wp\/v2\/categories?post=1110"},{"taxonomy":"post_tag","embeddable":true,"href":"https:\/\/lavoiedessansvoix.fr\/lavoie\/wp-json\/wp\/v2\/tags?post=1110"}],"curies":[{"name":"wp","href":"https:\/\/api.w.org\/{rel}","templated":true}]}}