{"id":1108,"date":"2015-05-11T02:46:00","date_gmt":"2015-05-11T00:46:00","guid":{"rendered":"https:\/\/lavoiedessansvoix.fr\/lavoie\/2015\/05\/11\/archive-le-jour-de-la-victoire-le-revisionnisme-historique-a-l-oeuvre\/"},"modified":"2026-04-26T22:14:42","modified_gmt":"2026-04-26T20:14:42","slug":"archive-le-jour-de-la-victoire-le-revisionnisme-historique-a-l-oeuvre","status":"publish","type":"post","link":"https:\/\/lavoiedessansvoix.fr\/lavoie\/2015\/05\/11\/archive-le-jour-de-la-victoire-le-revisionnisme-historique-a-l-oeuvre\/","title":{"rendered":"\u00ab LE JOUR DE LA VICTOIRE \u00bb LE REVISIONNISME HISTORIQUE A L\u2019OEUVRE"},"content":{"rendered":"<p>\u00ab LE JOUR DE LA VICTOIRE.\u00bbLE R\u00c9VISIONNISME HISTORIQUE A L\u2019\u0152UVRE En France, traditionnellement, on f\u00eate le 8 mai, la victoire sur l\u2019Allemagne nazie. La m\u00eame victoire est f\u00eat\u00e9e le 9 mai en Russie.Le 8 ou 9 mai 1945, qu\u2019importe la date symbolique \u00e0 laquelle on la comm\u00e9more, \u00ab la victoire \u00bb, dite des alli\u00e9s, mettait fin aux cinq ann\u00e9es terribles de ce qui fut la seconde guerre mondiale avec ses 6O millions de morts au moins et des atrocit\u00e9s multiples.Soixante millions de morts ? Au moins\u2026. D\u2019autres sources en d\u00e9nombre jusqu\u2019\u00e0 90, dont 25 \u00e0 26 millions de sovi\u00e9tiques. Suivant les d\u00e9comptes, le nombre des victimes sovi\u00e9tiques de la deuxi\u00e8me guerre mondiale repr\u00e9sente presque un tiers voire la moiti\u00e9 de tous les morts de cette h\u00e9catombe.INFAMIE. Et voil\u00e0 qu\u2019en 2015, soixante-dix ans apr\u00e8s, des hommes, des chefs d\u2019\u00c9tats, de pays qui se pr\u00e9tendent des mod\u00e8les de d\u00e9mocratie de tol\u00e9rance et de conscience universelle, refusent, obnubil\u00e9s qu\u2019ils sont par leurs propres r\u00eaves imp\u00e9riaux, de participer aux c\u00e9r\u00e9monies comm\u00e9moratives de la victoire \u00e0 Moscou. Et la France bien s\u00fbr, en cette affaire comme en bien d\u2019autres, toujours aux basques des USA. Il est \u00e0 noter que Fran\u00e7ois Hollande, une fois encore n\u2019a r\u00e9ussi qu\u2019\u00e0 administrer une nouvelle preuve de son affligeante veulerie. Cette infamie donne toute la mesure de la d\u00e9ch\u00e9ance \u00e9thique o\u00f9 ont sombr\u00e9 ces gens, qui pr\u00e9tendent pourtant donner des le\u00e7ons de morale au monde entier. Eux qui s\u2019insurgent si fort, \u00e0 raison, contre ce qu\u2019il est convenu d\u2019appeler le \u00ab r\u00e9visionnisme historique \u00bb quand il s\u2019agit de \u00ab la Shoah \u00bb et des cinq millions de victimes juives de \u00ab la solution finale \u00bb, comment peuvent-ils avoir l\u2019ind\u00e9cence insultante de d\u00e9daigner des c\u00e9r\u00e9monies qui comm\u00e9morent la m\u00e9moire de vingt-cinq millions de morts Sovi\u00e9tiques ? La minimisation du r\u00f4le de l\u2019Union Sovi\u00e9tique dans la lutte contre la barbarie nazie, n\u2019est-ce pas aussi \u00ab du r\u00e9visionnisme historique \u00bb, tout aussi insupportable que l\u2019autre et une injure \u00e0 l\u2019immense sacrifice d\u2019un peuple ?Alors certes, Laurent Fabius est all\u00e9 tout de m\u00eame d\u00e9poser \u00e0 Moscou, une gerbe \u00e0 la m\u00e9moire \u00ab du soldat inconnu \u00bb. Cette pr\u00e9sence \u00e0 minima ne peut en aucun cas laver l\u2019affront \u00e0 la Russie, et aux autres peuples ex-sovi\u00e9tiques,  que constitue le boycott de ces c\u00e9r\u00e9monies par les chefs d\u2019\u00c9tats occidentaux. On ne lave une injure que par des excuses plates et sinc\u00e8res, pas par une feinte, pas en se d\u00e9faussant.IND\u00c9CENCE ET MAUVAISE FOI. Il se serait agi en l\u2019esp\u00e8ce de protester contre \u00ab l\u2019agression Russe \u00bb en Ukraine et contre l\u2019annexion de la Crim\u00e9e. Mais ce sont les occidentaux, inspirateurs et pourvoyeurs du coup d\u2019\u00c9tat du Maidan qui ont provoqu\u00e9 la situation d\u2019aujourd\u2019hui. Par leur refus de participer aux c\u00e9r\u00e9monies de la victoire contre le nazisme, le 9 mai \u00e0 Moscou, ils entendent donc punir la Russie du crime dont ils sont les vrais et seuls coupables.Imaginez quelques instants si Poutine avait laiss\u00e9 filer. L\u2019Ukraine basculant, sans r\u00e9action Russe, dans le camp occidental, l\u2019Otan serait venu installer ses bases aux portes de la Russie et se serait empar\u00e9 des possessions ukrainiennes de la mer noire, dont ils auraient chass\u00e9 la Russie et fait une immense base maritime. La Crim\u00e9e fut donn\u00e9e \u00e0 l\u2019Ukraine par Nikita Khrouchtchev, au temps o\u00f9 la Russie et l\u2019Ukraine ne faisaient qu\u2019un, unies qu\u2019elles \u00e9taient dans la m\u00eame Union-Sovi\u00e9tique. Mais la Crim\u00e9e appartient en v\u00e9rit\u00e9 \u00e0 la Russie depuis Catherine II. C\u2019est par cette emprise que la Russie, s\u2019ouvrant par la mer noire sur les mers du sud, est devenue une puissance europ\u00e9enne avec laquelle il fallut d\u00e8s lors compter. S\u00e9bastopol, Odessa, sont intimement li\u00e9es \u00e0 l\u2019histoire de la Russie et celle de la R\u00e9volution Russe. C\u2019est \u00e0 Odessa que se d\u00e9roule la plus c\u00e9l\u00e8bre sc\u00e8ne du film d\u2019Eisenstein \u00ab Le cuirass\u00e9 Potemkine \u00bb dont la r\u00e9volte des marins alluma la r\u00e9volution Russe de 1905. C\u2019est dans les ports d\u2019Odessa et de S\u00e9bastopol qu\u2019eut lieu en 1919 la r\u00e9volte des marins de la mer Noire que la France avait d\u00e9p\u00each\u00e9s contre la r\u00e9volution Russe.\u00ab ACTION, R\u00c9ACTION \u00bb. Vladimir Poutine a r\u00e9agi. Par un r\u00e9f\u00e9rendum en parfait accord avec le principe du droit des peuples \u00e0 l\u2019autod\u00e9termination, il a demand\u00e9 aux citoyens de ce territoire de se prononcer pour leur rattachement \u00e0 la f\u00e9d\u00e9ration de Russie. Ce \u00e0 quoi ceux-ci ont r\u00e9pondu massivement et positivement. La Crim\u00e9e a ainsi r\u00e9int\u00e9gr\u00e9e la Russie qu\u2019elle n\u2019aurait jamais d\u00fb quitter, coupant l\u2019herbe sous les pieds aux manigances agressives du \u00ab camp occidental \u00bb Voil\u00e0 en v\u00e9rit\u00e9 ce que les occidentaux reprochent \u00e0 la Russie et \u00e0 Vladimir poutine. Non pas une pr\u00e9tendue agression non av\u00e9r\u00e9e au Donbass, mais de les avoir pr\u00e9venus, de s\u2019\u00eatre d\u00e9fendu, d\u2019avoir refus\u00e9 de prendre de nouveaux coups sans \u00ab broncher \u00bb, d\u2019avoir mis un point final l\u2019\u00e8re de \u00e0 la honte et des humiliations internationales ouverte par la \u00ab Perestro\u00efka \u00bb et poursuivie par Eltsine et Medvedev.PR\u00c9TEXTE. Il apparait ainsi que dans la question de la seconde guerre mondiale et de sa m\u00e9moire, le conflit en Ukraine et la r\u00e9union de la Crim\u00e9e \u00e0 la f\u00e9d\u00e9ration de Russie, ne sont en v\u00e9rit\u00e9 que pr\u00e9textes bien futile et fort malsains.Tout d\u2019abord, l\u2019histoire \u00e9tant \u00e9crite, nul ne saurait contrevenir \u00e0 sa m\u00e9moire, qu\u2019elles que soient les circonstances pr\u00e9sentes. Aucun conflit, aucune chicanerie actuelle ne saurait justifier que l\u2019on fasse affront \u00e0 la m\u00e9moire de ceux qui se sont sacrifi\u00e9s dans la lutte contre le nazisme. Seule la volont\u00e9 d\u00e9lib\u00e9r\u00e9e de r\u00e9\u00e9crire l\u2019histoire peut expliquer de telles attitudes.Et c\u2019est cela en effet. L\u2019Ukraine n\u2019est qu\u2019un pr\u00e9texte. Le boycott des c\u00e9r\u00e9monies de la victoire du 9 mai 1945 par les chefs d\u2019\u00c9tats occidentaux, n\u2019est en v\u00e9rit\u00e9 qu\u2019un marqueur de l\u2019entreprise de r\u00e9\u00e9criture de l\u2019Histoire, que nous avons d\u00e9j\u00e0 d\u00e9nonc\u00e9 et combattu, \u00e0 divers propos, dans plusieurs articles pr\u00e9c\u00e9dents.(Nous reviendrons bient\u00f4t  sur cette question \u00ab du r\u00e9visionnisme historique, de ses fondements et de ses raisons, dans un deuxi\u00e8me volet de cet article.)Patrick Seignon. \u00ab lavoiedessansvoix.fr \u00bb. Lundi 11 mai 2015.<\/p>\n","protected":false},"excerpt":{"rendered":"<p>\u00ab LE JOUR DE LA VICTOIRE.\u00bbLE R\u00c9VISIONNISME HISTORIQUE A L\u2019\u0152UVRE En France, traditionnellement, on f\u00eate le 8 mai, la victoire [&hellip;]<\/p>\n","protected":false},"author":1,"featured_media":4837,"comment_status":"open","ping_status":"open","sticky":false,"template":"","format":"standard","meta":{"sfsi_plus_gutenberg_text_before_share":"","sfsi_plus_gutenberg_show_text_before_share":"","sfsi_plus_gutenberg_icon_type":"","sfsi_plus_gutenberg_icon_alignemt":"","sfsi_plus_gutenburg_max_per_row":"","site-sidebar-layout":"default","site-content-layout":"","ast-site-content-layout":"default","site-content-style":"default","site-sidebar-style":"default","ast-global-header-display":"","ast-banner-title-visibility":"","ast-main-header-display":"","ast-hfb-above-header-display":"","ast-hfb-below-header-display":"","ast-hfb-mobile-header-display":"","site-post-title":"","ast-breadcrumbs-content":"","ast-featured-img":"","footer-sml-layout":"","ast-disable-related-posts":"","theme-transparent-header-meta":"","adv-header-id-meta":"","stick-header-meta":"","header-above-stick-meta":"","header-main-stick-meta":"","header-below-stick-meta":"","astra-migrate-meta-layouts":"default","ast-page-background-enabled":"default","ast-page-background-meta":{"desktop":{"background-color":"var(--ast-global-color-4)","background-image":"","background-repeat":"repeat","background-position":"center center","background-size":"auto","background-attachment":"scroll","background-type":"","background-media":"","overlay-type":"","overlay-color":"","overlay-opacity":"","overlay-gradient":""},"tablet":{"background-color":"","background-image":"","background-repeat":"repeat","background-position":"center center","background-size":"auto","background-attachment":"scroll","background-type":"","background-media":"","overlay-type":"","overlay-color":"","overlay-opacity":"","overlay-gradient":""},"mobile":{"background-color":"","background-image":"","background-repeat":"repeat","background-position":"center center","background-size":"auto","background-attachment":"scroll","background-type":"","background-media":"","overlay-type":"","overlay-color":"","overlay-opacity":"","overlay-gradient":""}},"ast-content-background-meta":{"desktop":{"background-color":"var(--ast-global-color-5)","background-image":"","background-repeat":"repeat","background-position":"center center","background-size":"auto","background-attachment":"scroll","background-type":"","background-media":"","overlay-type":"","overlay-color":"","overlay-opacity":"","overlay-gradient":""},"tablet":{"background-color":"var(--ast-global-color-5)","background-image":"","background-repeat":"repeat","background-position":"center center","background-size":"auto","background-attachment":"scroll","background-type":"","background-media":"","overlay-type":"","overlay-color":"","overlay-opacity":"","overlay-gradient":""},"mobile":{"background-color":"var(--ast-global-color-5)","background-image":"","background-repeat":"repeat","background-position":"center center","background-size":"auto","background-attachment":"scroll","background-type":"","background-media":"","overlay-type":"","overlay-color":"","overlay-opacity":"","overlay-gradient":""}},"footnotes":""},"categories":[16],"tags":[],"class_list":["post-1108","post","type-post","status-publish","format-standard","has-post-thumbnail","hentry","category-archives-cms"],"_links":{"self":[{"href":"https:\/\/lavoiedessansvoix.fr\/lavoie\/wp-json\/wp\/v2\/posts\/1108","targetHints":{"allow":["GET"]}}],"collection":[{"href":"https:\/\/lavoiedessansvoix.fr\/lavoie\/wp-json\/wp\/v2\/posts"}],"about":[{"href":"https:\/\/lavoiedessansvoix.fr\/lavoie\/wp-json\/wp\/v2\/types\/post"}],"author":[{"embeddable":true,"href":"https:\/\/lavoiedessansvoix.fr\/lavoie\/wp-json\/wp\/v2\/users\/1"}],"replies":[{"embeddable":true,"href":"https:\/\/lavoiedessansvoix.fr\/lavoie\/wp-json\/wp\/v2\/comments?post=1108"}],"version-history":[{"count":1,"href":"https:\/\/lavoiedessansvoix.fr\/lavoie\/wp-json\/wp\/v2\/posts\/1108\/revisions"}],"predecessor-version":[{"id":4838,"href":"https:\/\/lavoiedessansvoix.fr\/lavoie\/wp-json\/wp\/v2\/posts\/1108\/revisions\/4838"}],"wp:featuredmedia":[{"embeddable":true,"href":"https:\/\/lavoiedessansvoix.fr\/lavoie\/wp-json\/wp\/v2\/media\/4837"}],"wp:attachment":[{"href":"https:\/\/lavoiedessansvoix.fr\/lavoie\/wp-json\/wp\/v2\/media?parent=1108"}],"wp:term":[{"taxonomy":"category","embeddable":true,"href":"https:\/\/lavoiedessansvoix.fr\/lavoie\/wp-json\/wp\/v2\/categories?post=1108"},{"taxonomy":"post_tag","embeddable":true,"href":"https:\/\/lavoiedessansvoix.fr\/lavoie\/wp-json\/wp\/v2\/tags?post=1108"}],"curies":[{"name":"wp","href":"https:\/\/api.w.org\/{rel}","templated":true}]}}