{"id":1103,"date":"2015-05-23T01:17:00","date_gmt":"2015-05-22T23:17:00","guid":{"rendered":"https:\/\/lavoiedessansvoix.fr\/lavoie\/2015\/05\/23\/archive-la-france-a-la-memoire-longue\/"},"modified":"2026-04-26T22:13:54","modified_gmt":"2026-04-26T20:13:54","slug":"archive-la-france-a-la-memoire-longue","status":"publish","type":"post","link":"https:\/\/lavoiedessansvoix.fr\/lavoie\/2015\/05\/23\/archive-la-france-a-la-memoire-longue\/","title":{"rendered":"LA FRANCE A LA MEMOIRE LONGUE,"},"content":{"rendered":"<p>\u00ab\u00a0LA FRANCE A LA M\u00c9MOIRE LONGUE\u00a0\u00bb   S\u2019est rengorg\u00e9 Manuel Valls, fier que celle-ci, reniant le message chr\u00e9tien constitutif de sa culture s\u2019en soit remis avec succ\u00e8s, selon ses nouvelles r\u00e9f\u00e9rences culturelles et pour consacrer \u00e0 ses nouvelles amiti\u00e9s, \u00e0 l\u2019antique loi biblique du talion.  D\u2019\u2019autres pr\u00e9f\u00e9raient, j\u2019en suis, que \u00ab leur France \u00bb s\u2019illustre dans l\u2019exemple de l\u2019\u00e9quilibre et de la justice internationale. Oui, il a raison le petit catalan teigneux, la France imp\u00e9rialiste et dominatrice, a effectivement la m\u00e9moire longue. Et alors ? Se grandit-elle de la sorte ? Quel message porte-t-elle ainsi au monde et \u00e0 la jeunesse sinon celui de la vendetta, du sang et de la haine ? \u00ab Ta France a la m\u00e9moire longue \u00bb Manuel ? Nous te r\u00e9torquerons : \u00ab agressive et m\u00e9chante, LA FRANCE A LA M\u00c9MOIRE S\u00c9LECTIVE  plus prompte et obstin\u00e9e, \u00e0 punir les crimes d\u2019autrui qu\u2019elle n\u2019est \u00e0 instruire, ou reconnaitre et assumer les siens.  Ah, imaginez donc, si tous les fant\u00f4mes, les fils et filles, les orphelins meurtris, les amis, les h\u00e9ritiers, des victimes des crimes et exactions multiples et terribles de la France, s\u2019en remettaient tout \u00e0 coup aux pulsions de leur propre m\u00e9moire, probablement non moins longue. La France serait bient\u00f4t saign\u00e9e d\u2019un quart ou de la moiti\u00e9 de sa population. Patrick Seignon. \u00ab lavoiedessansvoix.fr. Samedi 23 mai 2015.<\/p>\n","protected":false},"excerpt":{"rendered":"<p>\u00ab\u00a0LA FRANCE A LA M\u00c9MOIRE LONGUE\u00a0\u00bb S\u2019est rengorg\u00e9 Manuel Valls, fier que celle-ci, reniant le message chr\u00e9tien constitutif de sa [&hellip;]<\/p>\n","protected":false},"author":1,"featured_media":4827,"comment_status":"open","ping_status":"open","sticky":false,"template":"","format":"standard","meta":{"sfsi_plus_gutenberg_text_before_share":"","sfsi_plus_gutenberg_show_text_before_share":"","sfsi_plus_gutenberg_icon_type":"","sfsi_plus_gutenberg_icon_alignemt":"","sfsi_plus_gutenburg_max_per_row":"","site-sidebar-layout":"default","site-content-layout":"","ast-site-content-layout":"default","site-content-style":"default","site-sidebar-style":"default","ast-global-header-display":"","ast-banner-title-visibility":"","ast-main-header-display":"","ast-hfb-above-header-display":"","ast-hfb-below-header-display":"","ast-hfb-mobile-header-display":"","site-post-title":"","ast-breadcrumbs-content":"","ast-featured-img":"","footer-sml-layout":"","ast-disable-related-posts":"","theme-transparent-header-meta":"","adv-header-id-meta":"","stick-header-meta":"","header-above-stick-meta":"","header-main-stick-meta":"","header-below-stick-meta":"","astra-migrate-meta-layouts":"default","ast-page-background-enabled":"default","ast-page-background-meta":{"desktop":{"background-color":"var(--ast-global-color-4)","background-image":"","background-repeat":"repeat","background-position":"center center","background-size":"auto","background-attachment":"scroll","background-type":"","background-media":"","overlay-type":"","overlay-color":"","overlay-opacity":"","overlay-gradient":""},"tablet":{"background-color":"","background-image":"","background-repeat":"repeat","background-position":"center center","background-size":"auto","background-attachment":"scroll","background-type":"","background-media":"","overlay-type":"","overlay-color":"","overlay-opacity":"","overlay-gradient":""},"mobile":{"background-color":"","background-image":"","background-repeat":"repeat","background-position":"center center","background-size":"auto","background-attachment":"scroll","background-type":"","background-media":"","overlay-type":"","overlay-color":"","overlay-opacity":"","overlay-gradient":""}},"ast-content-background-meta":{"desktop":{"background-color":"var(--ast-global-color-5)","background-image":"","background-repeat":"repeat","background-position":"center center","background-size":"auto","background-attachment":"scroll","background-type":"","background-media":"","overlay-type":"","overlay-color":"","overlay-opacity":"","overlay-gradient":""},"tablet":{"background-color":"var(--ast-global-color-5)","background-image":"","background-repeat":"repeat","background-position":"center center","background-size":"auto","background-attachment":"scroll","background-type":"","background-media":"","overlay-type":"","overlay-color":"","overlay-opacity":"","overlay-gradient":""},"mobile":{"background-color":"var(--ast-global-color-5)","background-image":"","background-repeat":"repeat","background-position":"center center","background-size":"auto","background-attachment":"scroll","background-type":"","background-media":"","overlay-type":"","overlay-color":"","overlay-opacity":"","overlay-gradient":""}},"footnotes":""},"categories":[16],"tags":[],"class_list":["post-1103","post","type-post","status-publish","format-standard","has-post-thumbnail","hentry","category-archives-cms"],"_links":{"self":[{"href":"https:\/\/lavoiedessansvoix.fr\/lavoie\/wp-json\/wp\/v2\/posts\/1103","targetHints":{"allow":["GET"]}}],"collection":[{"href":"https:\/\/lavoiedessansvoix.fr\/lavoie\/wp-json\/wp\/v2\/posts"}],"about":[{"href":"https:\/\/lavoiedessansvoix.fr\/lavoie\/wp-json\/wp\/v2\/types\/post"}],"author":[{"embeddable":true,"href":"https:\/\/lavoiedessansvoix.fr\/lavoie\/wp-json\/wp\/v2\/users\/1"}],"replies":[{"embeddable":true,"href":"https:\/\/lavoiedessansvoix.fr\/lavoie\/wp-json\/wp\/v2\/comments?post=1103"}],"version-history":[{"count":1,"href":"https:\/\/lavoiedessansvoix.fr\/lavoie\/wp-json\/wp\/v2\/posts\/1103\/revisions"}],"predecessor-version":[{"id":4828,"href":"https:\/\/lavoiedessansvoix.fr\/lavoie\/wp-json\/wp\/v2\/posts\/1103\/revisions\/4828"}],"wp:featuredmedia":[{"embeddable":true,"href":"https:\/\/lavoiedessansvoix.fr\/lavoie\/wp-json\/wp\/v2\/media\/4827"}],"wp:attachment":[{"href":"https:\/\/lavoiedessansvoix.fr\/lavoie\/wp-json\/wp\/v2\/media?parent=1103"}],"wp:term":[{"taxonomy":"category","embeddable":true,"href":"https:\/\/lavoiedessansvoix.fr\/lavoie\/wp-json\/wp\/v2\/categories?post=1103"},{"taxonomy":"post_tag","embeddable":true,"href":"https:\/\/lavoiedessansvoix.fr\/lavoie\/wp-json\/wp\/v2\/tags?post=1103"}],"curies":[{"name":"wp","href":"https:\/\/api.w.org\/{rel}","templated":true}]}}