{"id":1096,"date":"2015-06-13T03:15:00","date_gmt":"2015-06-13T01:15:00","guid":{"rendered":"https:\/\/lavoiedessansvoix.fr\/lavoie\/2015\/06\/13\/archive-la-loi-du-marche\/"},"modified":"2026-04-26T22:12:49","modified_gmt":"2026-04-26T20:12:49","slug":"archive-la-loi-du-marche","status":"publish","type":"post","link":"https:\/\/lavoiedessansvoix.fr\/lavoie\/2015\/06\/13\/archive-la-loi-du-marche\/","title":{"rendered":"LA LOI DU MARCHE"},"content":{"rendered":"<p>LA LOI DU MARCHE     Indignation ? Pas seulement. Mais aussi d\u00e9gout, \u00e9motion et col\u00e8re que nous partageons. C\u2019est tout ce qu\u2019exprime le petit article de G\u00e9rard Filoche que nous avons re\u00e7u par courriel et dont nous en sommes persuad\u00e9, G\u00e9rard ne nous tiendra pas rigueur de le publier sur notre propre Site. Faites comme nous amis, diffusez-le, faites le lire au plus grand nombre autour de vous. Il contient un peu du levain de la r\u00e9volte n\u00e9cessaire.    Patrick Seignon. \u00ab lavoiedessansvoix.fr \u00bb. Samedi 13 mars 2015.    Valls et les 17000 croissants     \u00ab La loi du march\u00e9 \u00bb : Vous \u00eates vendeuse, vous avez 50 ans, votre salaire est si bas que vous avez le besoin de r\u00e9cup\u00e9rer en douce des \u00ab bons \u00bb d\u2019achat d\u2019un euro destin\u00e9s aux clients, oubli\u00e9s par eux et p\u00e9rim\u00e9s : la direction du supermarch\u00e9 vous surveille, vous coince, vous convoque, vous humilie et vous vire sans indemnit\u00e9s pour faute grave en d\u00e9pit de vos 25 ans d\u2019anciennet\u00e9. La vendeuse du Film avec Vincent Lindon a peu de chances de retrouver du boulot. Elle se suicide. Comme un salari\u00e9 de Lidl r\u00e9cemment, \u00e0 Rousset dans les Bouches du Rh\u00f4ne.    La direction d\u2019un autre supermarch\u00e9 veut se d\u00e9barrasser de ses derniers salari\u00e9s \u00e0 \u00ab temps plein \u00bb pour les remplacer  par des femmes \u00e0 temps partiel, vuln\u00e9rables et corv\u00e9ables. La d\u00e9l\u00e9gu\u00e9e syndicale qui r\u00e9siste se voit accuser de manger un croissant de la veille, d\u00e9marqu\u00e9 \u00e0 un euro, et la direction demande son licenciement pour vol : l\u2019inspecteur du travail qui refuse se voit d\u00e9savou\u00e9 par le cabinet du ministre qui casse la d\u00e9cision. Les licenciements abusifs sont d\u00e9cid\u00e9ment trop faciles.    Elle va au tribunal administratif qui lui donne raison, en v\u00e9rifiant que c\u2019\u00e9tait un \u00ab usage \u00bb pour les personnels de manger ces croissants p\u00e9rim\u00e9s : le patron fait appel, entre temps Macron aura fait voter que gagner au tribunal ne donne pas lieu \u00e0 indemnit\u00e9 ni r\u00e9int\u00e9gration, Valls aura baiss\u00e9 le plafond des indemnit\u00e9s. Elle aussi, va se retrouver \u00e0 55 ans sans boulot, pour un croissant.    En 1995 en Su\u00e8de, une ministre a d\u00fb d\u00e9missionner pour avoir fait une course de 20 euros avec la carte bancaire de son minist\u00e8re, sans l\u2019avouer ni r\u00e9gulariser. En 2013, Cahuzac ministre du budget, proche de Valls, est convaincu de fraude fiscale, sans doute pour plusieurs millions d\u2019euros et doit partir en catastrophe.    Samedi 7 juin 2015, au congr\u00e8s de Poitiers, trois jours apr\u00e8s la hausse du ch\u00f4mage de masse, Manuel Valls se vante de son p\u00e9riple du soir en Falcon vers la \u00ab Ligue des champions \u00bb \u00e0 Berlin. Il fanfaronne sur \u00ables \u00ab grincheux \u00bb jaloux de sa vie \u00ab people \u00bb de Roland Garros \u00e0 Berlin. Puis il tente de faire croire qu\u2019il va \u00e0 une r\u00e9union \u2013 annul\u00e9e \u2013 de l\u2019UEFA, d\u2019autant plus absurde que Platini est \u00e0 l\u2019Elys\u00e9e aussit\u00f4t apr\u00e8s. Platini dit qu\u2019il l\u2019a invit\u00e9\u2026 mais ne paie pas : les 17000 euros sont de l\u2019argent public. 17000 croissants d\u2019un coup. 17000 bons d\u2019achat. Valls b\u00e9gaie que la pr\u00e9sence de ses enfants ne change rien au prix du billet du Falcon puis propose de rembourser, pour eux, 2500 euros, et s\u2019excuse, \u00ab si c\u2019\u00e9tait \u00e0 refaire je ne le ferais pas \u00bb.    Tentatives r\u00e9p\u00e9t\u00e9es de dissimulation d\u2019abus de biens sociaux : pour moins que \u00e7a, pour quelques \u00ab bons d\u2019achat \u00bb p\u00e9rim\u00e9s et un croissant, les victimes de la politique aust\u00e8re de Valls en meurent. Comment lui reste-t-il en place ? Et le PS, l\u00e0, empli d\u2019\u00e9thique, ne le passe pas devant sa \u00ab Haute autorit\u00e9 \u00bb ?  G\u00e9rard Filoche.<\/p>\n","protected":false},"excerpt":{"rendered":"<p>LA LOI DU MARCHE Indignation ? Pas seulement. Mais aussi d\u00e9gout, \u00e9motion et col\u00e8re que nous partageons. C\u2019est tout ce [&hellip;]<\/p>\n","protected":false},"author":1,"featured_media":4813,"comment_status":"open","ping_status":"open","sticky":false,"template":"","format":"standard","meta":{"sfsi_plus_gutenberg_text_before_share":"","sfsi_plus_gutenberg_show_text_before_share":"","sfsi_plus_gutenberg_icon_type":"","sfsi_plus_gutenberg_icon_alignemt":"","sfsi_plus_gutenburg_max_per_row":"","site-sidebar-layout":"default","site-content-layout":"","ast-site-content-layout":"default","site-content-style":"default","site-sidebar-style":"default","ast-global-header-display":"","ast-banner-title-visibility":"","ast-main-header-display":"","ast-hfb-above-header-display":"","ast-hfb-below-header-display":"","ast-hfb-mobile-header-display":"","site-post-title":"","ast-breadcrumbs-content":"","ast-featured-img":"","footer-sml-layout":"","ast-disable-related-posts":"","theme-transparent-header-meta":"","adv-header-id-meta":"","stick-header-meta":"","header-above-stick-meta":"","header-main-stick-meta":"","header-below-stick-meta":"","astra-migrate-meta-layouts":"default","ast-page-background-enabled":"default","ast-page-background-meta":{"desktop":{"background-color":"var(--ast-global-color-4)","background-image":"","background-repeat":"repeat","background-position":"center center","background-size":"auto","background-attachment":"scroll","background-type":"","background-media":"","overlay-type":"","overlay-color":"","overlay-opacity":"","overlay-gradient":""},"tablet":{"background-color":"","background-image":"","background-repeat":"repeat","background-position":"center center","background-size":"auto","background-attachment":"scroll","background-type":"","background-media":"","overlay-type":"","overlay-color":"","overlay-opacity":"","overlay-gradient":""},"mobile":{"background-color":"","background-image":"","background-repeat":"repeat","background-position":"center center","background-size":"auto","background-attachment":"scroll","background-type":"","background-media":"","overlay-type":"","overlay-color":"","overlay-opacity":"","overlay-gradient":""}},"ast-content-background-meta":{"desktop":{"background-color":"var(--ast-global-color-5)","background-image":"","background-repeat":"repeat","background-position":"center center","background-size":"auto","background-attachment":"scroll","background-type":"","background-media":"","overlay-type":"","overlay-color":"","overlay-opacity":"","overlay-gradient":""},"tablet":{"background-color":"var(--ast-global-color-5)","background-image":"","background-repeat":"repeat","background-position":"center center","background-size":"auto","background-attachment":"scroll","background-type":"","background-media":"","overlay-type":"","overlay-color":"","overlay-opacity":"","overlay-gradient":""},"mobile":{"background-color":"var(--ast-global-color-5)","background-image":"","background-repeat":"repeat","background-position":"center center","background-size":"auto","background-attachment":"scroll","background-type":"","background-media":"","overlay-type":"","overlay-color":"","overlay-opacity":"","overlay-gradient":""}},"footnotes":""},"categories":[16],"tags":[],"class_list":["post-1096","post","type-post","status-publish","format-standard","has-post-thumbnail","hentry","category-archives-cms"],"_links":{"self":[{"href":"https:\/\/lavoiedessansvoix.fr\/lavoie\/wp-json\/wp\/v2\/posts\/1096","targetHints":{"allow":["GET"]}}],"collection":[{"href":"https:\/\/lavoiedessansvoix.fr\/lavoie\/wp-json\/wp\/v2\/posts"}],"about":[{"href":"https:\/\/lavoiedessansvoix.fr\/lavoie\/wp-json\/wp\/v2\/types\/post"}],"author":[{"embeddable":true,"href":"https:\/\/lavoiedessansvoix.fr\/lavoie\/wp-json\/wp\/v2\/users\/1"}],"replies":[{"embeddable":true,"href":"https:\/\/lavoiedessansvoix.fr\/lavoie\/wp-json\/wp\/v2\/comments?post=1096"}],"version-history":[{"count":1,"href":"https:\/\/lavoiedessansvoix.fr\/lavoie\/wp-json\/wp\/v2\/posts\/1096\/revisions"}],"predecessor-version":[{"id":4814,"href":"https:\/\/lavoiedessansvoix.fr\/lavoie\/wp-json\/wp\/v2\/posts\/1096\/revisions\/4814"}],"wp:featuredmedia":[{"embeddable":true,"href":"https:\/\/lavoiedessansvoix.fr\/lavoie\/wp-json\/wp\/v2\/media\/4813"}],"wp:attachment":[{"href":"https:\/\/lavoiedessansvoix.fr\/lavoie\/wp-json\/wp\/v2\/media?parent=1096"}],"wp:term":[{"taxonomy":"category","embeddable":true,"href":"https:\/\/lavoiedessansvoix.fr\/lavoie\/wp-json\/wp\/v2\/categories?post=1096"},{"taxonomy":"post_tag","embeddable":true,"href":"https:\/\/lavoiedessansvoix.fr\/lavoie\/wp-json\/wp\/v2\/tags?post=1096"}],"curies":[{"name":"wp","href":"https:\/\/api.w.org\/{rel}","templated":true}]}}