{"id":1095,"date":"2015-06-15T03:36:00","date_gmt":"2015-06-15T01:36:00","guid":{"rendered":"https:\/\/lavoiedessansvoix.fr\/lavoie\/2015\/06\/15\/archive-et-merde-a-la-cpi\/"},"modified":"2026-04-26T22:12:37","modified_gmt":"2026-04-26T20:12:37","slug":"archive-et-merde-a-la-cpi","status":"publish","type":"post","link":"https:\/\/lavoiedessansvoix.fr\/lavoie\/2015\/06\/15\/archive-et-merde-a-la-cpi\/","title":{"rendered":"ET MERDE A LA CPI !"},"content":{"rendered":"<p>ET MERDE A LA CPI !http:\/\/lavoiedessansvoix.fr\/forum\/attachment.php?attachmentid=40&#038;stc=1 \u00ab . La justice (sud-africaine) a \u00e9t\u00e9 saisie par l&rsquo;ONG SALC qui souhaite voir le pr\u00e9sident soudanais, accus\u00e9 de crimes contre l\u2019humanit\u00e9, (Par qui ? La r\u00e9ponse \u00e0 cette question est \u00e9difiante. \u2013 LVDSV) arr\u00eat\u00e9 et d\u00e9f\u00e9r\u00e9 devant la Cour p\u00e9nale internationale \u00bb (sources RFI) Bien entendu, le concert international (occidental) n\u2019a cess\u00e9 de croitre depuis, qui r\u00e9clame l\u2019arrestation de Mr Omar Al-Bachir. \u00ab Le pr\u00e9sident de l\u2019Assembl\u00e9e des \u00c9tats parties \u00e0 la CPI Sidiki Kaba, le Garde des Sceaux, ministre de la Justice s\u00e9n\u00e9galais \u00abappelle l\u2019Afrique du Sud, qui a toujours contribu\u00e9 \u00e0 renforcer la Cour, \u00e0 n\u2019\u00e9pargner aucun effort pour assurer l\u2019ex\u00e9cution des mandats d\u2019arr\u00eat\u00bb contre el-B\u00e9chir\u2026. \u00bb (Allain Jules \u00bb). La CPI elle-m\u00eame demande \u00e0 l\u2019Afrique du Sud, \u00ab d\u2019obtemp\u00e9rer \u00bb en contravention avec toutes les r\u00e8gles diplomatiques, en arr\u00eatant le Pr\u00e9sident soudanais, son invit\u00e9 au sommet de l\u2019Union Africaine. Elle argue pour se faire que \u00ab C&rsquo;est normalement une obligation pour l&rsquo;Afrique du Sud, signataire du trait\u00e9 de Rome \u00bb et que \u00ab cette loi \u00bb des maitres du monde serait au-dessus de toute autre consid\u00e9ration.  Saisie, la Haute cour de Pretoria a interdit au pr\u00e9sident soudanais de quitter le territoire sud-africain tant que la Cour n&rsquo;a pas rendu son jugement. \u00bb. Celle-ci statuera ce lundi m\u00eame. Que va-t-il se passer ? Quel que soit le jugement rendu par \u00ab la haute-cour \u00bb sous l\u2019influence du juge Hans Fabricius,  Omar Al-B\u00e9chir rentrera sans nul doute au Soudan.   Quoique dise en effet la horde m\u00e9diatique \u00e0 la solde des imp\u00e9rialistes occidentaux, de l\u2019embarras qui serait celui de l\u2019Afrique du Sud dans cette affaire, le pr\u00e9sident soudanais rejoindra son pays. Car en v\u00e9rit\u00e9, l\u2019Afrique du Sud, et nombre de pays africains en ont \u00ab soup\u00e9 \u00bb de ce pr\u00e9tendu tribunal international qui ne voit et poursuit des \u00ab dictateurs \u00bb et \u00ab criminels de guerre \u00bb qu\u2019en Afrique (ou autre pays soumis \u00e0 sa f\u00e9rule). Quand donc ce Tribunal s\u2019avisera-t-il par exemple de lancer un mandat d\u2019arr\u00eat contre Benyamin Netanyahou bourreau de Gaza ? Contre Nicolas Sarkozy destructeur de l\u2019\u00c9tat Libyen et responsable du chaos qui meurtri l\u2019Afrique du nord et subsaharienne ? Contre Fran\u00e7ois Hollande bourreau de la Syrie o\u00f9 il a organis\u00e9 et sustent\u00e9 les forces destructrices, porteuses d&rsquo;horreurs et de chaos ? Contre Bernard Henri L\u00e9vy ; l\u2019ap\u00f4tre de la haine de la guerre et du sang, pour appel au meurtre et apologie de crimes contre l\u2019humanit\u00e9 ? * Le temps est venu pour l\u2019Afrique du Sud, t\u00eate de file du continent africain, pour les autres pays africains victimes de cette supercherie judiciaire, pour \u00ab l\u2019autre monde \u00bb qui entend s\u2019extraire de la dictature am\u00e9ricaine, de d\u00e9noncer le \u00ab trait\u00e9 de Rome \u00bb et de se retirer de la \u00ab CPI \u00bb. Celle-ci en v\u00e9rit\u00e9 n\u2019est qu\u2019une juridiction d\u2019exception, un tribunal de guerre \u00bb instrument de la dictature am\u00e9ricano-occidentale au service de sa \u00ab guerre des civilisations \u00bb.  C\u2019est pourquoi l\u2019Afrique du Sud, confront\u00e9e aux sommations menaces et injonctions occidentales de toutes sortes va trancher en refusant d\u2019obtemp\u00e9rer. Et c\u2019est pourquoi ce refus sera bien plus que cela, un v\u00e9ritable camouflet diplomatique pour la \u00ab CPI \u00bb et pour ses maitres. Un tournant fondamental dans la diplomatie internationale avec un pas suppl\u00e9mentaire de franchi dans la constitution de \u00ab l\u2019autre monde \u00bb celui que des \u00ab BRICS \u00bb ont d\u00e9j\u00e0 dessin\u00e9 en pointill\u00e9s.   N\u2019est-ce pas d\u2019ailleurs cette \u00e9volution que redoutent les occidentaux et leurs chiens de garde ? \u00ab Le pr\u00e9sident de l\u2019Assembl\u00e9e des \u00c9tats de la CPI a \u00e9galement exprim\u00e9 \u00absa profonde inqui\u00e9tude quant aux cons\u00e9quences n\u00e9gatives pour la Cour dans le cas d\u2019une non-ex\u00e9cution des mandats\u00bb, selon le communiqu\u00e9 de la Cour \u00bb ; (Allain Jules) En effet ! Les pr\u00e9tentions odieuses et d\u00e9mesur\u00e9es de l\u2019Occident en cette affaire  n\u2019auront pour effet que d\u2019acc\u00e9l\u00e9rer la r\u00e9alisation d\u2019un processus in\u00e9vitable, le divorce de deux mondes, la d\u00e9finition de deux visions du monde, l\u2019apparition de deux conception de la justice internationale, Ce processus de scissiparit\u00e9 venue \u00e0 termes, il conviendra alors pour les partisans d\u2019un nouveau monde libre d\u2019exiger l\u2019arr\u00eat des poursuites de la CPI et la lib\u00e9ration d\u2019un certain nombre de ses victimes comme l\u2019ex Pr\u00e9sident Gbagbo de C\u00f4te d\u2019Ivoire \u00bb, et la dissolution de ce tribunal d\u2019exception.  Patrick Seignon. \u00ab lavoiedessansvoix.fr \u00bb Lundi 15 juin 2015.<\/p>\n","protected":false},"excerpt":{"rendered":"<p>ET MERDE A LA CPI !http:\/\/lavoiedessansvoix.fr\/forum\/attachment.php?attachmentid=40&#038;stc=1 \u00ab . La justice (sud-africaine) a \u00e9t\u00e9 saisie par l&rsquo;ONG SALC qui souhaite voir [&hellip;]<\/p>\n","protected":false},"author":1,"featured_media":4811,"comment_status":"open","ping_status":"open","sticky":false,"template":"","format":"standard","meta":{"sfsi_plus_gutenberg_text_before_share":"","sfsi_plus_gutenberg_show_text_before_share":"","sfsi_plus_gutenberg_icon_type":"","sfsi_plus_gutenberg_icon_alignemt":"","sfsi_plus_gutenburg_max_per_row":"","site-sidebar-layout":"default","site-content-layout":"","ast-site-content-layout":"default","site-content-style":"default","site-sidebar-style":"default","ast-global-header-display":"","ast-banner-title-visibility":"","ast-main-header-display":"","ast-hfb-above-header-display":"","ast-hfb-below-header-display":"","ast-hfb-mobile-header-display":"","site-post-title":"","ast-breadcrumbs-content":"","ast-featured-img":"","footer-sml-layout":"","ast-disable-related-posts":"","theme-transparent-header-meta":"","adv-header-id-meta":"","stick-header-meta":"","header-above-stick-meta":"","header-main-stick-meta":"","header-below-stick-meta":"","astra-migrate-meta-layouts":"default","ast-page-background-enabled":"default","ast-page-background-meta":{"desktop":{"background-color":"var(--ast-global-color-4)","background-image":"","background-repeat":"repeat","background-position":"center center","background-size":"auto","background-attachment":"scroll","background-type":"","background-media":"","overlay-type":"","overlay-color":"","overlay-opacity":"","overlay-gradient":""},"tablet":{"background-color":"","background-image":"","background-repeat":"repeat","background-position":"center center","background-size":"auto","background-attachment":"scroll","background-type":"","background-media":"","overlay-type":"","overlay-color":"","overlay-opacity":"","overlay-gradient":""},"mobile":{"background-color":"","background-image":"","background-repeat":"repeat","background-position":"center center","background-size":"auto","background-attachment":"scroll","background-type":"","background-media":"","overlay-type":"","overlay-color":"","overlay-opacity":"","overlay-gradient":""}},"ast-content-background-meta":{"desktop":{"background-color":"var(--ast-global-color-5)","background-image":"","background-repeat":"repeat","background-position":"center center","background-size":"auto","background-attachment":"scroll","background-type":"","background-media":"","overlay-type":"","overlay-color":"","overlay-opacity":"","overlay-gradient":""},"tablet":{"background-color":"var(--ast-global-color-5)","background-image":"","background-repeat":"repeat","background-position":"center center","background-size":"auto","background-attachment":"scroll","background-type":"","background-media":"","overlay-type":"","overlay-color":"","overlay-opacity":"","overlay-gradient":""},"mobile":{"background-color":"var(--ast-global-color-5)","background-image":"","background-repeat":"repeat","background-position":"center center","background-size":"auto","background-attachment":"scroll","background-type":"","background-media":"","overlay-type":"","overlay-color":"","overlay-opacity":"","overlay-gradient":""}},"footnotes":""},"categories":[16],"tags":[],"class_list":["post-1095","post","type-post","status-publish","format-standard","has-post-thumbnail","hentry","category-archives-cms"],"_links":{"self":[{"href":"https:\/\/lavoiedessansvoix.fr\/lavoie\/wp-json\/wp\/v2\/posts\/1095","targetHints":{"allow":["GET"]}}],"collection":[{"href":"https:\/\/lavoiedessansvoix.fr\/lavoie\/wp-json\/wp\/v2\/posts"}],"about":[{"href":"https:\/\/lavoiedessansvoix.fr\/lavoie\/wp-json\/wp\/v2\/types\/post"}],"author":[{"embeddable":true,"href":"https:\/\/lavoiedessansvoix.fr\/lavoie\/wp-json\/wp\/v2\/users\/1"}],"replies":[{"embeddable":true,"href":"https:\/\/lavoiedessansvoix.fr\/lavoie\/wp-json\/wp\/v2\/comments?post=1095"}],"version-history":[{"count":1,"href":"https:\/\/lavoiedessansvoix.fr\/lavoie\/wp-json\/wp\/v2\/posts\/1095\/revisions"}],"predecessor-version":[{"id":4812,"href":"https:\/\/lavoiedessansvoix.fr\/lavoie\/wp-json\/wp\/v2\/posts\/1095\/revisions\/4812"}],"wp:featuredmedia":[{"embeddable":true,"href":"https:\/\/lavoiedessansvoix.fr\/lavoie\/wp-json\/wp\/v2\/media\/4811"}],"wp:attachment":[{"href":"https:\/\/lavoiedessansvoix.fr\/lavoie\/wp-json\/wp\/v2\/media?parent=1095"}],"wp:term":[{"taxonomy":"category","embeddable":true,"href":"https:\/\/lavoiedessansvoix.fr\/lavoie\/wp-json\/wp\/v2\/categories?post=1095"},{"taxonomy":"post_tag","embeddable":true,"href":"https:\/\/lavoiedessansvoix.fr\/lavoie\/wp-json\/wp\/v2\/tags?post=1095"}],"curies":[{"name":"wp","href":"https:\/\/api.w.org\/{rel}","templated":true}]}}