{"id":1094,"date":"2015-06-29T06:33:00","date_gmt":"2015-06-29T04:33:00","guid":{"rendered":"https:\/\/lavoiedessansvoix.fr\/lavoie\/2015\/06\/29\/archive-grece-l-appel-au-peuple\/"},"modified":"2026-04-26T22:12:19","modified_gmt":"2026-04-26T20:12:19","slug":"archive-grece-l-appel-au-peuple","status":"publish","type":"post","link":"https:\/\/lavoiedessansvoix.fr\/lavoie\/2015\/06\/29\/archive-grece-l-appel-au-peuple\/","title":{"rendered":"GRECE: L\u2019APPEL AU PEUPLE"},"content":{"rendered":"<p>GRECE: L\u2019APPEL AU PEUPLE   Alexis Tsipras, le premier ministre grec confront\u00e9 au blocage de l\u2019Europe qui entend mettre la Gr\u00e8ce \u00e0 genoux, a d\u00e9cid\u00e9 la tenue d\u2019un r\u00e9f\u00e9rendum le 5 juillet prochain.  Il s\u2019agit d\u2019un r\u00e9f\u00e9rendum, mais c\u2019est d\u00e9j\u00e0 plus que cela. C\u2019est un appel \u00e0 la r\u00e9volte, \u00e0 la mobilisation, \u00e0 la prise en charge par le peuple grec de son propre destin.   Les appels pr\u00e9c\u00e9dents au soutien au gouvernement n\u2019avaient donn\u00e9 que des r\u00e9sultats mitig\u00e9s, une large fraction du peuple \u00e9tant perplexe, d\u00e9rout\u00e9, ayant le sentiment d\u2019avoir d\u00e9j\u00e0 \u00e9t\u00e9 trahit. Avec le r\u00e9f\u00e9rendum, le gouvernement grec signifie clairement que non seulement il n\u2019a pas trahit, mais qu\u2019il appelle le peuple \u00e0 se disposer au combat \u00e0 ses c\u00f4t\u00e9. Car, qu\u2019il s\u2019agisse de faire plier la commission europ\u00e9enne ou qu\u2019il s\u2019agisse d\u2019une sortie de la zone euro, la s\u00e9quence historique qui s\u2019ouvre ainsi pour la Gr\u00e8ce est un v\u00e9ritable combat.  Voil\u00e0 plusieurs mois que de n\u00e9gociations en rencontres et en nouvelles n\u00e9gociations, le nouveau gouvernement grec semblait tergiverser, h\u00e9siter, voire \u00eatre perdu face \u00e0 la difficult\u00e9 de la situation. Voil\u00e0 des semaines et des mois que l\u2019on nous annon\u00e7ait ses capitulations partielles, et voil\u00e0 quelques jours que l\u2019on \u00e9tait s\u00fbr de sa capitulation totale. J\u2019ai entendu un reporter de \u00ab France 2 \u00bb, il y a quelques jours \u00e0 peine, qui annon\u00e7ait que la Gr\u00e8ce n\u2019avait plus d\u2019autre choix que d\u2019accepter le diktat de Bruxelles. L\u2019annonce du r\u00e9f\u00e9rendum est un d\u00e9menti cinglant \u00e0 tous ceux qui faisait peu de cas de la Gr\u00e8ce, du peuple grec et des engagements du gouvernement qu\u2019ils voulaient humilier.  Bruxelles ne veut pas c\u00e9der \u00e0 la Gr\u00e8ce. Elle le pourrait. Mais elle redoute que d\u2019autres pays, tels le Portugal, l\u2019Espagne ou l\u2019Italie ne suivent la m\u00eame voie remettant en cause d\u00e9finitivement la doctrine \u00e9conomique qui est la sienne. Elle a pris se faisant le risque d\u2019une sortie de la Gr\u00e8ce de la zone euros, qui fragilisera celle-ci. Elle a pris ce risque car elle est persuad\u00e9e que le jeu en vaut la chandelle. Sortie de la zone euros la Gr\u00e8ce retournera \u00e0 la drachme qui subira une forte d\u00e9valuation. L\u2019\u00e9conomie Grecque rentrera dans une p\u00e9riode de marasme. Et la commission europ\u00e9enne table sur l\u2019id\u00e9e que la situation catastrophique qui en r\u00e9sultera sera alors sa meilleure arme de dissuasion pour pr\u00e9venir d\u2019autres \u00c9tats de suivre le m\u00eame chemin.  Mais la commission europ\u00e9enne \u00ab se plante \u00bb sur toute la ligne.  Un) D\u00e9barrass\u00e9e du boulet de la dette, l\u2019\u00e9conomie grecque, certes secou\u00e9e par la sortie de l\u2019euro et la terrible d\u00e9valuation de la drachme, pourra mettre le cap sur sa reconstruction.  Deux) d\u00e9gag\u00e9e de la tutelle de la BCE et du FMI, la Gr\u00e8ce recouvrant son ind\u00e9pendance pourra diversifier ses partenariats, elle le fera, elle en a d\u00e9j\u00e0 pris le chemin, avec la Russie, la Chine et les BRICS.  Mais une telle \u00e9volution aura d\u2019autres cons\u00e9quences, celles de modifier les engagements g\u00e9opolitiques et strat\u00e9giques de la Gr\u00e8ce.  Voil\u00e0 quels sont les enjeux v\u00e9ritables auxquels le gouvernement grec ne pouvait se disposer sans avoir \u00e9puis\u00e9 toutes les possibilit\u00e9s d\u2019une solution n\u00e9goci\u00e9e dans le cadre de l\u2019UE. Voil\u00e0 un possible tournant dans le destin national de la Gr\u00e8ce, que le gouvernement grec ne pouvait n\u00e9gocier sans s\u2019assurer au pr\u00e9alable du soutien sans faille du peuple grec.  Le calcul cynique de la commission europ\u00e9enne, pourrait ainsi  se r\u00e9v\u00e9ler \u00eatre une v\u00e9ritable B\u00e9r\u00e9zina pour \u00ab L\u2019Europe \u00bb, \u00ab L\u2019OTAN \u00bb, et l\u2019Empire d\u2019Occident dirig\u00e9 par les USA.  En en appelant au peuple grec et \u00e0 son histoire, auquel il demande de refuser l\u2019humiliation, Alexis Tsipras a jou\u00e9 une carte majeure. C\u2019est lui qui a mis de la sorte la commission Europ\u00e9enne devant un terrible dilemme.  Craignant le sc\u00e9nario catastrophe que pourrait induire son intransigeance, il est encore possible que la commission europ\u00e9enne se ravise in-extr\u00e9mis. Une nouvelle r\u00e9union doit avoir lieu. La commission europ\u00e9enne qui fanfaronnait il y a quelques heures encore, persuad\u00e9e qu\u2019elle \u00e9tait de mettre la Gr\u00e8ce \u00e0 genoux, pourrait encore se raviser et proposer un plan \u00ab B \u00bb incluant une annulation partielle importante ou totale de la dette grecque.  A d\u00e9faut, Le tournant historique que la Gr\u00e8ce amorcera ainsi pourrait bien se r\u00e9v\u00e9ler \u00eatre l\u2019acte fondateur  d\u2019une r\u00e9volution europ\u00e9enne.  Patrick Seignon. \u00ab lavoiedessansvoix.fr \u00bb. Lundi 29 juin 2015.<\/p>\n","protected":false},"excerpt":{"rendered":"<p>GRECE: L\u2019APPEL AU PEUPLE Alexis Tsipras, le premier ministre grec confront\u00e9 au blocage de l\u2019Europe qui entend mettre la Gr\u00e8ce [&hellip;]<\/p>\n","protected":false},"author":1,"featured_media":4809,"comment_status":"open","ping_status":"open","sticky":false,"template":"","format":"standard","meta":{"sfsi_plus_gutenberg_text_before_share":"","sfsi_plus_gutenberg_show_text_before_share":"","sfsi_plus_gutenberg_icon_type":"","sfsi_plus_gutenberg_icon_alignemt":"","sfsi_plus_gutenburg_max_per_row":"","site-sidebar-layout":"default","site-content-layout":"","ast-site-content-layout":"default","site-content-style":"default","site-sidebar-style":"default","ast-global-header-display":"","ast-banner-title-visibility":"","ast-main-header-display":"","ast-hfb-above-header-display":"","ast-hfb-below-header-display":"","ast-hfb-mobile-header-display":"","site-post-title":"","ast-breadcrumbs-content":"","ast-featured-img":"","footer-sml-layout":"","ast-disable-related-posts":"","theme-transparent-header-meta":"","adv-header-id-meta":"","stick-header-meta":"","header-above-stick-meta":"","header-main-stick-meta":"","header-below-stick-meta":"","astra-migrate-meta-layouts":"default","ast-page-background-enabled":"default","ast-page-background-meta":{"desktop":{"background-color":"var(--ast-global-color-4)","background-image":"","background-repeat":"repeat","background-position":"center center","background-size":"auto","background-attachment":"scroll","background-type":"","background-media":"","overlay-type":"","overlay-color":"","overlay-opacity":"","overlay-gradient":""},"tablet":{"background-color":"","background-image":"","background-repeat":"repeat","background-position":"center center","background-size":"auto","background-attachment":"scroll","background-type":"","background-media":"","overlay-type":"","overlay-color":"","overlay-opacity":"","overlay-gradient":""},"mobile":{"background-color":"","background-image":"","background-repeat":"repeat","background-position":"center center","background-size":"auto","background-attachment":"scroll","background-type":"","background-media":"","overlay-type":"","overlay-color":"","overlay-opacity":"","overlay-gradient":""}},"ast-content-background-meta":{"desktop":{"background-color":"var(--ast-global-color-5)","background-image":"","background-repeat":"repeat","background-position":"center center","background-size":"auto","background-attachment":"scroll","background-type":"","background-media":"","overlay-type":"","overlay-color":"","overlay-opacity":"","overlay-gradient":""},"tablet":{"background-color":"var(--ast-global-color-5)","background-image":"","background-repeat":"repeat","background-position":"center center","background-size":"auto","background-attachment":"scroll","background-type":"","background-media":"","overlay-type":"","overlay-color":"","overlay-opacity":"","overlay-gradient":""},"mobile":{"background-color":"var(--ast-global-color-5)","background-image":"","background-repeat":"repeat","background-position":"center center","background-size":"auto","background-attachment":"scroll","background-type":"","background-media":"","overlay-type":"","overlay-color":"","overlay-opacity":"","overlay-gradient":""}},"footnotes":""},"categories":[16],"tags":[],"class_list":["post-1094","post","type-post","status-publish","format-standard","has-post-thumbnail","hentry","category-archives-cms"],"_links":{"self":[{"href":"https:\/\/lavoiedessansvoix.fr\/lavoie\/wp-json\/wp\/v2\/posts\/1094","targetHints":{"allow":["GET"]}}],"collection":[{"href":"https:\/\/lavoiedessansvoix.fr\/lavoie\/wp-json\/wp\/v2\/posts"}],"about":[{"href":"https:\/\/lavoiedessansvoix.fr\/lavoie\/wp-json\/wp\/v2\/types\/post"}],"author":[{"embeddable":true,"href":"https:\/\/lavoiedessansvoix.fr\/lavoie\/wp-json\/wp\/v2\/users\/1"}],"replies":[{"embeddable":true,"href":"https:\/\/lavoiedessansvoix.fr\/lavoie\/wp-json\/wp\/v2\/comments?post=1094"}],"version-history":[{"count":1,"href":"https:\/\/lavoiedessansvoix.fr\/lavoie\/wp-json\/wp\/v2\/posts\/1094\/revisions"}],"predecessor-version":[{"id":4810,"href":"https:\/\/lavoiedessansvoix.fr\/lavoie\/wp-json\/wp\/v2\/posts\/1094\/revisions\/4810"}],"wp:featuredmedia":[{"embeddable":true,"href":"https:\/\/lavoiedessansvoix.fr\/lavoie\/wp-json\/wp\/v2\/media\/4809"}],"wp:attachment":[{"href":"https:\/\/lavoiedessansvoix.fr\/lavoie\/wp-json\/wp\/v2\/media?parent=1094"}],"wp:term":[{"taxonomy":"category","embeddable":true,"href":"https:\/\/lavoiedessansvoix.fr\/lavoie\/wp-json\/wp\/v2\/categories?post=1094"},{"taxonomy":"post_tag","embeddable":true,"href":"https:\/\/lavoiedessansvoix.fr\/lavoie\/wp-json\/wp\/v2\/tags?post=1094"}],"curies":[{"name":"wp","href":"https:\/\/api.w.org\/{rel}","templated":true}]}}