{"id":1093,"date":"2015-07-01T04:03:00","date_gmt":"2015-07-01T02:03:00","guid":{"rendered":"https:\/\/lavoiedessansvoix.fr\/lavoie\/2015\/07\/01\/archive-pourquoi-la-grece-dira-non-au-diktat-de-l-ue\/"},"modified":"2026-04-26T22:12:09","modified_gmt":"2026-04-26T20:12:09","slug":"archive-pourquoi-la-grece-dira-non-au-diktat-de-l-ue","status":"publish","type":"post","link":"https:\/\/lavoiedessansvoix.fr\/lavoie\/2015\/07\/01\/archive-pourquoi-la-grece-dira-non-au-diktat-de-l-ue\/","title":{"rendered":"POURQUOI LA GRECE DIRA NON AU DIKTAT DE L\u2019UE ?"},"content":{"rendered":"<p>POURQUOI LA GRECE DIRA NON AU DIKTAT DE L\u2019UE ?   Car bien entendu la Gr\u00e8ce dira non au diktat de Bruxelles.  Certes, le chantage a commenc\u00e9. L\u2019UE tente d\u2019arracher un oui par la terreur. Peur du tournant, du saut dans l\u2019inconnu, peur de l\u2019isolement, de la d\u00e9valuation qui va s\u2019en suivre. Mais cette peur-l\u00e0 n\u2019est-elle pas que peu de chose au regard de l\u2019autre ? Que sont des souffrances annonc\u00e9es par les Cassandre de l\u2019UE au regard de celles d\u00e9j\u00e0 bien r\u00e9elles impos\u00e9es depuis quatre ans au peuple grec ? Les souffrances annonc\u00e9es ne peuvent-elles pas \u00eatre conjur\u00e9es. Le peuple Hell\u00e8ne, par sa volont\u00e9 et sa d\u00e9termination n\u2019est-il pas apte \u00e0 rebondir ? Or cela il le peut s\u2019il se lib\u00e8re des chaines de l\u2019UE et du fardeau de la dette. Pas dans le cas contraire, qui ne lui promet que plus de mis\u00e8re et d\u2019humiliation.  Une peur, des injonctions, des menaces, cela sera inop\u00e9rant. Cela ne peut faire oublier les brimades au quotidien que subissent la Gr\u00e8ce et le peuple grec depuis quatre ans. Il ne fait pas de doute que les grecs choisiront le saut dans l\u2019inconnu, car il est promesse de libert\u00e9, de maitrise de son destin de reconqu\u00eate de sa dignit\u00e9 ?  Patrick Seignon. \u00ab lavoiedessansvoix.fr. Mercredi 1er juillet 2015.<\/p>\n","protected":false},"excerpt":{"rendered":"<p>POURQUOI LA GRECE DIRA NON AU DIKTAT DE L\u2019UE ? Car bien entendu la Gr\u00e8ce dira non au diktat de [&hellip;]<\/p>\n","protected":false},"author":1,"featured_media":4807,"comment_status":"open","ping_status":"open","sticky":false,"template":"","format":"standard","meta":{"sfsi_plus_gutenberg_text_before_share":"","sfsi_plus_gutenberg_show_text_before_share":"","sfsi_plus_gutenberg_icon_type":"","sfsi_plus_gutenberg_icon_alignemt":"","sfsi_plus_gutenburg_max_per_row":"","site-sidebar-layout":"default","site-content-layout":"","ast-site-content-layout":"default","site-content-style":"default","site-sidebar-style":"default","ast-global-header-display":"","ast-banner-title-visibility":"","ast-main-header-display":"","ast-hfb-above-header-display":"","ast-hfb-below-header-display":"","ast-hfb-mobile-header-display":"","site-post-title":"","ast-breadcrumbs-content":"","ast-featured-img":"","footer-sml-layout":"","ast-disable-related-posts":"","theme-transparent-header-meta":"","adv-header-id-meta":"","stick-header-meta":"","header-above-stick-meta":"","header-main-stick-meta":"","header-below-stick-meta":"","astra-migrate-meta-layouts":"default","ast-page-background-enabled":"default","ast-page-background-meta":{"desktop":{"background-color":"var(--ast-global-color-4)","background-image":"","background-repeat":"repeat","background-position":"center center","background-size":"auto","background-attachment":"scroll","background-type":"","background-media":"","overlay-type":"","overlay-color":"","overlay-opacity":"","overlay-gradient":""},"tablet":{"background-color":"","background-image":"","background-repeat":"repeat","background-position":"center center","background-size":"auto","background-attachment":"scroll","background-type":"","background-media":"","overlay-type":"","overlay-color":"","overlay-opacity":"","overlay-gradient":""},"mobile":{"background-color":"","background-image":"","background-repeat":"repeat","background-position":"center center","background-size":"auto","background-attachment":"scroll","background-type":"","background-media":"","overlay-type":"","overlay-color":"","overlay-opacity":"","overlay-gradient":""}},"ast-content-background-meta":{"desktop":{"background-color":"var(--ast-global-color-5)","background-image":"","background-repeat":"repeat","background-position":"center center","background-size":"auto","background-attachment":"scroll","background-type":"","background-media":"","overlay-type":"","overlay-color":"","overlay-opacity":"","overlay-gradient":""},"tablet":{"background-color":"var(--ast-global-color-5)","background-image":"","background-repeat":"repeat","background-position":"center center","background-size":"auto","background-attachment":"scroll","background-type":"","background-media":"","overlay-type":"","overlay-color":"","overlay-opacity":"","overlay-gradient":""},"mobile":{"background-color":"var(--ast-global-color-5)","background-image":"","background-repeat":"repeat","background-position":"center center","background-size":"auto","background-attachment":"scroll","background-type":"","background-media":"","overlay-type":"","overlay-color":"","overlay-opacity":"","overlay-gradient":""}},"footnotes":""},"categories":[16],"tags":[],"class_list":["post-1093","post","type-post","status-publish","format-standard","has-post-thumbnail","hentry","category-archives-cms"],"_links":{"self":[{"href":"https:\/\/lavoiedessansvoix.fr\/lavoie\/wp-json\/wp\/v2\/posts\/1093","targetHints":{"allow":["GET"]}}],"collection":[{"href":"https:\/\/lavoiedessansvoix.fr\/lavoie\/wp-json\/wp\/v2\/posts"}],"about":[{"href":"https:\/\/lavoiedessansvoix.fr\/lavoie\/wp-json\/wp\/v2\/types\/post"}],"author":[{"embeddable":true,"href":"https:\/\/lavoiedessansvoix.fr\/lavoie\/wp-json\/wp\/v2\/users\/1"}],"replies":[{"embeddable":true,"href":"https:\/\/lavoiedessansvoix.fr\/lavoie\/wp-json\/wp\/v2\/comments?post=1093"}],"version-history":[{"count":1,"href":"https:\/\/lavoiedessansvoix.fr\/lavoie\/wp-json\/wp\/v2\/posts\/1093\/revisions"}],"predecessor-version":[{"id":4808,"href":"https:\/\/lavoiedessansvoix.fr\/lavoie\/wp-json\/wp\/v2\/posts\/1093\/revisions\/4808"}],"wp:featuredmedia":[{"embeddable":true,"href":"https:\/\/lavoiedessansvoix.fr\/lavoie\/wp-json\/wp\/v2\/media\/4807"}],"wp:attachment":[{"href":"https:\/\/lavoiedessansvoix.fr\/lavoie\/wp-json\/wp\/v2\/media?parent=1093"}],"wp:term":[{"taxonomy":"category","embeddable":true,"href":"https:\/\/lavoiedessansvoix.fr\/lavoie\/wp-json\/wp\/v2\/categories?post=1093"},{"taxonomy":"post_tag","embeddable":true,"href":"https:\/\/lavoiedessansvoix.fr\/lavoie\/wp-json\/wp\/v2\/tags?post=1093"}],"curies":[{"name":"wp","href":"https:\/\/api.w.org\/{rel}","templated":true}]}}