{"id":1090,"date":"2015-07-10T03:08:00","date_gmt":"2015-07-10T01:08:00","guid":{"rendered":"https:\/\/lavoiedessansvoix.fr\/lavoie\/2015\/07\/10\/archive-appel-a-ne-pas-signer-la-petition-de-la-honte\/"},"modified":"2026-04-26T22:11:32","modified_gmt":"2026-04-26T20:11:32","slug":"archive-appel-a-ne-pas-signer-la-petition-de-la-honte","status":"publish","type":"post","link":"https:\/\/lavoiedessansvoix.fr\/lavoie\/2015\/07\/10\/archive-appel-a-ne-pas-signer-la-petition-de-la-honte\/","title":{"rendered":"APPEL A NE PAS SIGNER LA P\u00c9TITION DE LA HONTE"},"content":{"rendered":"<p>APPEL A NE PAS SIGNER LA P\u00c9TITION DE LA HONTE   Une p\u00e9tition circule sur internet par le canal de \u00ab change org \u00bb, intitul\u00e9e pour \u00ab Gardez la Gr\u00e8ce dans l&rsquo;Union europ\u00e9enne et dans la zone euro \u00bb. Elle est l\u2019initiative d\u2019Anastasios Giovas. (Par honn\u00eatet\u00e9 intellectuelle nous en publions le texte int\u00e9gral en annexe du pr\u00e9sent article.)  L\u2019auteur de la p\u00e9tition s\u2019en remet au bon vouloir des dirigeants europ\u00e9ens qui ont fait depuis longtemps la preuve qu\u2019ils en manquaient. C\u2019est vouloir confier le sort de la Gr\u00e8ce \u00e0 ceux-l\u00e0 m\u00eames qui depuis cinq l\u2019ont martyris\u00e9e.  Quand le peuple grec fier et combatif redresse la t\u00eate et fait face \u00e0 ses tortionnaires, cet homme vous demande de signer une p\u00e9tition qui fait peu de cas de cet acte de civisme h\u00e9ro\u00efque. Quand le peuple grec tente de s\u2019arracher des fers de la finance mondiale et europ\u00e9enne, Anastasios Giovas voudrait remettre aux fers peuple qui s\u2019en es d\u00e9gag\u00e9.  Anastasios Giovas prend acte du r\u00e9sultat sans appel du r\u00e9f\u00e9rendum du 5 juillet, mais ce n\u2019est que pour mieux en nier le sens et en r\u00e9duire la port\u00e9e.  Anastasios Giovas s\u2019efforce de surfer sur l\u2019id\u00e9e qu\u2019en votant contre l\u2019aust\u00e9rit\u00e9 le peuple grec n\u2019a pas vot\u00e9 contre l\u2019Europe. C\u2019est un raccourci, c\u2019est un clich\u00e9 qui r\u00e9duit la v\u00e9rit\u00e9 jusqu\u2019 \u00e0 en faire un mensonge, qui par d\u00e9duction fait dire au peuple grec \u00e0 peu pr\u00e8s le contraire de ce qu\u2019il a v\u00e9ritablement dit. Certes il est vrai : \u00ab pour ou contre la zone euro, pour ou contre l\u2019Europe \u00bb, ce n\u2019\u00e9tait pas la question pos\u00e9e. D\u00e8s lors les grecs ne pouvaient pas exprimer une pareille chose. Mais r\u00e9duire l\u2019interpr\u00e9tation du r\u00e9f\u00e9rendum a \u00ab les grecs ont vot\u00e9 contre plus d\u2019aust\u00e9rit\u00e9 \u00bb est un pur mensonge. Les grecs ont vot\u00e9 contre l\u2019aust\u00e9rit\u00e9 impos\u00e9e par l\u2019Europe au nom de l\u2019Euro et au pr\u00e9texte de \u00ab la dette \u00bb. C\u2019est dire qu\u2019ils n\u2019entendent pas se laisser imposer plus longtemps une politique d\u2019aust\u00e9rit\u00e9 socialement destructrice. Leur vote n\u2019\u00e9tait pas en soi contre l\u2019Europe et l\u2019Euro, mais si l\u2019Europe s\u2019obstine \u00e0 rester sur ses positions qui consistent \u00e0 intimer \u00e0 la Gr\u00e8ce l\u2019ordre de capituler, alors les grecs l\u2019ont dit, ils ne capituleront pas. Une p\u00e9tition pour garder dans ce contexte la Gr\u00e8ce dans l\u2019Euro, c\u2019est une p\u00e9tition pour nier la volont\u00e9 du peuple grec ?  Anastasios Giovas \u00e9crit sans honte \u00ab Toute rupture avec l&rsquo;Europe va avoir des cons\u00e9quences tragiques. Cela entra\u00eenera une pauvret\u00e9 indicible et une forte baisse du niveau de vie et touchera principalement les segments les plus faibles de la population, \u00e0 savoir les enfants, les personnes \u00e2g\u00e9es, les ch\u00f4meurs, les familles monoparentales et les malades chroniques. La r\u00e9cession deviendra plus profonde et r\u00e9duira les recettes fiscales, ce qui aura un impact direct sur les services de sant\u00e9, l&rsquo;\u00e9ducation, la protection sociale et la D\u00e9fense nationale. Cela entra\u00eenera une augmentation spectaculaire de la criminalit\u00e9 et de l&rsquo;ins\u00e9curit\u00e9. La nouvelle monnaie sera faible, beaucoup d&rsquo;entreprises devront fermer, provoquant une augmentation du ch\u00f4mage, les cadres comp\u00e9tents et les jeunes vont migrer \u00e0 l&rsquo;\u00e9tranger et cela affaiblira encore plus les capacit\u00e9s de reprise de notre \u00e9conomie. Enfin, les riches deviendront plus riches et les pauvres plus pauvres. \u00bb  Or le tableau qu\u2019il dresse pour faire peur, n\u2019est-ce pas en v\u00e9rit\u00e9 celui d\u00e9j\u00e0 existant qui r\u00e9sulte non pas de la sortie de la Gr\u00e8ce de l\u2019UE ou de la zone euro, mais au contraire de sa pr\u00e9sence dans celle-ci, des diktats que l\u2019UE et la zone euro ont impos\u00e9s \u00e0 la Gr\u00e8ce depuis cinq ans. Il photographie la situation catastrophique de la politique \u00ab austoritaire \u00bb de l\u2019UE depuis cinq ans, et pr\u00e9tend qu\u2019elle est le r\u00e9sultat annonc\u00e9 de celle d\u2019Alexis Tsipras.  Cette p\u00e9tition est donc plus qu\u2019une n\u00e9gation de la volont\u00e9 d\u00e9mocratique du peuple grec, c\u2019est une injure faite \u00e0 celui-ci.  S\u2019il vous plait, s\u2019exprime l\u2019ostrogoth qui a  r\u00e9dig\u00e9 et promeut \u00ab ce torchon \u00bb, signez ma p\u00e9tition et demandez aux dirigeants de l\u2019Union europ\u00e9enne de garder la Gr\u00e8ce dans l\u2019UE et dans la Zone Euro. \u00bb  S\u2019il vous plait r\u00e9pondons nous, ne signez pas la honteuse p\u00e9tition d\u2019Anastasios Giovas. Ne vous faites pas complices d\u2019une entreprise qui est une n\u00e9gation de la volont\u00e9 d\u00e9mocratique du peuple grec et un acte d\u2019humiliation \u00e0 son endroit.  Patrick Seignon. \u00ab lavoiedessansvoix.fr. Vendredi 10 juillet 2015.(Ci dessous le texte de la p\u00e9tition d&rsquo;Anastasios Giovas).  Gardez la Gr\u00e8ce dans l&rsquo;Union europ\u00e9enne et dans la zone euro #GreeceIN    Le dimanche 5 juillet, le peuple grec a vot\u00e9 contre encore plus d&rsquo;aust\u00e9rit\u00e9, mais pas contre l&rsquo;euro ou l&rsquo;Union europ\u00e9enne. Les seules options disponibles pour la Gr\u00e8ce ne peuvent \u00eatre la simple aust\u00e9rit\u00e9, qui p\u00e9nalise ceux qui ont le plus besoin de soutien, ou qu&rsquo;elle soit contrainte de quitter la zone euro. J&rsquo;ai lanc\u00e9 cette p\u00e9tition pour appeler les dirigeants europ\u00e9ens \u00e0 trouver une autre solution, par des r\u00e9formes et des mesures pour la croissance, et \u00e0 prendre toutes les mesures n\u00e9cessaires pour assurer que la Gr\u00e8ce reste dans la famille europ\u00e9enne et conserve l&rsquo;euro comme monnaie.  Toute rupture avec l&rsquo;Europe va avoir des cons\u00e9quences tragiques. Cela entra\u00eenera une pauvret\u00e9 indicible et une forte baisse du niveau de vie et touchera principalement les segments les plus faibles de la population, \u00e0 savoir les enfants, les personnes \u00e2g\u00e9es, les ch\u00f4meurs, les familles monoparentales et les malades chroniques. La r\u00e9cession deviendra plus profonde et r\u00e9duira les recettes fiscales, ce qui aura un impact direct sur les services de sant\u00e9, l&rsquo;\u00e9ducation, la protection sociale et la D\u00e9fense nationale. Cela entra\u00eenera une augmentation spectaculaire de la criminalit\u00e9 et de l&rsquo;ins\u00e9curit\u00e9. La nouvelle monnaie sera faible, beaucoup d&rsquo;entreprises devront fermer, provoquant une augmentation du ch\u00f4mage, les cadres comp\u00e9tents et les jeunes vont migrer \u00e0 l&rsquo;\u00e9tranger et cela affaiblira encore plus les capacit\u00e9s de reprise de notre \u00e9conomie. Enfin, les riches deviendront plus riches et les pauvres plus pauvres.  S&rsquo;il vous pla\u00eet, signez ma p\u00e9tition et demandez aux dirigeants de l&rsquo;Union europ\u00e9enne de maintenir la Gr\u00e8ce dans l&rsquo;UE et la zone euro.  L&rsquo;Europe devra \u00e9galement faire face \u00e0 des cons\u00e9quences importantes: l&rsquo;impact financier ne sera peut \u00eatre pas important, mais on prouvera que le projet de l&rsquo;unification de l&rsquo;Europe est r\u00e9versible. Les march\u00e9s vont essayer de pr\u00e9dire qui sera le prochain pays \u00ab\u00a0faible\u00a0\u00bb de la zone euro. L&rsquo;aust\u00e9rit\u00e9 pr\u00e9vaudra dans d&rsquo;autres pays europ\u00e9ens, en particulier en Europe du sud, en faisant de la Gr\u00e8ce un exemple n\u00e9gatif. La Gr\u00e8ce est l&rsquo;un des pays aux fronti\u00e8res de l&rsquo;Union, qui prot\u00e8ge l&rsquo;Europe de l&rsquo;immigration ill\u00e9gale excessive, et si elle est dans un \u00e9tat de chaos, elle ne pourra pas plus jouer ce r\u00f4le. Il y a aussi des symboles importants: l&rsquo;Europe doit son nom \u00e0 la langue grecque et la Gr\u00e8ce est le berceau de la d\u00e9mocratie. Comment peut-elle \u00eatre laiss\u00e9e en dehors de l&rsquo;UE?  Signez et partagez ma p\u00e9tition maintenant. Disons aux dirigeants de l&rsquo;Union europ\u00e9enne que la Gr\u00e8ce doit rester dans l&rsquo;Union et dans la zone euro.  Nous ne demandons pas de ne pas payer nos dettes. Mais afin d&rsquo;\u00eatre en mesure de le faire, nous devons nous concentrer sur les r\u00e9formes et les mesures qui vont entra\u00eener la croissance et pas la r\u00e9cession. En Gr\u00e8ce, nous demandons \u00e0 notre gouvernement de faire pression pour un meilleur syst\u00e8me dans notre pays en ce qui concerne la fiscalit\u00e9, la justice, la m\u00e9ritocratie, la transparence et l&rsquo;\u00e9galit\u00e9 de tous les citoyens.  Il est temps de travailler ensemble. Si chaque nation de l&rsquo;Union europ\u00e9enne fait pression sur ses dirigeants pour trouver une nouvelle solution, nous pourrions faire quelque chose d&rsquo;incroyable, plein de compassion et historique. Nous pouvons aider \u00e0 faire de l&rsquo;Europe une terre de paix, de d\u00e9mocratie, d&rsquo;humanit\u00e9, de justice et de protection sociale. A quoi sert notre Union, si ce n&rsquo;est pas \u00e0 se soutenir pendant les p\u00e9riodes difficiles, autant que c\u00e9l\u00e9brer les bonnes ?  S&rsquo;il vous pla\u00eet, joignez-vous \u00e0 nous pour aider \u00e0 cr\u00e9er une Union europ\u00e9enne qui \u00e9coute vraiment son peuple. S&rsquo;il vous pla\u00eet, aidez \u00e0 garder mon pays dans la famille europ\u00e9enne. Signez et partagez cette p\u00e9tition.<\/p>\n","protected":false},"excerpt":{"rendered":"<p>APPEL A NE PAS SIGNER LA P\u00c9TITION DE LA HONTE Une p\u00e9tition circule sur internet par le canal de \u00ab [&hellip;]<\/p>\n","protected":false},"author":1,"featured_media":4801,"comment_status":"open","ping_status":"open","sticky":false,"template":"","format":"standard","meta":{"sfsi_plus_gutenberg_text_before_share":"","sfsi_plus_gutenberg_show_text_before_share":"","sfsi_plus_gutenberg_icon_type":"","sfsi_plus_gutenberg_icon_alignemt":"","sfsi_plus_gutenburg_max_per_row":"","site-sidebar-layout":"default","site-content-layout":"","ast-site-content-layout":"default","site-content-style":"default","site-sidebar-style":"default","ast-global-header-display":"","ast-banner-title-visibility":"","ast-main-header-display":"","ast-hfb-above-header-display":"","ast-hfb-below-header-display":"","ast-hfb-mobile-header-display":"","site-post-title":"","ast-breadcrumbs-content":"","ast-featured-img":"","footer-sml-layout":"","ast-disable-related-posts":"","theme-transparent-header-meta":"","adv-header-id-meta":"","stick-header-meta":"","header-above-stick-meta":"","header-main-stick-meta":"","header-below-stick-meta":"","astra-migrate-meta-layouts":"default","ast-page-background-enabled":"default","ast-page-background-meta":{"desktop":{"background-color":"var(--ast-global-color-4)","background-image":"","background-repeat":"repeat","background-position":"center center","background-size":"auto","background-attachment":"scroll","background-type":"","background-media":"","overlay-type":"","overlay-color":"","overlay-opacity":"","overlay-gradient":""},"tablet":{"background-color":"","background-image":"","background-repeat":"repeat","background-position":"center center","background-size":"auto","background-attachment":"scroll","background-type":"","background-media":"","overlay-type":"","overlay-color":"","overlay-opacity":"","overlay-gradient":""},"mobile":{"background-color":"","background-image":"","background-repeat":"repeat","background-position":"center center","background-size":"auto","background-attachment":"scroll","background-type":"","background-media":"","overlay-type":"","overlay-color":"","overlay-opacity":"","overlay-gradient":""}},"ast-content-background-meta":{"desktop":{"background-color":"var(--ast-global-color-5)","background-image":"","background-repeat":"repeat","background-position":"center center","background-size":"auto","background-attachment":"scroll","background-type":"","background-media":"","overlay-type":"","overlay-color":"","overlay-opacity":"","overlay-gradient":""},"tablet":{"background-color":"var(--ast-global-color-5)","background-image":"","background-repeat":"repeat","background-position":"center center","background-size":"auto","background-attachment":"scroll","background-type":"","background-media":"","overlay-type":"","overlay-color":"","overlay-opacity":"","overlay-gradient":""},"mobile":{"background-color":"var(--ast-global-color-5)","background-image":"","background-repeat":"repeat","background-position":"center center","background-size":"auto","background-attachment":"scroll","background-type":"","background-media":"","overlay-type":"","overlay-color":"","overlay-opacity":"","overlay-gradient":""}},"footnotes":""},"categories":[16],"tags":[],"class_list":["post-1090","post","type-post","status-publish","format-standard","has-post-thumbnail","hentry","category-archives-cms"],"_links":{"self":[{"href":"https:\/\/lavoiedessansvoix.fr\/lavoie\/wp-json\/wp\/v2\/posts\/1090","targetHints":{"allow":["GET"]}}],"collection":[{"href":"https:\/\/lavoiedessansvoix.fr\/lavoie\/wp-json\/wp\/v2\/posts"}],"about":[{"href":"https:\/\/lavoiedessansvoix.fr\/lavoie\/wp-json\/wp\/v2\/types\/post"}],"author":[{"embeddable":true,"href":"https:\/\/lavoiedessansvoix.fr\/lavoie\/wp-json\/wp\/v2\/users\/1"}],"replies":[{"embeddable":true,"href":"https:\/\/lavoiedessansvoix.fr\/lavoie\/wp-json\/wp\/v2\/comments?post=1090"}],"version-history":[{"count":1,"href":"https:\/\/lavoiedessansvoix.fr\/lavoie\/wp-json\/wp\/v2\/posts\/1090\/revisions"}],"predecessor-version":[{"id":4802,"href":"https:\/\/lavoiedessansvoix.fr\/lavoie\/wp-json\/wp\/v2\/posts\/1090\/revisions\/4802"}],"wp:featuredmedia":[{"embeddable":true,"href":"https:\/\/lavoiedessansvoix.fr\/lavoie\/wp-json\/wp\/v2\/media\/4801"}],"wp:attachment":[{"href":"https:\/\/lavoiedessansvoix.fr\/lavoie\/wp-json\/wp\/v2\/media?parent=1090"}],"wp:term":[{"taxonomy":"category","embeddable":true,"href":"https:\/\/lavoiedessansvoix.fr\/lavoie\/wp-json\/wp\/v2\/categories?post=1090"},{"taxonomy":"post_tag","embeddable":true,"href":"https:\/\/lavoiedessansvoix.fr\/lavoie\/wp-json\/wp\/v2\/tags?post=1090"}],"curies":[{"name":"wp","href":"https:\/\/api.w.org\/{rel}","templated":true}]}}