{"id":1084,"date":"2015-09-08T02:59:00","date_gmt":"2015-09-08T00:59:00","guid":{"rendered":"https:\/\/lavoiedessansvoix.fr\/lavoie\/2015\/09\/08\/archive-hollande-les-lourds-sabots-de-l-imperialisme\/"},"modified":"2026-04-26T22:10:38","modified_gmt":"2026-04-26T20:10:38","slug":"archive-hollande-les-lourds-sabots-de-l-imperialisme","status":"publish","type":"post","link":"https:\/\/lavoiedessansvoix.fr\/lavoie\/2015\/09\/08\/archive-hollande-les-lourds-sabots-de-l-imperialisme\/","title":{"rendered":"HOLLANDE : LES LOURDS SABOTS DE L\u2019IMPERIALISME"},"content":{"rendered":"<p>HOLLANDE : LES LOURDS SABOTS DE L\u2019IMP\u00c9RIALISME.   Nous avons voulu hier devancer la conf\u00e9rence de presse du chef de l\u2019\u00c9tat pour pronostiquer ce qu\u2019en serai le contenu en ce qui concerne la Syrie. Nous \u00e9crivions en conclusion de notre article \u2018les revoil\u00e0 avec leurs gros sabots \u00bb :  \u00ab\u00a0Voil\u00e0 le fond de la question. Voil\u00e0 les vrais motifs qui font \u00e0 ces crocodiles verser des larmes sur le drame du petit Aylan. Ces grands humanistes ne pensent en v\u00e9rit\u00e9 qu\u2019\u00e0 porter la guerre et le chaos qui frappent le Moyen-Orient, encore plus loin, encore plus fort, dussent-ils faire pour cela encore plus de victimes plus de destructions, engendrer un flot migratoire plus grand encore avec ses drames et ses horreurs in\u00e9vitables.Et nous en prenons gage, la prochaine, imminente, intervention de Fran\u00e7ois Hollande confirmera cette terrible analyse. \u00bb  Vous avez pu constater, amis lecteurs, combien ce pronostic \u00e9tait pertinent.  Fran\u00e7ois Hollande en effet a annonc\u00e9 \u00ab d\u00e8s demain \u00bb c\u2019est-\u00e0-dire aujourd\u2019hui, des vols de reconnaissance de \u00ab LA SYRIE \u00bb. La Syrie, et non pas les seules zones contr\u00f4l\u00e9es par l\u2019EI (Daech). Des survols donc du territoire syrien, en violation des conventions internationales et de la souverainet\u00e9 de l\u2019\u00c9tat Syrien. La traque de Daech est clairement un pr\u00e9texte \u00e0 faire un pas suppl\u00e9mentaire dans le sens d\u2019une intervention militaire directe contre le r\u00e9gime l\u00e9gal syrien.  Ceux qui soulignent que le chef de l\u2019\u00c9tat fran\u00e7ais, ne va pas aussi loin que le voudrais certains en engageant des troupes au sol, ni m\u00eame aussi loin que les annonces de \u00ab frappes \u00bb qui avaient \u00e9t\u00e9 faites, sont ceux qui s\u2019efforcent de dissimuler la r\u00e9alit\u00e9. Hier la France \u00e9tait contre le survol de l\u2019espace a\u00e9rien de la Syrie, aujourd\u2019hui elle est pour. Aujourd\u2019hui elle n\u2019envisage pas encore de frappes en Syrie, pourquoi ne le ferait-elle pas demain ? Au pr\u00e9sent elle refuse d\u2019engager des troupes au sol, pourquoi voudriez-vous que ce pr\u00e9sent l\u2019engage pour un avenir proche ? Ce qui est important c\u2019est de d\u00e9crypter la ligne de fond, le fil conducteur qui guide l\u2019action de l\u2019\u00c9lys\u00e9e.  Or Fran\u00e7ois hollande en a livr\u00e9 le secret, qui n\u2019est en v\u00e9rit\u00e9 et depuis fort longtemps qu\u2019un secret de polichinelle : \u00ab Le chef de l\u2019\u00c9tat a rappel\u00e9 que le d\u00e9part du pouvoir de Bachar Al-Assad restait la seule solution \u00e0 terme pour l\u2019avenir de la Syrie, appelant \u00e0 la constitution d\u2019un \u00ab gouvernement d\u2019union nationale, sans les terroristes \u00bb.(Le Monde)  Vous serez \u00e9difi\u00e9 en apprenant ainsi que \u00ab la solution \u00bb, selon Fran\u00e7ois Hollande, ce n\u2019est pas l\u2019\u00e9radication de \u00ab Daech \u00bb, mais bien celle du pouvoir l\u00e9gal Syrien, de Bachar El Assad, c\u2019est-\u00e0-dire du r\u00e9gime du Parti BAAS. Si donc la solution c\u2019est de chasser Bachar El Assad du pouvoir, cela situe bien le sens qu\u2019il convient de donner \u00e0 la d\u00e9cision r\u00e9cente de survol du territoire syrien.  Celle pr\u00e9cis\u00e9ment que nous avions annonc\u00e9 quelques heures avant qu\u2019elle ne soit officiellement connue.  Patrick Seignon. \u00ab lavoiedessansvoix.fr \u00bb. Mardi 8 septembre 2015.<\/p>\n","protected":false},"excerpt":{"rendered":"<p>HOLLANDE : LES LOURDS SABOTS DE L\u2019IMP\u00c9RIALISME. Nous avons voulu hier devancer la conf\u00e9rence de presse du chef de l\u2019\u00c9tat [&hellip;]<\/p>\n","protected":false},"author":1,"featured_media":4789,"comment_status":"open","ping_status":"open","sticky":false,"template":"","format":"standard","meta":{"sfsi_plus_gutenberg_text_before_share":"","sfsi_plus_gutenberg_show_text_before_share":"","sfsi_plus_gutenberg_icon_type":"","sfsi_plus_gutenberg_icon_alignemt":"","sfsi_plus_gutenburg_max_per_row":"","site-sidebar-layout":"default","site-content-layout":"","ast-site-content-layout":"default","site-content-style":"default","site-sidebar-style":"default","ast-global-header-display":"","ast-banner-title-visibility":"","ast-main-header-display":"","ast-hfb-above-header-display":"","ast-hfb-below-header-display":"","ast-hfb-mobile-header-display":"","site-post-title":"","ast-breadcrumbs-content":"","ast-featured-img":"","footer-sml-layout":"","ast-disable-related-posts":"","theme-transparent-header-meta":"","adv-header-id-meta":"","stick-header-meta":"","header-above-stick-meta":"","header-main-stick-meta":"","header-below-stick-meta":"","astra-migrate-meta-layouts":"default","ast-page-background-enabled":"default","ast-page-background-meta":{"desktop":{"background-color":"var(--ast-global-color-4)","background-image":"","background-repeat":"repeat","background-position":"center center","background-size":"auto","background-attachment":"scroll","background-type":"","background-media":"","overlay-type":"","overlay-color":"","overlay-opacity":"","overlay-gradient":""},"tablet":{"background-color":"","background-image":"","background-repeat":"repeat","background-position":"center center","background-size":"auto","background-attachment":"scroll","background-type":"","background-media":"","overlay-type":"","overlay-color":"","overlay-opacity":"","overlay-gradient":""},"mobile":{"background-color":"","background-image":"","background-repeat":"repeat","background-position":"center center","background-size":"auto","background-attachment":"scroll","background-type":"","background-media":"","overlay-type":"","overlay-color":"","overlay-opacity":"","overlay-gradient":""}},"ast-content-background-meta":{"desktop":{"background-color":"var(--ast-global-color-5)","background-image":"","background-repeat":"repeat","background-position":"center center","background-size":"auto","background-attachment":"scroll","background-type":"","background-media":"","overlay-type":"","overlay-color":"","overlay-opacity":"","overlay-gradient":""},"tablet":{"background-color":"var(--ast-global-color-5)","background-image":"","background-repeat":"repeat","background-position":"center center","background-size":"auto","background-attachment":"scroll","background-type":"","background-media":"","overlay-type":"","overlay-color":"","overlay-opacity":"","overlay-gradient":""},"mobile":{"background-color":"var(--ast-global-color-5)","background-image":"","background-repeat":"repeat","background-position":"center center","background-size":"auto","background-attachment":"scroll","background-type":"","background-media":"","overlay-type":"","overlay-color":"","overlay-opacity":"","overlay-gradient":""}},"footnotes":""},"categories":[16],"tags":[],"class_list":["post-1084","post","type-post","status-publish","format-standard","has-post-thumbnail","hentry","category-archives-cms"],"_links":{"self":[{"href":"https:\/\/lavoiedessansvoix.fr\/lavoie\/wp-json\/wp\/v2\/posts\/1084","targetHints":{"allow":["GET"]}}],"collection":[{"href":"https:\/\/lavoiedessansvoix.fr\/lavoie\/wp-json\/wp\/v2\/posts"}],"about":[{"href":"https:\/\/lavoiedessansvoix.fr\/lavoie\/wp-json\/wp\/v2\/types\/post"}],"author":[{"embeddable":true,"href":"https:\/\/lavoiedessansvoix.fr\/lavoie\/wp-json\/wp\/v2\/users\/1"}],"replies":[{"embeddable":true,"href":"https:\/\/lavoiedessansvoix.fr\/lavoie\/wp-json\/wp\/v2\/comments?post=1084"}],"version-history":[{"count":1,"href":"https:\/\/lavoiedessansvoix.fr\/lavoie\/wp-json\/wp\/v2\/posts\/1084\/revisions"}],"predecessor-version":[{"id":4790,"href":"https:\/\/lavoiedessansvoix.fr\/lavoie\/wp-json\/wp\/v2\/posts\/1084\/revisions\/4790"}],"wp:featuredmedia":[{"embeddable":true,"href":"https:\/\/lavoiedessansvoix.fr\/lavoie\/wp-json\/wp\/v2\/media\/4789"}],"wp:attachment":[{"href":"https:\/\/lavoiedessansvoix.fr\/lavoie\/wp-json\/wp\/v2\/media?parent=1084"}],"wp:term":[{"taxonomy":"category","embeddable":true,"href":"https:\/\/lavoiedessansvoix.fr\/lavoie\/wp-json\/wp\/v2\/categories?post=1084"},{"taxonomy":"post_tag","embeddable":true,"href":"https:\/\/lavoiedessansvoix.fr\/lavoie\/wp-json\/wp\/v2\/tags?post=1084"}],"curies":[{"name":"wp","href":"https:\/\/api.w.org\/{rel}","templated":true}]}}