{"id":1083,"date":"2015-09-08T17:09:00","date_gmt":"2015-09-08T15:09:00","guid":{"rendered":"https:\/\/lavoiedessansvoix.fr\/lavoie\/2015\/09\/08\/archive-hollande-et-le-mensonge-des-35-heures\/"},"modified":"2026-04-26T22:10:26","modified_gmt":"2026-04-26T20:10:26","slug":"archive-hollande-et-le-mensonge-des-35-heures","status":"publish","type":"post","link":"https:\/\/lavoiedessansvoix.fr\/lavoie\/2015\/09\/08\/archive-hollande-et-le-mensonge-des-35-heures\/","title":{"rendered":"HOLLANDE ET LE MENSONGE DES 35 HEURES."},"content":{"rendered":"<p>HOLLANDE ET LE MENSONGE DES 35 HEURES   \u00ab Il n\u2019y aura pas de modification de la dur\u00e9e l\u00e9gale du travail, c\u2019est la dur\u00e9e l\u00e9gale. Maintenant que les entreprises n\u00e9gocient les modalit\u00e9s d\u2019application\u2026. \u00bb.(Conf\u00e9rence de presse de Fran\u00e7ois Hollande). Nous avions d\u00e9j\u00e0 moqu\u00e9 cette crispation de fa\u00e7ade sur la loi des 35 heures, dite loi Aubry, dans notre article du 28 ao\u00fbt o\u00f9 nous \u00e9pinglions les deux tartuffes \u00ab Manouel banderillas et Manouel la Muleta. \u00bb. Le premier dit paraphrasant Sarkozy qu\u2019il faut travailler plus pour gagner plus. et le second ajoute d\u2019accord mais il ne faut pas toucher \u00e0 la loi des 35 heures.  La l\u00e9galit\u00e9 c\u2019est les 35 heures, mais en v\u00e9rit\u00e9 tout est fait pour la rendre caduque, lettre morte, la r\u00e9duire au statut de \u00ab loi cadre vide. \u00bb La preuve ? La loi, la dur\u00e9e l\u00e9gale du travail comme le souligne Fran\u00e7ois Hollande, c\u2019est 35 heures. Les fran\u00e7ais travaillent d\u00e9j\u00e0 39,2 heures en moyenne, statistiques officielle. Donc hors l\u00e9galit\u00e9. La loi des 35 heures n\u2019emp\u00eache pas de travailler plus de 39, pourquoi emp\u00eacherait-elle de travailler 42 ou m\u00eame 45 heurs\u2026. Qu\u2019est-ce que c\u2019est donc que cette l\u00e9galit\u00e9 qu\u2019une majorit\u00e9 transgresse sans que \u00ab la loi s\u00e9visse \u00bb ? C\u2019est une illusion, c\u2019est un vernis, c\u2019est un mensonge !   Patrick Seignon. \u00ab lavoiedessansvoix.fr \u00bb. Mardi 8 septembre 2015.<\/p>\n","protected":false},"excerpt":{"rendered":"<p>HOLLANDE ET LE MENSONGE DES 35 HEURES \u00ab Il n\u2019y aura pas de modification de la dur\u00e9e l\u00e9gale du travail, [&hellip;]<\/p>\n","protected":false},"author":1,"featured_media":4787,"comment_status":"open","ping_status":"open","sticky":false,"template":"","format":"standard","meta":{"sfsi_plus_gutenberg_text_before_share":"","sfsi_plus_gutenberg_show_text_before_share":"","sfsi_plus_gutenberg_icon_type":"","sfsi_plus_gutenberg_icon_alignemt":"","sfsi_plus_gutenburg_max_per_row":"","site-sidebar-layout":"default","site-content-layout":"","ast-site-content-layout":"default","site-content-style":"default","site-sidebar-style":"default","ast-global-header-display":"","ast-banner-title-visibility":"","ast-main-header-display":"","ast-hfb-above-header-display":"","ast-hfb-below-header-display":"","ast-hfb-mobile-header-display":"","site-post-title":"","ast-breadcrumbs-content":"","ast-featured-img":"","footer-sml-layout":"","ast-disable-related-posts":"","theme-transparent-header-meta":"","adv-header-id-meta":"","stick-header-meta":"","header-above-stick-meta":"","header-main-stick-meta":"","header-below-stick-meta":"","astra-migrate-meta-layouts":"default","ast-page-background-enabled":"default","ast-page-background-meta":{"desktop":{"background-color":"var(--ast-global-color-4)","background-image":"","background-repeat":"repeat","background-position":"center center","background-size":"auto","background-attachment":"scroll","background-type":"","background-media":"","overlay-type":"","overlay-color":"","overlay-opacity":"","overlay-gradient":""},"tablet":{"background-color":"","background-image":"","background-repeat":"repeat","background-position":"center center","background-size":"auto","background-attachment":"scroll","background-type":"","background-media":"","overlay-type":"","overlay-color":"","overlay-opacity":"","overlay-gradient":""},"mobile":{"background-color":"","background-image":"","background-repeat":"repeat","background-position":"center center","background-size":"auto","background-attachment":"scroll","background-type":"","background-media":"","overlay-type":"","overlay-color":"","overlay-opacity":"","overlay-gradient":""}},"ast-content-background-meta":{"desktop":{"background-color":"var(--ast-global-color-5)","background-image":"","background-repeat":"repeat","background-position":"center center","background-size":"auto","background-attachment":"scroll","background-type":"","background-media":"","overlay-type":"","overlay-color":"","overlay-opacity":"","overlay-gradient":""},"tablet":{"background-color":"var(--ast-global-color-5)","background-image":"","background-repeat":"repeat","background-position":"center center","background-size":"auto","background-attachment":"scroll","background-type":"","background-media":"","overlay-type":"","overlay-color":"","overlay-opacity":"","overlay-gradient":""},"mobile":{"background-color":"var(--ast-global-color-5)","background-image":"","background-repeat":"repeat","background-position":"center center","background-size":"auto","background-attachment":"scroll","background-type":"","background-media":"","overlay-type":"","overlay-color":"","overlay-opacity":"","overlay-gradient":""}},"footnotes":""},"categories":[16],"tags":[],"class_list":["post-1083","post","type-post","status-publish","format-standard","has-post-thumbnail","hentry","category-archives-cms"],"_links":{"self":[{"href":"https:\/\/lavoiedessansvoix.fr\/lavoie\/wp-json\/wp\/v2\/posts\/1083","targetHints":{"allow":["GET"]}}],"collection":[{"href":"https:\/\/lavoiedessansvoix.fr\/lavoie\/wp-json\/wp\/v2\/posts"}],"about":[{"href":"https:\/\/lavoiedessansvoix.fr\/lavoie\/wp-json\/wp\/v2\/types\/post"}],"author":[{"embeddable":true,"href":"https:\/\/lavoiedessansvoix.fr\/lavoie\/wp-json\/wp\/v2\/users\/1"}],"replies":[{"embeddable":true,"href":"https:\/\/lavoiedessansvoix.fr\/lavoie\/wp-json\/wp\/v2\/comments?post=1083"}],"version-history":[{"count":1,"href":"https:\/\/lavoiedessansvoix.fr\/lavoie\/wp-json\/wp\/v2\/posts\/1083\/revisions"}],"predecessor-version":[{"id":4788,"href":"https:\/\/lavoiedessansvoix.fr\/lavoie\/wp-json\/wp\/v2\/posts\/1083\/revisions\/4788"}],"wp:featuredmedia":[{"embeddable":true,"href":"https:\/\/lavoiedessansvoix.fr\/lavoie\/wp-json\/wp\/v2\/media\/4787"}],"wp:attachment":[{"href":"https:\/\/lavoiedessansvoix.fr\/lavoie\/wp-json\/wp\/v2\/media?parent=1083"}],"wp:term":[{"taxonomy":"category","embeddable":true,"href":"https:\/\/lavoiedessansvoix.fr\/lavoie\/wp-json\/wp\/v2\/categories?post=1083"},{"taxonomy":"post_tag","embeddable":true,"href":"https:\/\/lavoiedessansvoix.fr\/lavoie\/wp-json\/wp\/v2\/tags?post=1083"}],"curies":[{"name":"wp","href":"https:\/\/api.w.org\/{rel}","templated":true}]}}